{"id":74288,"date":"2020-01-27T07:53:57","date_gmt":"2020-01-27T12:53:57","guid":{"rendered":"https:\/\/linitiative.ca\/International\/magistrature-le-14e-congres-de-lamt-vers-la-mi-mars\/"},"modified":"2020-01-27T07:53:57","modified_gmt":"2020-01-27T12:53:57","slug":"magistrature-le-14e-congres-de-lamt-vers-la-mi-mars","status":"publish","type":"post","link":"https:\/\/linitiative.ca\/International\/magistrature-le-14e-congres-de-lamt-vers-la-mi-mars\/","title":{"rendered":"Magistrature : Le 14e congr\u00e8s de l\u2019AMT vers la mi-mars"},"content":{"rendered":"<p>Le pr\u00e9sident de l\u2019Association des magistrats tunisiens, Anas Hma\u00efdi, a indiqu\u00e9 que le conseil national de l\u2019AMT, organis\u00e9 dimanche \u00e0 Hammamet, examinera plusieurs questions, dont notamment celles relatives \u00e0 l\u2019organisation du prochain congr\u00e8s.<\/p>\n<p>Le 14e congr\u00e8s de l\u2019AMT devrait se d\u00e9rouler vers la mi-mars, a-t-il d\u00e9clar\u00e9 \u00e0 l\u2019agence TAP, en marge des travaux du conseil national de l\u2019Association des magistrats.<\/p>\n<p>Il a ajout\u00e9 que la r\u00e9union de Hammamet sera, \u00e9galement, consacr\u00e9e aux pr\u00e9paratifs du prochain congr\u00e8s et \u00e0 ses motions, surtout apr\u00e8s les amendements apport\u00e9s au r\u00e8glement int\u00e9rieur de l\u2019AMT, dont la prorogation du mandat de deux \u00e0 trois ann\u00e9es et la r\u00e9vision des modalit\u00e9s et crit\u00e8res de candidatures).<\/p>\n<p>Il a fait remarquer que le mouvement annuel des magistrats du P\u00f4le judicaire de lutte antiterroriste et du P\u00f4le \u00e9conomique et financier sera aussi examin\u00e9 lors de la r\u00e9union du conseil national de l\u2019AMT.<\/p>\n<p>Il a, dans ce sens, relev\u00e9 que l\u2019Association \u00e9met des r\u00e9serves sur quelques noms qui ont \u00e9t\u00e9 de nouveau d\u00e9sign\u00e9s, en particulier au P\u00f4le \u00e9conomique et financier par le biais de notes internes et sans recours au principe de la transparence.Le pr\u00e9sident de l\u2019AMT a, en outre, relev\u00e9 que le conseil national examinera la question de l\u2019application du nouveau statut de la Cour des comptes.<\/p>\n<p class=\"dpsp-share-text\">Partager c&rsquo;est aimer!<\/p>\n<div class=\"wp-post-author-wrap wp-post-author-shortcode left\">\n<h3 class=\"awpa-title\"\/>\n<div class=\"wp-post-author\">\n<div class=\"awpa-img awpa-author-block square\"><a href=\"http:\/\/lexpertjournal.net\/fr\/author\/expert\/\"><img loading=\"lazy\" decoding=\"async\" alt=\"\" src=\"http:\/\/0.gravatar.com\/avatar\/c828f0b17d24309f0d01a4eac3747085?s=150&#038;d=mm&#038;r=g\" srcset=\"http:\/\/0.gravatar.com\/avatar\/c828f0b17d24309f0d01a4eac3747085?s=300&#038;d=mm&#038;r=g 2x\" class=\"avatar avatar-150 photo\" height=\"150\" width=\"150\"\/><\/a><\/div>\n<\/div>\n<\/div>\n<p>Auteur: L&rsquo;expert<br \/>\n<a href=\"http:\/\/lexpertjournal.net\/fr\/2020\/01\/27\/magistrature-le-14e-congres-de-lamt-vers-la-mi-mars\/\">Cliquez ici pour lire l&rsquo;article depuis sa source.<\/a><\/p>\n","protected":false},"excerpt":{"rendered":"<p>Le pr\u00e9sident de l\u2019Association des magistrats tunisiens, Anas Hma\u00efdi, a indiqu\u00e9 que le conseil national de l\u2019AMT, organis\u00e9 dimanche \u00e0 Hammamet, examinera plusieurs questions, dont notamment celles relatives \u00e0 l\u2019organisation du prochain congr\u00e8s. Le 14e congr\u00e8s de l\u2019AMT devrait se d\u00e9rouler vers la mi-mars, a-t-il d\u00e9clar\u00e9 \u00e0 l\u2019agence TAP, en marge des travaux du conseil [&hellip;]<\/p>\n","protected":false},"author":1775,"featured_media":0,"comment_status":"closed","ping_status":"closed","sticky":false,"template":"","format":"standard","meta":{"fifu_image_url":"","fifu_image_alt":"","footnotes":""},"categories":[78,55],"tags":[],"class_list":["post-74288","post","type-post","status-publish","format-standard","hentry","category-economie","category-tunisie"],"_links":{"self":[{"href":"https:\/\/linitiative.ca\/International\/wp-json\/wp\/v2\/posts\/74288","targetHints":{"allow":["GET"]}}],"collection":[{"href":"https:\/\/linitiative.ca\/International\/wp-json\/wp\/v2\/posts"}],"about":[{"href":"https:\/\/linitiative.ca\/International\/wp-json\/wp\/v2\/types\/post"}],"author":[{"embeddable":true,"href":"https:\/\/linitiative.ca\/International\/wp-json\/wp\/v2\/users\/1775"}],"replies":[{"embeddable":true,"href":"https:\/\/linitiative.ca\/International\/wp-json\/wp\/v2\/comments?post=74288"}],"version-history":[{"count":0,"href":"https:\/\/linitiative.ca\/International\/wp-json\/wp\/v2\/posts\/74288\/revisions"}],"wp:attachment":[{"href":"https:\/\/linitiative.ca\/International\/wp-json\/wp\/v2\/media?parent=74288"}],"wp:term":[{"taxonomy":"category","embeddable":true,"href":"https:\/\/linitiative.ca\/International\/wp-json\/wp\/v2\/categories?post=74288"},{"taxonomy":"post_tag","embeddable":true,"href":"https:\/\/linitiative.ca\/International\/wp-json\/wp\/v2\/tags?post=74288"}],"curies":[{"name":"wp","href":"https:\/\/api.w.org\/{rel}","templated":true}]}}