{"id":74293,"date":"2020-01-27T05:00:00","date_gmt":"2020-01-27T10:00:00","guid":{"rendered":"https:\/\/linitiative.ca\/International\/bejaia-appel-a-un-rassemblement-aujourdhui-au-campus-daboudaou\/"},"modified":"2020-01-27T05:00:00","modified_gmt":"2020-01-27T10:00:00","slug":"bejaia-appel-a-un-rassemblement-aujourdhui-au-campus-daboudaou","status":"publish","type":"post","link":"https:\/\/linitiative.ca\/International\/bejaia-appel-a-un-rassemblement-aujourdhui-au-campus-daboudaou\/","title":{"rendered":"B\u00e9ja\u00efa : appel \u00e0 un rassemblement aujourd\u2019hui au campus d\u2019Aboudaou"},"content":{"rendered":"<div id=\"originalText\" readability=\"66\">\n<p>Le collectif des enseignants et travailleurs ATS de l\u2019universit\u00e9\u00a0 Abderrahmane-Mira de B\u00e9ja\u00efa, n\u00e9 au lendemain du d\u00e9clenchement de la r\u00e9volution pacifique du\u00a0 22\u00a0 f\u00e9vrier, organisera,\u00a0 aujourd\u2019hui,\u00a0 un\u00a0 rassemblement\u00a0 de\u00a0 protestation devant la biblioth\u00e8que centrale sise au campus d\u2019Aboudaou.<\/p>\n<p class=\"c6\">Les\u00a0 mots\u00a0 d\u2019ordre\u00a0 de\u00a0 cette action :\u00a0 \u201cExiger\u00a0 la\u00a0 lib\u00e9ration\u00a0 imm\u00e9diate\u00a0 et inconditionnelle de tous les d\u00e9tenus politiques et d\u2019opinion, ainsi que l\u2019arr\u00eat de toutes les poursuites judiciaires \u00e0 leur encontre.\u201d \u00c0 ce titre, les initiateurs de ce rassemblement appellent l\u2019ensemble des membres de la communaut\u00e9 universitaire de B\u00e9ja\u00efa \u00e0 se mobiliser massivement, afin d\u2019engager un large d\u00e9bat sur les perspectives politiques du mouvement populaire apr\u00e8s \u201cle coup de force \u00e9lectoral\u201d du 12 d\u00e9cembre dernier.\u00a0<\/p>\n<p>Dans leur appel diffus\u00e9 sur les r\u00e9seaux sociaux, les animateurs de ce collectif affirment vouloir\u00a0 \u00a0mettre\u00a0 \u00e0\u00a0 profit cette\u00a0 occasion\u00a0 pour\u00a0 faire\u00a0 le\u00a0 point\u00a0 sur\u00a0 les actions\u00a0 men\u00e9es\u00a0 sur le terrain depuis le\u00a0 d\u00e9but\u00a0 du \u201chirak\u201d\u00a0 et\u00a0 \u00e9valuer l\u2019apport de la communaut\u00e9 universitaire de B\u00e9ja\u00efa\u00a0dans\u00a0 le\u00a0 mouvement\u00a0 que\u00a0 m\u00e8ne\u00a0 le peuple alg\u00e9rien depuis pr\u00e8s d\u2019une ann\u00e9e.<\/p>\n<p class=\"c6\">Il faut rappeler qu\u2019en plus de\u00a0 sa marche\u00a0 hebdomadaire,\u00a0 organis\u00e9e\u00a0 chaque mardi, la communaut\u00e9 universitaire de B\u00e9ja\u00efa joue le r\u00f4le de catalyseur\u00a0 dans la sensibilisation\u00a0 et\u00a0 la\u00a0 mobilisation\u00a0 des autres c ouches\u00a0 de\u00a0 la\u00a0 soci\u00e9t\u00e9.\u00a0 En t\u00e9moigne\u00a0 le\u00a0 nombre\u00a0 important\u00a0 de\u00a0 conf\u00e9rences\u00a0 et\u00a0 de\u00a0 rencontres-d\u00e9bats organis\u00e9es dans l\u2019enceinte de l\u2019universit\u00e9 depuis la naissance du mouvement populaire.\u00a0<\/p>\n<p>En\u00a0 effet,\u00a0 les\u00a0 deux\u00a0 campus universitaires et les diff\u00e9rentes r\u00e9sidences des \u00e9tudiants\u00a0 sont\u00a0 devenus\u00a0 \u00a0des\u00a0 \u00a0espaces\u00a0 de\u00a0 d\u00e9bats\u00a0 \u00a0par\u00a0 \u00a0excellence,\u00a0 o\u00f9 d\u2019innombrables personnalit\u00e9s politiques et autres activistes ont d\u00e9fil\u00e9 durant les dix derniers mois.\u00a0<br \/>\u00a0<\/p>\n<p class=\"c7\"><strong>Kamal Ouhnia<\/strong><\/p>\n<\/div>\n<div id=\"text_core\" readability=\"66\">\n<p>Le collectif des enseignants et travailleurs ATS de l\u2019universit\u00e9\u00a0 Abderrahmane-Mira de B\u00e9ja\u00efa, n\u00e9 au lendemain du d\u00e9clenchement de la r\u00e9volution pacifique du\u00a0 22\u00a0 f\u00e9vrier, organisera,\u00a0 aujourd\u2019hui,\u00a0 un\u00a0 rassemblement\u00a0 de\u00a0 protestation devant la biblioth\u00e8que centrale sise au campus d\u2019Aboudaou.<\/p>\n<p class=\"c6\">Les\u00a0 mots\u00a0 d\u2019ordre\u00a0 de\u00a0 cette action :\u00a0 \u201cExiger\u00a0 la\u00a0 lib\u00e9ration\u00a0 imm\u00e9diate\u00a0 et inconditionnelle de tous les d\u00e9tenus politiques et d\u2019opinion, ainsi que l\u2019arr\u00eat de toutes les poursuites judiciaires \u00e0 leur encontre.\u201d \u00c0 ce titre, les initiateurs de ce rassemblement appellent l\u2019ensemble des membres de la communaut\u00e9 universitaire de B\u00e9ja\u00efa \u00e0 se mobiliser massivement, afin d\u2019engager un large d\u00e9bat sur les perspectives politiques du mouvement populaire apr\u00e8s \u201cle coup de force \u00e9lectoral\u201d du 12 d\u00e9cembre dernier.\u00a0<\/p>\n<p>Dans leur appel diffus\u00e9 sur les r\u00e9seaux sociaux, les animateurs de ce collectif affirment vouloir\u00a0 \u00a0mettre\u00a0 \u00e0\u00a0 profit cette\u00a0 occasion\u00a0 pour\u00a0 faire\u00a0 le\u00a0 point\u00a0 sur\u00a0 les actions\u00a0 men\u00e9es\u00a0 sur le terrain depuis le\u00a0 d\u00e9but\u00a0 du \u201chirak\u201d\u00a0 et\u00a0 \u00e9valuer l\u2019apport de la communaut\u00e9 universitaire de B\u00e9ja\u00efa\u00a0dans\u00a0 le\u00a0 mouvement\u00a0 que\u00a0 m\u00e8ne\u00a0 le peuple alg\u00e9rien depuis pr\u00e8s d\u2019une ann\u00e9e.<\/p>\n<p class=\"c6\">Il faut rappeler qu\u2019en plus de\u00a0 sa marche\u00a0 hebdomadaire,\u00a0 organis\u00e9e\u00a0 chaque mardi, la communaut\u00e9 universitaire de B\u00e9ja\u00efa joue le r\u00f4le de catalyseur\u00a0 dans la sensibilisation\u00a0 et\u00a0 la\u00a0 mobilisation\u00a0 des autres c ouches\u00a0 de\u00a0 la\u00a0 soci\u00e9t\u00e9.\u00a0 En t\u00e9moigne\u00a0 le\u00a0 nombre\u00a0 important\u00a0 de\u00a0 conf\u00e9rences\u00a0 et\u00a0 de\u00a0 rencontres-d\u00e9bats organis\u00e9es dans l\u2019enceinte de l\u2019universit\u00e9 depuis la naissance du mouvement populaire.\u00a0<\/p>\n<p>En\u00a0 effet,\u00a0 les\u00a0 deux\u00a0 campus universitaires et les diff\u00e9rentes r\u00e9sidences des \u00e9tudiants\u00a0 sont\u00a0 devenus\u00a0 \u00a0des\u00a0 \u00a0espaces\u00a0 de\u00a0 d\u00e9bats\u00a0 \u00a0par\u00a0 \u00a0excellence,\u00a0 o\u00f9 d\u2019innombrables personnalit\u00e9s politiques et autres activistes ont d\u00e9fil\u00e9 durant les dix derniers mois.\u00a0<br \/>\u00a0<\/p>\n<p class=\"c7\"><strong>Kamal Ouhnia<\/strong><\/p>\n<\/div>\n<p>Auteur:<br \/>\n<a href=\"https:\/\/www.liberte-algerie.com\/actualite\/bejaia-appel-a-un-rassemblement-aujourdhui-au-campus-daboudaou-332686\">Cliquez ici pour lire l&rsquo;article depuis sa source.<\/a><\/p>\n","protected":false},"excerpt":{"rendered":"<p>Le collectif des enseignants et travailleurs ATS de l\u2019universit\u00e9\u00a0 Abderrahmane-Mira de B\u00e9ja\u00efa, n\u00e9 au lendemain du d\u00e9clenchement de la r\u00e9volution pacifique du\u00a0 22\u00a0 f\u00e9vrier, organisera,\u00a0 aujourd\u2019hui,\u00a0 un\u00a0 rassemblement\u00a0 de\u00a0 protestation devant la biblioth\u00e8que centrale sise au campus d\u2019Aboudaou. Les\u00a0 mots\u00a0 d\u2019ordre\u00a0 de\u00a0 cette action :\u00a0 \u201cExiger\u00a0 la\u00a0 lib\u00e9ration\u00a0 imm\u00e9diate\u00a0 et inconditionnelle de tous les d\u00e9tenus [&hellip;]<\/p>\n","protected":false},"author":1742,"featured_media":0,"comment_status":"closed","ping_status":"closed","sticky":false,"template":"","format":"standard","meta":{"fifu_image_url":"","fifu_image_alt":"","footnotes":""},"categories":[73,53],"tags":[],"class_list":["post-74293","post","type-post","status-publish","format-standard","hentry","category-actualite","category-algerie"],"_links":{"self":[{"href":"https:\/\/linitiative.ca\/International\/wp-json\/wp\/v2\/posts\/74293","targetHints":{"allow":["GET"]}}],"collection":[{"href":"https:\/\/linitiative.ca\/International\/wp-json\/wp\/v2\/posts"}],"about":[{"href":"https:\/\/linitiative.ca\/International\/wp-json\/wp\/v2\/types\/post"}],"author":[{"embeddable":true,"href":"https:\/\/linitiative.ca\/International\/wp-json\/wp\/v2\/users\/1742"}],"replies":[{"embeddable":true,"href":"https:\/\/linitiative.ca\/International\/wp-json\/wp\/v2\/comments?post=74293"}],"version-history":[{"count":0,"href":"https:\/\/linitiative.ca\/International\/wp-json\/wp\/v2\/posts\/74293\/revisions"}],"wp:attachment":[{"href":"https:\/\/linitiative.ca\/International\/wp-json\/wp\/v2\/media?parent=74293"}],"wp:term":[{"taxonomy":"category","embeddable":true,"href":"https:\/\/linitiative.ca\/International\/wp-json\/wp\/v2\/categories?post=74293"},{"taxonomy":"post_tag","embeddable":true,"href":"https:\/\/linitiative.ca\/International\/wp-json\/wp\/v2\/tags?post=74293"}],"curies":[{"name":"wp","href":"https:\/\/api.w.org\/{rel}","templated":true}]}}