{"id":74294,"date":"2020-01-27T05:00:00","date_gmt":"2020-01-27T10:00:00","guid":{"rendered":"https:\/\/linitiative.ca\/International\/lalimentation-en-eau-potable-perturbee-dans-12-communes\/"},"modified":"2020-01-27T05:00:00","modified_gmt":"2020-01-27T10:00:00","slug":"lalimentation-en-eau-potable-perturbee-dans-12-communes","status":"publish","type":"post","link":"https:\/\/linitiative.ca\/International\/lalimentation-en-eau-potable-perturbee-dans-12-communes\/","title":{"rendered":"L\u2019alimentation en eau potable perturb\u00e9e dans 12 communes"},"content":{"rendered":"<div id=\"originalText\" readability=\"71\">\n<p class=\"c6\">Douze communes de la wilaya d\u2019Oran sont touch\u00e9es par une perturbation de l\u2019alimentation\u00a0 en\u00a0 eau\u00a0 potable\u00a0 (AEP)\u00a0 apr\u00e8s\u00a0 une\u00a0 panne\u00a0 survenue,\u00a0 hier, au niveau de la conduite du syst\u00e8me \u201cMAO\u201d, a indiqu\u00e9 la Soci\u00e9t\u00e9 de l\u2019eau\u00a0 et\u00a0 de l\u2019assainissement d\u2019Oran (Seor) dans un communiqu\u00e9.<\/p>\n<p class=\"c6\">\u201cIl\u00a0 s\u2019agit\u00a0 d\u2019une\u00a0 grande\u00a0 panne qui touche\u00a0 la\u00a0 conduite\u00a0 du MAO\u00a0 qui\u00a0 assure l&rsquo;acheminement de l\u2019eau de la grande station d\u2019eau de mer\u00a0d\u2019El-Macta\u00e2, pour approvisionner la partie Est de\u00a0 la wilaya d\u2019Oran\u201d,\u00a0 a\u00a0 soulign\u00e9\u00a0 la charg\u00e9e\u00a0 de communication de la Seor, Amel Belghor, ajoutant qu\u2019il n\u2019est\u00a0 pas\u00a0 possible\u00a0 de se prononcer sur le d\u00e9lai n\u00e9cessaire au r\u00e9tablissement du fonctionnement du r\u00e9seau concern\u00e9 par cette panne avant de diagnostiquer l\u2019avarie avec exactitude.<\/p>\n<p>Les\u00a0 perturbations\u00a0 touchent\u00a0 12\u00a0 communes,\u00a0 \u00e0 savoir Sidi Benyebka, Gdyel, Hassi\u00a0 Mafsoukh,\u00a0 Hassi Benfriha, Bir El-Djir, Hassi Bounif, Hassi Benokba, A\u00efn El-Bia, Mersa El-Hadjadj, Sidi Chahmi, Oued Tl\u00e9lat et Boufatis.<\/p>\n<p>Les travaux de r\u00e9paration\u00a0 seront\u00a0 lanc\u00e9s\u00a0 incessamment\u00a0 et l a\u00a0 Seor\u00a0 saisira l&rsquo;occasion\u00a0 pour\u00a0 effectuer\u00a0 des\u00a0 travaux\u00a0 de\u00a0 maintenance\u00a0 pr\u00e9vus\u00a0 pour\u00a0 le\u00a0 mois prochain, en pr\u00e9vision, notamment, du mois sacr\u00e9 du Ramadhan et de la saison estivale, a pr\u00e9cis\u00e9 la m\u00eame source.\u00a0<\/p>\n<\/div>\n<div id=\"text_core\" readability=\"71\">\n<p class=\"c6\">Douze communes de la wilaya d\u2019Oran sont touch\u00e9es par une perturbation de l\u2019alimentation\u00a0 en\u00a0 eau\u00a0 potable\u00a0 (AEP)\u00a0 apr\u00e8s\u00a0 une\u00a0 panne\u00a0 survenue,\u00a0 hier, au niveau de la conduite du syst\u00e8me \u201cMAO\u201d, a indiqu\u00e9 la Soci\u00e9t\u00e9 de l\u2019eau\u00a0 et\u00a0 de l\u2019assainissement d\u2019Oran (Seor) dans un communiqu\u00e9.<\/p>\n<p class=\"c6\">\u201cIl\u00a0 s\u2019agit\u00a0 d\u2019une\u00a0 grande\u00a0 panne qui touche\u00a0 la\u00a0 conduite\u00a0 du MAO\u00a0 qui\u00a0 assure l&rsquo;acheminement de l\u2019eau de la grande station d\u2019eau de mer\u00a0d\u2019El-Macta\u00e2, pour approvisionner la partie Est de\u00a0 la wilaya d\u2019Oran\u201d,\u00a0 a\u00a0 soulign\u00e9\u00a0 la charg\u00e9e\u00a0 de communication de la Seor, Amel Belghor, ajoutant qu\u2019il n\u2019est\u00a0 pas\u00a0 possible\u00a0 de se prononcer sur le d\u00e9lai n\u00e9cessaire au r\u00e9tablissement du fonctionnement du r\u00e9seau concern\u00e9 par cette panne avant de diagnostiquer l\u2019avarie avec exactitude.<\/p>\n<p>Les\u00a0 perturbations\u00a0 touchent\u00a0 12\u00a0 communes,\u00a0 \u00e0 savoir Sidi Benyebka, Gdyel, Hassi\u00a0 Mafsoukh,\u00a0 Hassi Benfriha, Bir El-Djir, Hassi Bounif, Hassi Benokba, A\u00efn El-Bia, Mersa El-Hadjadj, Sidi Chahmi, Oued Tl\u00e9lat et Boufatis.<\/p>\n<p>Les travaux de r\u00e9paration\u00a0 seront\u00a0 lanc\u00e9s\u00a0 incessamment\u00a0 et l a\u00a0 Seor\u00a0 saisira l&rsquo;occasion\u00a0 pour\u00a0 effectuer\u00a0 des\u00a0 travaux\u00a0 de\u00a0 maintenance\u00a0 pr\u00e9vus\u00a0 pour\u00a0 le\u00a0 mois prochain, en pr\u00e9vision, notamment, du mois sacr\u00e9 du Ramadhan et de la saison estivale, a pr\u00e9cis\u00e9 la m\u00eame source.\u00a0<\/p>\n<\/div>\n<p>Auteur:<br \/>\n<a href=\"https:\/\/www.liberte-algerie.com\/actualite\/lalimentation-en-eau-potable-perturbee-dans-12-communes-332685\">Cliquez ici pour lire l&rsquo;article depuis sa source.<\/a><\/p>\n","protected":false},"excerpt":{"rendered":"<p>Douze communes de la wilaya d\u2019Oran sont touch\u00e9es par une perturbation de l\u2019alimentation\u00a0 en\u00a0 eau\u00a0 potable\u00a0 (AEP)\u00a0 apr\u00e8s\u00a0 une\u00a0 panne\u00a0 survenue,\u00a0 hier, au niveau de la conduite du syst\u00e8me \u201cMAO\u201d, a indiqu\u00e9 la Soci\u00e9t\u00e9 de l\u2019eau\u00a0 et\u00a0 de l\u2019assainissement d\u2019Oran (Seor) dans un communiqu\u00e9. \u201cIl\u00a0 s\u2019agit\u00a0 d\u2019une\u00a0 grande\u00a0 panne qui touche\u00a0 la\u00a0 conduite\u00a0 du MAO\u00a0 [&hellip;]<\/p>\n","protected":false},"author":1742,"featured_media":0,"comment_status":"closed","ping_status":"closed","sticky":false,"template":"","format":"standard","meta":{"fifu_image_url":"","fifu_image_alt":"","footnotes":""},"categories":[73,53],"tags":[],"class_list":["post-74294","post","type-post","status-publish","format-standard","hentry","category-actualite","category-algerie"],"_links":{"self":[{"href":"https:\/\/linitiative.ca\/International\/wp-json\/wp\/v2\/posts\/74294","targetHints":{"allow":["GET"]}}],"collection":[{"href":"https:\/\/linitiative.ca\/International\/wp-json\/wp\/v2\/posts"}],"about":[{"href":"https:\/\/linitiative.ca\/International\/wp-json\/wp\/v2\/types\/post"}],"author":[{"embeddable":true,"href":"https:\/\/linitiative.ca\/International\/wp-json\/wp\/v2\/users\/1742"}],"replies":[{"embeddable":true,"href":"https:\/\/linitiative.ca\/International\/wp-json\/wp\/v2\/comments?post=74294"}],"version-history":[{"count":0,"href":"https:\/\/linitiative.ca\/International\/wp-json\/wp\/v2\/posts\/74294\/revisions"}],"wp:attachment":[{"href":"https:\/\/linitiative.ca\/International\/wp-json\/wp\/v2\/media?parent=74294"}],"wp:term":[{"taxonomy":"category","embeddable":true,"href":"https:\/\/linitiative.ca\/International\/wp-json\/wp\/v2\/categories?post=74294"},{"taxonomy":"post_tag","embeddable":true,"href":"https:\/\/linitiative.ca\/International\/wp-json\/wp\/v2\/tags?post=74294"}],"curies":[{"name":"wp","href":"https:\/\/api.w.org\/{rel}","templated":true}]}}