{"id":74295,"date":"2020-01-27T05:00:00","date_gmt":"2020-01-27T10:00:00","guid":{"rendered":"https:\/\/linitiative.ca\/International\/25-suspects-arretes-15-vehicules-recuperes\/"},"modified":"2020-01-27T05:00:00","modified_gmt":"2020-01-27T10:00:00","slug":"25-suspects-arretes-15-vehicules-recuperes","status":"publish","type":"post","link":"https:\/\/linitiative.ca\/International\/25-suspects-arretes-15-vehicules-recuperes\/","title":{"rendered":"25 suspects arr\u00eat\u00e9s, 15 v\u00e9hicules r\u00e9cup\u00e9r\u00e9s"},"content":{"rendered":"<div id=\"originalText\" readability=\"61\">\n<p>Vingt-cinq\u00a0 suspects\u00a0 parmi\u00a0 des\u00a0 b\u00e9n\u00e9ficiaires\u00a0 des dispositifs de\u00a0 soutien\u00a0 \u00e0 l\u2019emploi de jeunes (Ansej) et d\u2019assurance ch\u00f4mage (Cnac) et leur complice, un\u00a0 \u00a0responsable\u00a0 au service des cartes grises de la da\u00efra d\u2019Annaba, ont \u00e9t\u00e9 arr\u00eat\u00e9s pour \u201ctrafic de cartes grises de v\u00e9hicules subventionn\u00e9s\u201d, a-t-on indiqu\u00e9, hier, dans un communiqu\u00e9 \u00e9manant de la Brigade de recherche et d\u2019investigation (BRI) de la s\u00fbret\u00e9 de wilaya.\u00a0<\/p>\n<p>Les suspects\u00a0 ont\u00a0 supprim\u00e9\u00a0 la\u00a0 mention\u00a0 \u201cgag\u00e9e\u201d\u00a0 des\u00a0 cartes\u00a0 grises\u00a0 des v\u00e9hicules\u00a0 subventionn\u00e9s\u00a0 et\u00a0 dont\u00a0 les b\u00e9n\u00e9ficiaires\u00a0 n\u2019ont pas\u00a0 pay\u00e9\u00a0 les redevances impos\u00e9es, selon la m\u00eame source qui a ajout\u00e9 que l\u2019op\u00e9ration a permis la r\u00e9cup\u00e9ration de 15 v\u00e9hicules dont 2 voitures touristiques, des camions et autres engins ayant fait l\u2019objet de falsifications.\u00a0<\/p>\n<p>Les individus arr\u00eat\u00e9s, \u00e2g\u00e9s entre\u00a0 30 et\u00a0 45 ans, ont\u00a0 \u00e9t\u00e9\u00a0 pr\u00e9sent\u00e9s devant le procureur\u00a0 de\u00a0 la\u00a0 R\u00e9publique\u00a0 pr\u00e8s le\u00a0 tribunal\u00a0 d\u2019Annaba\u00a0 qui\u00a0 a ordonn\u00e9\u00a0 un mandat de d\u00e9p\u00f4t pour l\u2019accus\u00e9 principal, \u00e0 savoir un responsable du service des\u00a0 cartes\u00a0 grises\u00a0 qui\u00a0 a\u00a0 \u00e9t\u00e9\u00a0 poursuivi\u00a0 pour\u00a0 \u201cfaux\u00a0 et\u00a0 usage\u00a0 de\u00a0 faux\u00a0 de documents\u00a0 administratifs,\u00a0 abus\u00a0 de\u00a0 fonction\u00a0 et\u00a0 acceptation\u00a0 d\u2019indus avantages\u201d.\u00a0<\/p>\n<p>Les\u00a0 autres\u00a0 mis\u00a0 en cause\u00a0 dans cette\u00a0 affaire ont \u00e9t\u00e9\u00a0plac\u00e9s sous\u00a0 contr\u00f4le judiciaire pour \u201cfalsification\u00a0de documents\u00a0 et\u00a0 dilapidation\u00a0 d\u2019argent\u00a0 public\u201d, selon la m\u00eame source.<\/p>\n<\/div>\n<div id=\"text_core\" readability=\"61\">\n<p>Vingt-cinq\u00a0 suspects\u00a0 parmi\u00a0 des\u00a0 b\u00e9n\u00e9ficiaires\u00a0 des dispositifs de\u00a0 soutien\u00a0 \u00e0 l\u2019emploi de jeunes (Ansej) et d\u2019assurance ch\u00f4mage (Cnac) et leur complice, un\u00a0 \u00a0responsable\u00a0 au service des cartes grises de la da\u00efra d\u2019Annaba, ont \u00e9t\u00e9 arr\u00eat\u00e9s pour \u201ctrafic de cartes grises de v\u00e9hicules subventionn\u00e9s\u201d, a-t-on indiqu\u00e9, hier, dans un communiqu\u00e9 \u00e9manant de la Brigade de recherche et d\u2019investigation (BRI) de la s\u00fbret\u00e9 de wilaya.\u00a0<\/p>\n<p>Les suspects\u00a0 ont\u00a0 supprim\u00e9\u00a0 la\u00a0 mention\u00a0 \u201cgag\u00e9e\u201d\u00a0 des\u00a0 cartes\u00a0 grises\u00a0 des v\u00e9hicules\u00a0 subventionn\u00e9s\u00a0 et\u00a0 dont\u00a0 les b\u00e9n\u00e9ficiaires\u00a0 n\u2019ont pas\u00a0 pay\u00e9\u00a0 les redevances impos\u00e9es, selon la m\u00eame source qui a ajout\u00e9 que l\u2019op\u00e9ration a permis la r\u00e9cup\u00e9ration de 15 v\u00e9hicules dont 2 voitures touristiques, des camions et autres engins ayant fait l\u2019objet de falsifications.\u00a0<\/p>\n<p>Les individus arr\u00eat\u00e9s, \u00e2g\u00e9s entre\u00a0 30 et\u00a0 45 ans, ont\u00a0 \u00e9t\u00e9\u00a0 pr\u00e9sent\u00e9s devant le procureur\u00a0 de\u00a0 la\u00a0 R\u00e9publique\u00a0 pr\u00e8s le\u00a0 tribunal\u00a0 d\u2019Annaba\u00a0 qui\u00a0 a ordonn\u00e9\u00a0 un mandat de d\u00e9p\u00f4t pour l\u2019accus\u00e9 principal, \u00e0 savoir un responsable du service des\u00a0 cartes\u00a0 grises\u00a0 qui\u00a0 a\u00a0 \u00e9t\u00e9\u00a0 poursuivi\u00a0 pour\u00a0 \u201cfaux\u00a0 et\u00a0 usage\u00a0 de\u00a0 faux\u00a0 de documents\u00a0 administratifs,\u00a0 abus\u00a0 de\u00a0 fonction\u00a0 et\u00a0 acceptation\u00a0 d\u2019indus avantages\u201d.\u00a0<\/p>\n<p>Les\u00a0 autres\u00a0 mis\u00a0 en cause\u00a0 dans cette\u00a0 affaire ont \u00e9t\u00e9\u00a0plac\u00e9s sous\u00a0 contr\u00f4le judiciaire pour \u201cfalsification\u00a0de documents\u00a0 et\u00a0 dilapidation\u00a0 d\u2019argent\u00a0 public\u201d, selon la m\u00eame source.<\/p>\n<\/div>\n<p>Auteur:<br \/>\n<a href=\"https:\/\/www.liberte-algerie.com\/actualite\/25-suspects-arretes-15-vehicules-recuperes-332684\">Cliquez ici pour lire l&rsquo;article depuis sa source.<\/a><\/p>\n","protected":false},"excerpt":{"rendered":"<p>Vingt-cinq\u00a0 suspects\u00a0 parmi\u00a0 des\u00a0 b\u00e9n\u00e9ficiaires\u00a0 des dispositifs de\u00a0 soutien\u00a0 \u00e0 l\u2019emploi de jeunes (Ansej) et d\u2019assurance ch\u00f4mage (Cnac) et leur complice, un\u00a0 \u00a0responsable\u00a0 au service des cartes grises de la da\u00efra d\u2019Annaba, ont \u00e9t\u00e9 arr\u00eat\u00e9s pour \u201ctrafic de cartes grises de v\u00e9hicules subventionn\u00e9s\u201d, a-t-on indiqu\u00e9, hier, dans un communiqu\u00e9 \u00e9manant de la Brigade de recherche [&hellip;]<\/p>\n","protected":false},"author":1742,"featured_media":0,"comment_status":"closed","ping_status":"closed","sticky":false,"template":"","format":"standard","meta":{"fifu_image_url":"","fifu_image_alt":"","footnotes":""},"categories":[73,53],"tags":[],"class_list":["post-74295","post","type-post","status-publish","format-standard","hentry","category-actualite","category-algerie"],"_links":{"self":[{"href":"https:\/\/linitiative.ca\/International\/wp-json\/wp\/v2\/posts\/74295","targetHints":{"allow":["GET"]}}],"collection":[{"href":"https:\/\/linitiative.ca\/International\/wp-json\/wp\/v2\/posts"}],"about":[{"href":"https:\/\/linitiative.ca\/International\/wp-json\/wp\/v2\/types\/post"}],"author":[{"embeddable":true,"href":"https:\/\/linitiative.ca\/International\/wp-json\/wp\/v2\/users\/1742"}],"replies":[{"embeddable":true,"href":"https:\/\/linitiative.ca\/International\/wp-json\/wp\/v2\/comments?post=74295"}],"version-history":[{"count":0,"href":"https:\/\/linitiative.ca\/International\/wp-json\/wp\/v2\/posts\/74295\/revisions"}],"wp:attachment":[{"href":"https:\/\/linitiative.ca\/International\/wp-json\/wp\/v2\/media?parent=74295"}],"wp:term":[{"taxonomy":"category","embeddable":true,"href":"https:\/\/linitiative.ca\/International\/wp-json\/wp\/v2\/categories?post=74295"},{"taxonomy":"post_tag","embeddable":true,"href":"https:\/\/linitiative.ca\/International\/wp-json\/wp\/v2\/tags?post=74295"}],"curies":[{"name":"wp","href":"https:\/\/api.w.org\/{rel}","templated":true}]}}