{"id":74304,"date":"2020-01-27T04:38:24","date_gmt":"2020-01-27T09:38:24","guid":{"rendered":"https:\/\/linitiative.ca\/International\/tizi-ouzou-demantelement-dun-gang-arme-specialise-dans-le-vol-par-effraction\/"},"modified":"2020-01-27T04:38:24","modified_gmt":"2020-01-27T09:38:24","slug":"tizi-ouzou-demantelement-dun-gang-arme-specialise-dans-le-vol-par-effraction","status":"publish","type":"post","link":"https:\/\/linitiative.ca\/International\/tizi-ouzou-demantelement-dun-gang-arme-specialise-dans-le-vol-par-effraction\/","title":{"rendered":"Tizi-Ouzou: d\u00e9mant\u00e8lement d&rsquo;un gang arm\u00e9 sp\u00e9cialis\u00e9 dans le vol par effraction"},"content":{"rendered":"<div readability=\"36\">\n<p><strong>TIZI-OUZOU &#8211; Un dangereux gang arm\u00e9 sp\u00e9cialis\u00e9 dans le vol par effraction a \u00e9t\u00e9 d\u00e9mantel\u00e9 par la brigade de gendarmerie de Draa El Mizan, a-t-on appris lundi, aupr\u00e8s du groupement territorial de la gendarmerie nationale \u00e0 Tizi-Ouzou.<\/strong><\/p>\n<\/div>\n<div readability=\"62.3205574913\">\n<p>Ce groupe compos\u00e9 de six (6) individus et qui a \u00ab\u00a0sem\u00e9 la terreur parmi les citoyens\u00a0\u00bb, a \u00e9t\u00e9 l\u2019auteur de plusieurs vols par effraction commis dans des domiciles \u00e0 travers plusieurs localit\u00e9s de la wilaya de Tizi-Ouzou, o\u00f9 il activait, a indiqu\u00e9 le chef de la brigade de gendarmerie de Draa El Mizan, le comandant Kelaa Harkati.<\/p>\n<p>Lors de cette op\u00e9ration, la gendarmerie a r\u00e9cup\u00e9r\u00e9 un fusil \u00e0 pompe Cobalt calibre 16 mm et 12 cartouches, un fusil de chasse calibre 12 et 8 cartouches, une \u00e9p\u00e9e et un poignard ainsi que huit (8) paires de gants, des cagoules et deux v\u00e9hicules l\u00e9gers utilis\u00e9e par les mis en cause dans cette affaire pour commettre leur forfaits, a-t-on pr\u00e9cis\u00e9 de m\u00eame source.<\/p>\n<hr\/>\n<h3>Lire aussi: <a href=\"http:\/\/www.aps.dz\/societe\/100481-setif-demantelement-d-un-reseau-criminel-et-saisie-de-4-kg-de-kif-traite\" target=\"_blank\" rel=\"noopener noreferrer\">S\u00e9tif: d\u00e9mant\u00e8lement d\u2019un r\u00e9seau criminel et saisie de 4 kg de kif trait\u00e9<\/a><\/h3>\n<hr\/>\n<p>L\u2019enqu\u00eate men\u00e9e par la police judicaire suite \u00e0 la mise hors d\u2019\u00e9tat de nuire de ce gang a permis d\u2019\u00e9lucider six autres affaires de vol par effraction commis dans des domiciles d\u2019o\u00f9 ont \u00e9t\u00e9 d\u00e9rob\u00e9 des bijoux, armes \u00e0 feu et des sommes d\u2019argents, et qui seraient l\u2019\u0153uvre de ce gang, a-t-on fait savoir .<\/p>\n<p>Pr\u00e9sent\u00e9s au parquet de Draa El Mizan, ils ont \u00e9t\u00e9 plac\u00e9s sous mandat de d\u00e9p\u00f4t pour les chefs d&rsquo;accusation de \u00ab\u00a0cr\u00e9ation d\u2019un groupe de malfaiteurs en vue de commission de vols\u00a0\u00bb, \u00ab\u00a0d\u00e9tention d\u2019armes \u00e0 feu de cat\u00e9gorie 5, sans autorisation\u00a0\u00bb et \u00ab\u00a0d\u00e9tention d\u2019armes blanches\u00a0\u00bb, a-t-on ajout\u00e9.<\/p>\n<\/div>\n<p>Auteur:<br \/>\n<a href=\"http:\/\/www.aps.dz\/regions\/100690-tizi-ouzou-demantelement-d-un-gang-arme-specialise-dans-le-vol-par-effraction\">Cliquez ici pour lire l&rsquo;article depuis sa source.<\/a><\/p>\n","protected":false},"excerpt":{"rendered":"<p>TIZI-OUZOU &#8211; Un dangereux gang arm\u00e9 sp\u00e9cialis\u00e9 dans le vol par effraction a \u00e9t\u00e9 d\u00e9mantel\u00e9 par la brigade de gendarmerie de Draa El Mizan, a-t-on appris lundi, aupr\u00e8s du groupement territorial de la gendarmerie nationale \u00e0 Tizi-Ouzou. Ce groupe compos\u00e9 de six (6) individus et qui a \u00ab\u00a0sem\u00e9 la terreur parmi les citoyens\u00a0\u00bb, a \u00e9t\u00e9 [&hellip;]<\/p>\n","protected":false},"author":1790,"featured_media":0,"comment_status":"closed","ping_status":"closed","sticky":false,"template":"","format":"standard","meta":{"fifu_image_url":"","fifu_image_alt":"","footnotes":""},"categories":[53,76],"tags":[],"class_list":["post-74304","post","type-post","status-publish","format-standard","hentry","category-algerie","category-regions"],"_links":{"self":[{"href":"https:\/\/linitiative.ca\/International\/wp-json\/wp\/v2\/posts\/74304","targetHints":{"allow":["GET"]}}],"collection":[{"href":"https:\/\/linitiative.ca\/International\/wp-json\/wp\/v2\/posts"}],"about":[{"href":"https:\/\/linitiative.ca\/International\/wp-json\/wp\/v2\/types\/post"}],"author":[{"embeddable":true,"href":"https:\/\/linitiative.ca\/International\/wp-json\/wp\/v2\/users\/1790"}],"replies":[{"embeddable":true,"href":"https:\/\/linitiative.ca\/International\/wp-json\/wp\/v2\/comments?post=74304"}],"version-history":[{"count":0,"href":"https:\/\/linitiative.ca\/International\/wp-json\/wp\/v2\/posts\/74304\/revisions"}],"wp:attachment":[{"href":"https:\/\/linitiative.ca\/International\/wp-json\/wp\/v2\/media?parent=74304"}],"wp:term":[{"taxonomy":"category","embeddable":true,"href":"https:\/\/linitiative.ca\/International\/wp-json\/wp\/v2\/categories?post=74304"},{"taxonomy":"post_tag","embeddable":true,"href":"https:\/\/linitiative.ca\/International\/wp-json\/wp\/v2\/tags?post=74304"}],"curies":[{"name":"wp","href":"https:\/\/api.w.org\/{rel}","templated":true}]}}