{"id":74306,"date":"2020-01-27T05:55:28","date_gmt":"2020-01-27T10:55:28","guid":{"rendered":"https:\/\/linitiative.ca\/International\/el-oued-operateurs-algeriens-et-libyens-se-concertent-sur-limpulsion-de-la-cooperation-bilaterale\/"},"modified":"2020-01-27T05:55:28","modified_gmt":"2020-01-27T10:55:28","slug":"el-oued-operateurs-algeriens-et-libyens-se-concertent-sur-limpulsion-de-la-cooperation-bilaterale","status":"publish","type":"post","link":"https:\/\/linitiative.ca\/International\/el-oued-operateurs-algeriens-et-libyens-se-concertent-sur-limpulsion-de-la-cooperation-bilaterale\/","title":{"rendered":"El-Oued: op\u00e9rateurs alg\u00e9riens et libyens se concertent sur l&rsquo;impulsion de la coop\u00e9ration bilat\u00e9rale"},"content":{"rendered":"<div readability=\"35\">\n<p><strong>EL-OUED &#8211; Plus d&rsquo;une centaine d&rsquo;op\u00e9rateurs \u00e9conomiques alg\u00e9riens et libyens se sont rencontr\u00e9s dimanche soir \u00e0 El-Oued, pour se concerter sur les voies et moyens d&rsquo;impulser\u00a0 la coop\u00e9ration bilat\u00e9rale et l&rsquo;\u00e9laboration d&rsquo;un projet de jumelage.<\/strong><\/p>\n<\/div>\n<div readability=\"87.1496033245\">\n<p>Encadr\u00e9e par la Chambre de commerce et d&rsquo;industrie CCI-Souf (El-Oued) et la Chambre de l&rsquo;industrie, du commerce et de l&rsquo;agriculture CICA-Sebha (Libye), la rencontre entre dans le cadre des efforts de la CCI-Souf visant \u00e0 cr\u00e9er des alternatives \u00e9conomiques, via la cr\u00e9ation d&rsquo;espaces de commercialisation de produits nationaux \u00e0 l&rsquo;\u00e9tranger en exploitant les cadres de coop\u00e9ration et de partenariat existant entre l&rsquo;Alg\u00e9rie et les pays fr\u00e8res, a indiqu\u00e9 le pr\u00e9sident de la CCI-Souf, Nabil Kenou\u00e2a.<\/p>\n<p>Le pr\u00e9sident de la CACI-Sebha, repr\u00e9sentant de la d\u00e9l\u00e9gation libyenne, Mansur Abou El-Kassem El-Serriti, a mis en avant l&rsquo;int\u00e9r\u00eat de la coop\u00e9ration \u00e9conomique bilat\u00e9rale dans tous les domaines, soulignant que son efficience sera consolid\u00e9e par l&rsquo;ouverture des postes frontaliers terrestres donnant sur le Sud Libyen, \u00e0 savoir ceux de Debdeb et de Djanet (wilaya d&rsquo;Illizi).<\/p>\n<p>Il a \u00e9galement mis l&rsquo;accent sur la n\u00e9cessit\u00e9 d&rsquo;un approvisionnement des march\u00e9s libyens en produits agricoles, de l&rsquo;industrie agro-alimentaire, et autres produits de large utilisation et de consommation, et indisponibles sur les march\u00e9s libyens.<\/p>\n<hr\/>\n<h3>Lire aussi: <a href=\"http:\/\/www.aps.dz\/economie\/100658-opportunites-de-partenariat-et-d-investissement-une-cinquantaine-d-hommes-d-affaires-libyens-attendus-a-alger\" target=\"_blank\" rel=\"noopener noreferrer\">Opportunit\u00e9s de partenariat et d&rsquo;investissement: une cinquantaine d&rsquo;hommes d&rsquo;affaires libyens attendus \u00e0 Alger<\/a><\/h3>\n<hr\/>\n<p>Pour d\u00e9finir les contours de la coop\u00e9ration \u00e9conomique entre les deux d\u00e9l\u00e9gations, quelques \u00e9tapes ont \u00e9t\u00e9 identifi\u00e9es, en premier lieu et rev\u00eatant un caract\u00e8re urgent, l&rsquo;approvisionnement des march\u00e9s des villes libyennes en produits alimentaires, notamment agricoles (fruits et l\u00e9gumes), puis l&rsquo;approvisionnement en produits industriels et mat\u00e9riaux de construction, s&rsquo;ensuit la coop\u00e9ration entre les entreprises des deux pays, \u00e0 travers l&rsquo;encouragement de l&rsquo;investisseur alg\u00e9rien et l&rsquo;accompagnement du partenaire libyen.<\/p>\n<p>Les participants \u00e0 la rencontre se sont entretenus sur les besoins du march\u00e9 libyen en produits alg\u00e9riens, alimentaires, agricoles et industriels, de large consommation et utilisation.<\/p>\n<p>Elle a donn\u00e9 lieu \u00e0 des accords entre investisseurs qui tendent, selon la d\u00e9l\u00e9gation alg\u00e9rienne, \u00e0 la diversification de l&rsquo;\u00e9conomie nationale et l&rsquo;encouragement \u00e0 l&rsquo;export de l&rsquo;industrie nationale, dont les produits sont tr\u00e8s pris\u00e9s du c\u00f4t\u00e9 libyen.\u00a0\u00a0\u00a0\u00a0\u00a0<\/p>\n<p>Les deux parties ont convenu, en outre, d&rsquo;une visite prochaine d&rsquo;une d\u00e9l\u00e9gation d&rsquo;op\u00e9rateurs alg\u00e9riens en Libye, notamment dans le sud de ce pays, pour \u00e9tudier de pr\u00e8s les besoins du march\u00e9 libyen en produits nationaux divers et concr\u00e9tiser le partenariat et la coop\u00e9ration \u00e9conomique.La rencontre a regroup\u00e9 une soixantaine d&rsquo;hommes d&rsquo;affaires de chaque c\u00f4t\u00e9. \u00a0\u00a0<\/p>\n<\/div>\n<p>Auteur:<br \/>\n<a href=\"http:\/\/www.aps.dz\/regions\/100696-el-oued-operateurs-algeriens-et-libyens-se-concertent-sur-l-impulsion-de-la-cooperation-bilaterale\">Cliquez ici pour lire l&rsquo;article depuis sa source.<\/a><\/p>\n","protected":false},"excerpt":{"rendered":"<p>EL-OUED &#8211; Plus d&rsquo;une centaine d&rsquo;op\u00e9rateurs \u00e9conomiques alg\u00e9riens et libyens se sont rencontr\u00e9s dimanche soir \u00e0 El-Oued, pour se concerter sur les voies et moyens d&rsquo;impulser\u00a0 la coop\u00e9ration bilat\u00e9rale et l&rsquo;\u00e9laboration d&rsquo;un projet de jumelage. Encadr\u00e9e par la Chambre de commerce et d&rsquo;industrie CCI-Souf (El-Oued) et la Chambre de l&rsquo;industrie, du commerce et de l&rsquo;agriculture [&hellip;]<\/p>\n","protected":false},"author":1790,"featured_media":0,"comment_status":"closed","ping_status":"closed","sticky":false,"template":"","format":"standard","meta":{"fifu_image_url":"","fifu_image_alt":"","footnotes":""},"categories":[53,76],"tags":[],"class_list":["post-74306","post","type-post","status-publish","format-standard","hentry","category-algerie","category-regions"],"_links":{"self":[{"href":"https:\/\/linitiative.ca\/International\/wp-json\/wp\/v2\/posts\/74306","targetHints":{"allow":["GET"]}}],"collection":[{"href":"https:\/\/linitiative.ca\/International\/wp-json\/wp\/v2\/posts"}],"about":[{"href":"https:\/\/linitiative.ca\/International\/wp-json\/wp\/v2\/types\/post"}],"author":[{"embeddable":true,"href":"https:\/\/linitiative.ca\/International\/wp-json\/wp\/v2\/users\/1790"}],"replies":[{"embeddable":true,"href":"https:\/\/linitiative.ca\/International\/wp-json\/wp\/v2\/comments?post=74306"}],"version-history":[{"count":0,"href":"https:\/\/linitiative.ca\/International\/wp-json\/wp\/v2\/posts\/74306\/revisions"}],"wp:attachment":[{"href":"https:\/\/linitiative.ca\/International\/wp-json\/wp\/v2\/media?parent=74306"}],"wp:term":[{"taxonomy":"category","embeddable":true,"href":"https:\/\/linitiative.ca\/International\/wp-json\/wp\/v2\/categories?post=74306"},{"taxonomy":"post_tag","embeddable":true,"href":"https:\/\/linitiative.ca\/International\/wp-json\/wp\/v2\/tags?post=74306"}],"curies":[{"name":"wp","href":"https:\/\/api.w.org\/{rel}","templated":true}]}}