{"id":74308,"date":"2020-01-26T14:58:38","date_gmt":"2020-01-26T19:58:38","guid":{"rendered":"https:\/\/linitiative.ca\/International\/immigration-illegale-5-individus-deferes-devant-le-parquet\/"},"modified":"2020-01-26T14:58:38","modified_gmt":"2020-01-26T19:58:38","slug":"immigration-illegale-5-individus-deferes-devant-le-parquet","status":"publish","type":"post","link":"https:\/\/linitiative.ca\/International\/immigration-illegale-5-individus-deferes-devant-le-parquet\/","title":{"rendered":"Immigration ill\u00e9gale: 5 individus d\u00e9f\u00e9r\u00e9s devant le parquet"},"content":{"rendered":"<div class=\"single-featured\"><img alt=\"\" data-src=\"http:\/\/www.mapoujda.ma\/map\/uploads\/2019\/03\/\u0627\u0644\u0645\u062f\u064a\u0631\u064a\u0629-\u0627\u0644\u0639\u0627\u0645\u0629-\u0644\u0644\u0623\u0645\u0646-\u0627\u0644\u0648\u0637\u0646\u064a.jpg\"\/><\/div>\n<div class=\"entry-content clearfix single-post-content\" readability=\"59\">\n<p class=\"c5\">Le service pr\u00e9fectoral de la police judiciaire d\u2019Oujda a d\u00e9f\u00e9r\u00e9 ce week-end devant le parquet comp\u00e9tent cinq individus \u00e2g\u00e9s entre 32 et 60 ans, pour leur implication pr\u00e9sum\u00e9e dans une affaire de faux et usage de faux dans l\u2019organisation d\u2019op\u00e9rations d\u2019immigration clandestine.<\/p>\n<p class=\"c5\">Selon les premiers \u00e9l\u00e9ments de l\u2019enqu\u00eate, deux suspects sont impliqu\u00e9s dans la falsification de documents personnels et administratifs requis pour constituer les dossiers de visa de plusieurs pays\u00a0europ\u00e9ens, indique un communiqu\u00e9 de la Direction g\u00e9n\u00e9rale de la s\u00fbret\u00e9 nationale (DGSN), notant que deux autres mis en cause jouaient les interm\u00e9diaires pour les candidats d\u00e9sireux d\u2019obtenir ces documents falsifi\u00e9s, alors que le cinqui\u00e8me suspect a \u00e9t\u00e9 appr\u00e9hend\u00e9 alors qu\u2019il s\u2019appr\u00eatait \u00e0 constituer un dossier de demande de visa sur la base de faux documents.<\/p>\n<p class=\"c5\">Les investigations men\u00e9es par les services de la police judiciaire, en coordination avec leurs homologues de la Direction g\u00e9n\u00e9rale de la surveillance du territoire, ont permis l\u2019arrestation de deux suspects \u00e0 l\u2019entr\u00e9e de la ville de Sal\u00e9, tandis que les autres ont \u00e9t\u00e9 interpel\u00e9s \u00e0 Oujda, fait-on savoir, pr\u00e9cisant que les perquisitions effectu\u00e9es aux domiciles des mis en cause et la fouille de la voiture de l\u2019un d\u2019eux ont permis la saisie d\u2019un grand nombre de documents falsifi\u00e9s et de pi\u00e8ces d\u2019identit\u00e9 appartenant \u00e0 d\u2019autres personnes.<\/p>\n<p class=\"c5\">Cette op\u00e9ration s\u2019inscrit dans le cadre des efforts intenses consentis par les services de s\u00fbret\u00e9 sur tous les fronts pour le d\u00e9mant\u00e8lement des r\u00e9seaux criminels qui s\u2019activent dans l\u2019organisation des op\u00e9rations d\u2019immigration clandestine, conclut le communiqu\u00e9.<\/p>\n<\/div>\n<p>Auteur: Soufiane ELAHMAR<br \/>\n<a href=\"http:\/\/www.mapoujda.ma\/fr\/immigration-illegale-5-individus-deferes-devant-le-parquet\/\">Cliquez ici pour lire l&rsquo;article depuis sa source.<\/a><\/p>\n","protected":false},"excerpt":{"rendered":"<p>Le service pr\u00e9fectoral de la police judiciaire d\u2019Oujda a d\u00e9f\u00e9r\u00e9 ce week-end devant le parquet comp\u00e9tent cinq individus \u00e2g\u00e9s entre 32 et 60 ans, pour leur implication pr\u00e9sum\u00e9e dans une affaire de faux et usage de faux dans l\u2019organisation d\u2019op\u00e9rations d\u2019immigration clandestine. Selon les premiers \u00e9l\u00e9ments de l\u2019enqu\u00eate, deux suspects sont impliqu\u00e9s dans la falsification [&hellip;]<\/p>\n","protected":false},"author":1788,"featured_media":74309,"comment_status":"closed","ping_status":"closed","sticky":false,"template":"","format":"standard","meta":{"fifu_image_url":"","fifu_image_alt":"","footnotes":""},"categories":[54,76],"tags":[],"class_list":["post-74308","post","type-post","status-publish","format-standard","has-post-thumbnail","hentry","category-maroc","category-regions"],"_links":{"self":[{"href":"https:\/\/linitiative.ca\/International\/wp-json\/wp\/v2\/posts\/74308","targetHints":{"allow":["GET"]}}],"collection":[{"href":"https:\/\/linitiative.ca\/International\/wp-json\/wp\/v2\/posts"}],"about":[{"href":"https:\/\/linitiative.ca\/International\/wp-json\/wp\/v2\/types\/post"}],"author":[{"embeddable":true,"href":"https:\/\/linitiative.ca\/International\/wp-json\/wp\/v2\/users\/1788"}],"replies":[{"embeddable":true,"href":"https:\/\/linitiative.ca\/International\/wp-json\/wp\/v2\/comments?post=74308"}],"version-history":[{"count":0,"href":"https:\/\/linitiative.ca\/International\/wp-json\/wp\/v2\/posts\/74308\/revisions"}],"wp:featuredmedia":[{"embeddable":true,"href":"https:\/\/linitiative.ca\/International\/wp-json\/"}],"wp:attachment":[{"href":"https:\/\/linitiative.ca\/International\/wp-json\/wp\/v2\/media?parent=74308"}],"wp:term":[{"taxonomy":"category","embeddable":true,"href":"https:\/\/linitiative.ca\/International\/wp-json\/wp\/v2\/categories?post=74308"},{"taxonomy":"post_tag","embeddable":true,"href":"https:\/\/linitiative.ca\/International\/wp-json\/wp\/v2\/tags?post=74308"}],"curies":[{"name":"wp","href":"https:\/\/api.w.org\/{rel}","templated":true}]}}