{"id":74320,"date":"2020-01-26T18:00:00","date_gmt":"2020-01-26T23:00:00","guid":{"rendered":"https:\/\/linitiative.ca\/International\/le-president-erdogan-lalgerie-est-un-element-de-stabilite-et-de-paix-dans-la-region\/"},"modified":"2020-01-26T18:00:00","modified_gmt":"2020-01-26T23:00:00","slug":"le-president-erdogan-lalgerie-est-un-element-de-stabilite-et-de-paix-dans-la-region","status":"publish","type":"post","link":"https:\/\/linitiative.ca\/International\/le-president-erdogan-lalgerie-est-un-element-de-stabilite-et-de-paix-dans-la-region\/","title":{"rendered":"Le Pr\u00e9sident Erdogan :   L&rsquo;Alg\u00e9rie est un \u00e9l\u00e9ment  de stabilit\u00e9 et de paix  dans la r\u00e9gion \u00bb"},"content":{"rendered":"<p>Le pr\u00e9sident turc, Recep Tayyip Erdogan, a affirm\u00e9 que \u00ab\u00a0l&rsquo;Alg\u00e9rie est un \u00e9l\u00e9ment de stabilit\u00e9 et de paix dans la r\u00e9gion\u00a0\u00bb, soulignant l&rsquo;impossibilit\u00e9 de parvenir \u00e0 un r\u00e9sultat dans le dossier libyen avec des solutions militaires.<br \/>Lors d&rsquo;une conf\u00e9rence de presse \u00e0 l&rsquo;issue de son entretien avec le pr\u00e9sident de la R\u00e9publique, M.\u2008Abdelmadjid Tebboune, le pr\u00e9sident Erdogan a d\u00e9clar\u00e9 que \u00ab\u00a0l&rsquo;Alg\u00e9rie est un \u00e9l\u00e9ment de stabilit\u00e9 et de paix en cette conjoncture difficile que traverse la r\u00e9gion et face aux d\u00e9veloppements en Libye, qui ont un impact direct sur ce pays voisin\u00a0\u00bb, estimant \u00ab\u00a0impossible de parvenir \u00e0 un r\u00e9sultat dans le dossier libyen avec des solutions militaires\u00a0\u00bb. Evoquant \u00ab\u00a0des contacts intenses avec les pays de la r\u00e9gion et les acteurs internationaux pour un cessez-le-feu durable et la reprise du dialogue politique\u00a0\u00bb en Libye, M. Erdogan a fait savoir que les discussions avec le pr\u00e9sident Tebboune \u00ab\u00a0ont permis de focaliser sur les d\u00e9marches communes \u00e0 entreprendre dans ce sens\u00a0\u00bb. \u00ab\u00a0Le dialogue et l&rsquo;entente demeurent les facteurs essentiels \u00e0 une stabilit\u00e9 durable\u00a0\u00bb, a-t-il soutenu. Saluant \u00ab\u00a0fortement\u00a0\u00bb l&rsquo;adh\u00e9sion de l&rsquo;Alg\u00e9rie au processus de Berlin, o\u00f9 elle aura, a-t-il dit \u00ab\u00a0une contribution pr\u00e9cieuse et constructive dans le cadre des efforts visant \u00e0 instaurer la stabilit\u00e9 en Libye\u00a0\u00bb, il a mis en avant l&rsquo;imp\u00e9ratif d&rsquo;agir pour que la Libye ne soit pas un terrain propice aux organisations terroristes et aux barons de la guerre.<br \/>Par ailleurs, le pr\u00e9sident Erdogan a rappel\u00e9 l&rsquo;initiative turco-alg\u00e9rienne, \u00e0 la faveur du Sommet de l&rsquo;Organisation de coop\u00e9ration islamique (OCI) pr\u00e9sid\u00e9 par son pays, qui a permis la prise d&rsquo;une d\u00e9cision par l&rsquo;Assembl\u00e9e g\u00e9n\u00e9rale de l&rsquo;ONU sur la protection des Palestiniens, affirmant que c&rsquo;est l\u00e0 \u00ab\u00a0un exemple concret\u00a0\u00bb de la solidarit\u00e9 entre les deux pays au plan international.<br \/>S&rsquo;agissant de la coop\u00e9ration bilat\u00e9rale, le pr\u00e9sident turc a affich\u00e9 la volont\u00e9 de son pays de la hisser \u00ab\u00a0aux plus hauts niveaux\u00a0\u00bb partant des solides liens d&rsquo;amiti\u00e9 et de fraternit\u00e9 et de l&rsquo;histoire commune, qui remonte \u00e0 plus de 5 si\u00e8cles entre l&rsquo;Alg\u00e9rie et la Turquie.<br \/>Il a affirm\u00e9, \u00e0 ce propos, que la rencontre d&rsquo;aujourd&rsquo;hui a permis \u00ab\u00a0l&rsquo;\u00e9valuation de tous les aspects des relations, y compris politiques, \u00e9conomiques, commerciaux et culturels\u00a0\u00bb et la signature de la d\u00e9claration commune portant cr\u00e9ation d&rsquo;un Conseil de coop\u00e9ration de haut niveau.<br \/>A ce propos, le pr\u00e9sident Erdogan a indiqu\u00e9 avoir adress\u00e9 au pr\u00e9sident Tebboune une invitation \u00e0 effectuer, cette ann\u00e9e, une visite en Turquie pour la tenue de la premi\u00e8re r\u00e9union de ce Conseil, pr\u00e9cisant que les deux parties envisagent sa tenue \u00ab\u00a0tr\u00e8s prochainement\u00a0\u00bb.<br \/>En mati\u00e8re de coop\u00e9ration commerciale, le pr\u00e9sident turc a fait savoir que la rencontre avait permis d&rsquo;\u00e9valuer le volume des \u00e9changes commerciaux entre les deux pays, annon\u00e7ant que les deux parties avaient convenu de le porter \u00e0 plus de cinq\u00a0 milliards de dollars, d&rsquo;autant que l&rsquo;Alg\u00e9rie \u00ab\u00a0est le deuxi\u00e8me partenaire de son pays en Afrique\u00a0\u00bb.<br \/>Il a indiqu\u00e9, dans ce contexte, que les investissements turcs en Alg\u00e9rie d\u00e9passaient les 3,5 milliards de dollars, ce qui d\u00e9note, a-t-il dit,\u00a0 \u00ab\u00a0de la confiance de la Turquie en l&rsquo;Alg\u00e9rie\u00a0\u00bb.<br \/>Soulignant la volont\u00e9 des deux pays \u00e0 encourager les op\u00e9rateurs \u00e0 accro\u00eetre les investissements et \u00e0 travailler ensemble dans le cadre d&rsquo;un partenariat \u00ab\u00a0gagnant-gagnant\u00a0\u00bb, le pr\u00e9sident Erdogan a annonc\u00e9 la facilitation de la circulation des Alg\u00e9riens souhaitant se rendre en Turquie par l&rsquo;ouverture de centres de visas en Alg\u00e9rie.<br \/>Au titre du renforcement de la coop\u00e9ration industrielle, le pr\u00e9sident Erdogan a pr\u00e9cis\u00e9 qu&rsquo;il a \u00e9t\u00e9 convenu de saisir les opportunit\u00e9s d&rsquo;approfondir la coop\u00e9ration dans le domaine des industries de d\u00e9fense et de renforcer la coop\u00e9ration parlementaire.<br \/>\u00a0<\/p>\n<p>Auteur: elmoudjahid<br \/>\n<a href=\"http:\/\/www.elmoudjahid.com\/fr\/actualites\/147672\">Cliquez ici pour lire l&rsquo;article depuis sa source.<\/a><\/p>\n","protected":false},"excerpt":{"rendered":"<p>Le pr\u00e9sident turc, Recep Tayyip Erdogan, a affirm\u00e9 que \u00ab\u00a0l&rsquo;Alg\u00e9rie est un \u00e9l\u00e9ment de stabilit\u00e9 et de paix dans la r\u00e9gion\u00a0\u00bb, soulignant l&rsquo;impossibilit\u00e9 de parvenir \u00e0 un r\u00e9sultat dans le dossier libyen avec des solutions militaires.Lors d&rsquo;une conf\u00e9rence de presse \u00e0 l&rsquo;issue de son entretien avec le pr\u00e9sident de la R\u00e9publique, M.\u2008Abdelmadjid Tebboune, le pr\u00e9sident [&hellip;]<\/p>\n","protected":false},"author":1744,"featured_media":0,"comment_status":"closed","ping_status":"closed","sticky":false,"template":"","format":"standard","meta":{"fifu_image_url":"","fifu_image_alt":"","footnotes":""},"categories":[73,53],"tags":[],"class_list":["post-74320","post","type-post","status-publish","format-standard","hentry","category-actualite","category-algerie"],"_links":{"self":[{"href":"https:\/\/linitiative.ca\/International\/wp-json\/wp\/v2\/posts\/74320","targetHints":{"allow":["GET"]}}],"collection":[{"href":"https:\/\/linitiative.ca\/International\/wp-json\/wp\/v2\/posts"}],"about":[{"href":"https:\/\/linitiative.ca\/International\/wp-json\/wp\/v2\/types\/post"}],"author":[{"embeddable":true,"href":"https:\/\/linitiative.ca\/International\/wp-json\/wp\/v2\/users\/1744"}],"replies":[{"embeddable":true,"href":"https:\/\/linitiative.ca\/International\/wp-json\/wp\/v2\/comments?post=74320"}],"version-history":[{"count":0,"href":"https:\/\/linitiative.ca\/International\/wp-json\/wp\/v2\/posts\/74320\/revisions"}],"wp:attachment":[{"href":"https:\/\/linitiative.ca\/International\/wp-json\/wp\/v2\/media?parent=74320"}],"wp:term":[{"taxonomy":"category","embeddable":true,"href":"https:\/\/linitiative.ca\/International\/wp-json\/wp\/v2\/categories?post=74320"},{"taxonomy":"post_tag","embeddable":true,"href":"https:\/\/linitiative.ca\/International\/wp-json\/wp\/v2\/tags?post=74320"}],"curies":[{"name":"wp","href":"https:\/\/api.w.org\/{rel}","templated":true}]}}