{"id":74321,"date":"2020-01-26T18:00:00","date_gmt":"2020-01-26T23:00:00","guid":{"rendered":"https:\/\/linitiative.ca\/International\/forum-daffaires-algero-turc-lalgerie-un-partenaire-strategique-de-la-turquie\/"},"modified":"2020-01-26T18:00:00","modified_gmt":"2020-01-26T23:00:00","slug":"forum-daffaires-algero-turc-lalgerie-un-partenaire-strategique-de-la-turquie","status":"publish","type":"post","link":"https:\/\/linitiative.ca\/International\/forum-daffaires-algero-turc-lalgerie-un-partenaire-strategique-de-la-turquie\/","title":{"rendered":"Forum d\u2019affaires alg\u00e9ro-turc : L\u2019Alg\u00e9rie, un partenaire  strat\u00e9gique de la Turquie"},"content":{"rendered":"<p>Le Pr\u00e9sident Turc RecepTayyip Erdo\u011fan a plaid\u00e9 hier pour l\u2019\u00e9laboration d\u2019un accord de libre-\u00e9change avec l\u2019Alg\u00e9rie. \u00abL&rsquo;Alg\u00e9rie est un pays ami et un partenaire strat\u00e9gique avec lequel nous voulons\u00a0 combler les lacunes et r\u00e9aliser des projets gagnant-gagnant, avancer et s&rsquo;enrichir ensemble. De par sa position g\u00e9ographique, l&rsquo;Alg\u00e9rie est la porte vers le Maghreb, voire vers l\u2019Afrique\u00bb, a-t-il affirm\u00e9. Dans son allocution \u00e0 la cl\u00f4ture du forum des hommes d\u2019affaires \u00e0 Alger, le Pr\u00e9sident turc a affirm\u00e9 que \u00abcet accord de libre- \u00e9change permettra de booster les relations bilat\u00e9rales, notamment commerciales, et d\u2019augmenter le volume des \u00e9changes\u00bb. Estimant que l\u2019absence d\u2019un accord de libre-\u00e9change entre les deux pays est une grande lacune, le Pr\u00e9sident turc a appel\u00e9\u00a0 \u00e0\u00a0 la r\u00e9activation du conseil mixte scientifique et \u00e9conomique. \u00c9voquant son entretien dans la matin\u00e9e avec le pr\u00e9sident de la R\u00e9publique Abdelmadjid Tebboune, M. Erdogan a indiqu\u00e9 qu\u2019ils ont d\u00e9cid\u00e9\u00a0 de promouvoir et de consolider, notamment les\u00a0 relations commerciales. Il a pr\u00e9cis\u00e9 que la rencontre de haut niveau, qui se d\u00e9roulera en alternance entre\u00a0 Ankara et Alger, \u00abpermettra d&rsquo;atteindre rapidement les objectifs fix\u00e9s par les deux pays et de soulever les lacunes enregistr\u00e9es\u00bb. \u00a0<br \/>Lors de l\u2019entretien, le Pr\u00e9sident turc a indiqu\u00e9 avoir abord\u00e9 avec le pr\u00e9sident de la R\u00e9publique, Abdelmadjid Tebboune, la mise en place d\u2019un conseil de coop\u00e9ration de haut niveau afin d\u2019augmenter le volume des \u00e9changes commerciaux, de 4 milliards de dollars actuellement, \u00e0 5 milliards de dollars.\u00a0\u00a0 \u00a0<br \/>Dans son allocution, M. Erdogan a \u00e9voqu\u00e9 les lacunes qui entravent la promotion de l\u2019investissement turc en Alg\u00e9rie, citant la taxe d&rsquo;importation suppl\u00e9mentaire\u00a0 qui affecte le d\u00e9veloppement des\u00a0 \u00e9changes commerciaux. Par ailleurs, il s\u2019est engag\u00e9 \u00e0 d\u00e9velopper les relations bilat\u00e9rales, \u00e0 travers, notamment, la simplification des proc\u00e9dures d\u2019octroi de visas, ainsi que le renforcement du volume des investissements \u00e0 long terme en Alg\u00e9rie. Il a rappel\u00e9 la r\u00e9alisation de 377 projets en Alg\u00e9rie d&rsquo;une valeur globale de 16 milliards de dollars. \u00a0<br \/>De m\u00eame, les entreprises turques en Alg\u00e9rie assurent des postes d\u2019emploi importants localement. En ce sens, il a r\u00e9v\u00e9l\u00e9 que 1.000 entreprises turques, avec un investissement de 3.5 milliards de dollars exer\u00e7ant en Alg\u00e9rie, ont cr\u00e9\u00e9 10.000 emplois directs, mettant en exergue \u00ableur contribution dans le d\u00e9veloppement de l&rsquo;\u00e9conomie de l&rsquo;Alg\u00e9rie\u00bb. Il a pr\u00e9cis\u00e9 que la Turquie veut d\u00e9velopper davantage les relations bilat\u00e9rales.<br \/>\u00abJe tiens \u00e0 f\u00e9liciter l\u2019Alg\u00e9rie pour l&rsquo;importance qu&rsquo;elle accorde \u00e0 la coop\u00e9ration, notamment commerciale, avec la Turquie.<br \/>Ce forum de grande envergure permettra d\u2019ouvrir de nouveaux horizons qui donneront un \u00e9lan aux \u00e9changes commerciaux et constitueront la pierre angulaire de nos relations\u00bb, a-t-il soutenu. Dans son allocution, le Pr\u00e9sident turc a mis en avant les progr\u00e8s r\u00e9alis\u00e9s dans son pays devenu le 4e pays en mati\u00e8re d\u2019industrie militaire.<br \/>\u00abLa production turque est pass\u00e9e de 20 \u00e0 70% durant les 17 derni\u00e8res ann\u00e9es. Le pays jouit d&rsquo;une expertise dans la r\u00e9alisation de drones arm\u00e9s, d&rsquo;avions et\u00a0 de navires.\u00bb<br \/><strong>Neila Benrahal<\/strong><\/p>\n<p>&#8212;&#8212;&#8212;&#8212;&#8212;&#8212;&#8212;&#8212;&#8212;&#8212;&#8211;<\/p>\n<p><strong>Un accord sur 5 ans pour alimenter\u00a0 la Turquie en GNL<\/strong><\/p>\n<p>Le ministre de l\u2019\u00c9nergie, Mohamed Arkab, a affirm\u00e9 que les \u00abdiscussions entre les deux parties ont port\u00e9 sur les accords communs dans le domaine de l\u2019\u00e9nergie et sont sur la bonne voie\u00bb. Dans une d\u00e9claration \u00e0 la presse, en marge du forum, le ministre a indiqu\u00e9 que \u00abl\u2019Alg\u00e9rie est le partenaire privil\u00e9gi\u00e9 de la Turquie, gr\u00e2ce \u00e0 nos capacit\u00e9s et \u00e0 nos comp\u00e9tences et la ma\u00eetrise des nouvelles technologies\u00bb. \u00c0 une question sur les conclusions des entretiens, il a annonc\u00e9 la signature d\u2019un accord pour l\u2019exportation de GNL sur une p\u00e9riode de cinq ann\u00e9es\u00a0 vers\u00a0 la Turquie et de GPL qui constitue 38% de la part du march\u00e9 alg\u00e9rien.<br \/>Il a assur\u00e9 que le projet d&rsquo;installation<br \/>d&rsquo;un complexe de p\u00e9trochimie pour la production de propyl\u00e8ne et de polypropyl\u00e8ne \u00e0\u00a0 Istanbul \u00absera op\u00e9rationnel et devra\u00a0 entrer<br \/>en production en juillet\u00bb. \u00a0\u00a0 \u00a0\u00a0\u00a0\u00a0\u00a0\u00a0\u00a0\u00a0\u00a0\u00a0<br \/><strong>N.\u2008B.<\/strong><\/p>\n<p>&#8212;&#8212;&#8212;&#8212;&#8212;&#8212;&#8212;&#8212;&#8212;&#8212;&#8211;<\/p>\n<p><strong>Consolider les investissements, un objectif commun<\/strong><\/p>\n<p>Les op\u00e9rateurs \u00e9conomiques turcs affichent une\u00a0 r\u00e9elle volont\u00e9\u00a0 de dynamiser la coop\u00e9ration et le partenariat avec leurs homologues alg\u00e9riens.\u00a0 La meilleure preuve r\u00e9side dans l\u2019importance de la\u00a0 d\u00e9l\u00e9gation \u00e9conomique turque qui avoisine les 150 qui\u00a0 accompagne le Pr\u00e9sident Erdogan. La visite a constitu\u00e9 une opportunit\u00e9 pour les hommes d\u2019affaires des deux pays de se concerter lors d\u2019un\u00a0 forum \u00e9conomique, hier l\u2019h\u00f4tel Sheraton d\u2019Alger, dont la c\u00e9r\u00e9monie de cl\u00f4ture a \u00e9t\u00e9 rehauss\u00e9e par la\u00a0 pr\u00e9sence du Pr\u00e9sident Erdogan et du Premier ministre Abdelaziz Djerad. Le forum a \u00e9t\u00e9 l\u2019occasion, pour les Alg\u00e9riens, d\u2019exprimer leurs attentes en mati\u00e8re d\u2019implication des op\u00e9rateurs\u00a0 turcs dans\u00a0 des projets d\u2019 investissement en Alg\u00e9rie, et d\u2019exprimer leur adh\u00e9sion\u00a0 \u00e0 la nouvelle vision de relance \u00e9conomique que pr\u00e9conise le Pr\u00e9sident Tebboune. \u00abCe que nous demandons\u00a0 aux hommes d\u2019affaires turcs, c\u2019est\u00a0 surtout d\u2019investir\u00bb, indique la pr\u00e9sidente de la Conf\u00e9d\u00e9ration g\u00e9n\u00e9rale des entreprises alg\u00e9riennes, Sa\u00efda Neghza. Mme Neghza, qui est\u00a0 aussi pr\u00e9sidente de BusinessMed, organisation\u00a0 patronale regroupant 19 pays des rives nord et sud de la M\u00e9diterran\u00e9e, vice-pr\u00e9sidente de l\u2019Organisation internationale des employeurs (OIE) et membre du Conseil d\u2019Administration du Bureau International du Travail (BIT), affirme ne m\u00e9nager aucun effort pour convaincre les\u00a0\u00a0 partenaires \u00e9trangers de l\u2019Alg\u00e9rie du potentiel\u00a0 d\u2019investissement dont dispose le pays.\u00a0\u00abC\u2019est le\u00a0 moment ou jamais de concr\u00e9tiser des investissements diversifi\u00e9s et cr\u00e9ateurs\u00a0 de richesse et d\u2019emploi\u00bb, a-t-elle estim\u00e9, relevant que la\u00a0 nouvelle orientation \u00e9conomique\u00a0 que propose\u00a0 le pr\u00e9sident\u00a0 de la R\u00e9publique conforte cet\u00a0 objectif.\u00a0 Elle mettra en relief la disponibilit\u00e9 des hautes autorit\u00e9s du\u00a0 pays d\u2019affiner le cadre\u00a0 l\u00e9gislatif en proc\u00e9dant, notamment \u00e0 la r\u00e9vision de la r\u00e8gle 51\/49, que certains consid\u00e8rent comme un frein \u00e0 l\u2019investissement. \u00abJe\u00a0 pense qu\u2019avec l\u2019\u00e9lection de M. Abdelmadjid Tebboune, le climat des affaires et des investissements se projette\u00a0 d\u00e9sormais vers un meilleur avenir. Dans cette perspective, la CGEA est dispos\u00e9e \u00e0 contribuer efficacement\u00a0 au succ\u00e8s de cette nouvelle dynamique et \u00e0 aider notre cher pays \u00e0 mieux se d\u00e9velopper\u00bb, a-t-elle dit. De son c\u00f4t\u00e9, le pr\u00e9sident du Forum des chefs d\u2019entreprises, Sami Agli,\u00a0 affirme que la promotion des relations de coop\u00e9ration entre l\u2019Alg\u00e9rie et la Turquie pourrait\u00a0 concerner l\u2019ensemble des secteurs d\u2019activit\u00e9s \u00e0\u00a0 travers une d\u00e9marche privil\u00e9giant les investissements. Il\u2008exprime lui aussi son souhait de voir ces investissement se concr\u00e9tiser dans les meilleurs d\u00e9lais, notamment dans le\u00a0 domaine du\u00a0 num\u00e9rique, mais aussi dans diverses fili\u00e8res industrielles, ainsi que dans l\u2019agriculture.<br \/>Le\u00a0 FCE\u00a0 est en passe de finaliser son document, o\u00f9 sont formul\u00e9es les propositions de ce forum en vue d\u2019une\u00a0 meilleure relance \u00e9conomique dans le cadre des r\u00e9formes pr\u00e9conis\u00e9es par le Pr\u00e9sident\u00a0 Tebboune. Pour cette organisation patronale,\u00a0\u00a0\u00a0\u00a0 l\u2019Alg\u00e9rie jouit de plusieurs atouts qui peuvent\u00a0 convaincre et les op\u00e9rateurs de la Turquie\u00a0 et ceux\u00a0 d\u2019autres pays pour y investir.\u00a0\u00abL\u2019Alg\u00e9rie est la\u00a0 porte de toute l\u2019Afrique, c\u2019est un pays stable et\u00a0 son potentiel en investissements est tr\u00e8s attractif\u00bb,\u00a0 dit\u00a0 M. Agli. Pour sa part, Mme Berna Gosbasi, pr\u00e9sidente du Conseil d\u2019affaires Turquie \u2013 Afrique, a mis l\u2019accent sur la volont\u00e9 des op\u00e9rateurs de son pays d\u2019enclencher une v\u00e9ritable\u00a0 dynamique d\u2019investissement en Alg\u00e9rie.\u00a0\u00a0\u00a0\u00a0 \u00a0\u00a0\u00a0 \u00a0\u00a0\u00a0 \u00a0<br \/>Karim Aoudia<\/p>\n<p>&#8212;&#8212;&#8212;&#8212;&#8212;&#8212;&#8212;&#8212;&#8212;-<\/p>\n<p>Ecole Arezki-Adjoud \u00e0 la Casbah<br \/><strong>La premi\u00e8re Dame de Turquie inaugure un laboratoire informatique<\/strong><\/p>\n<p>La premi\u00e8re dame de la R\u00e9publique de Turquie, Mme Emine Erdogan, a inaugur\u00e9, hier dans la commune de La Casbah (Alger), un laboratoire informatique, \u00e0 l\u2019\u00e9cole primaire Arezki-Adjoud. Construit par l\u2019Agence turque de coop\u00e9ration et de coordination (Tika), ce laboratoire profitera en plus aux \u00e9l\u00e8ves de quatre \u00e9coles avoisinantes.<br \/>\u00c0 cette occasion, l\u2019\u00e9pouse du pr\u00e9sident turc, Recep Tayyip Erdogan, a rendu hommage au peuple alg\u00e9rien pour l\u2019accueil chaleureux qu\u2019il lui r\u00e9serve \u00e0 chaque visite, se disant tr\u00e8s heureuse de se retrouver en \u00abAlg\u00e9rie, un pays fr\u00e8re\u00bb.<br \/>Soulignant que \u00abl\u2019Alg\u00e9rie est une porte sur l\u2019Afrique\u00bb, elle a estim\u00e9 que le continent africain \u00abavance r\u00e9solument vers l\u2019avenir, fort de ses richesses naturelles, de son legs culturel et civilisationnel, et de son peuple chaleureux\u00bb, souhaitant que \u00able XXIe si\u00e8cle soit meilleur pour l\u2019Afrique\u00bb. Mme Erdogan a appel\u00e9 \u00e0 faciliter aux g\u00e9n\u00e9rations montantes en Afrique, l\u2019acc\u00e8s aux moyens technologiques modernes, en vue de favoriser les opportunit\u00e9s de leur r\u00e9ussite dans l\u2019avenir. Concernant le laboratoire informatique inaugur\u00e9, elle a souhait\u00e9 qu\u2019il pourra contribuer positivement au parcours scolaire des \u00e9l\u00e8ves. \u00abLa beaut\u00e9 de La Casbah d\u2019Alger est un voyage dans le temps de par ses monuments historiques, notamment ceux datant de l\u2019\u00e9poque ottomane\u00bb, a-t-elle relev\u00e9.<\/p>\n<p>Auteur: elmoudjahid<br \/>\n<a href=\"http:\/\/www.elmoudjahid.com\/fr\/actualites\/147673\">Cliquez ici pour lire l&rsquo;article depuis sa source.<\/a><\/p>\n","protected":false},"excerpt":{"rendered":"<p>Le Pr\u00e9sident Turc RecepTayyip Erdo\u011fan a plaid\u00e9 hier pour l\u2019\u00e9laboration d\u2019un accord de libre-\u00e9change avec l\u2019Alg\u00e9rie. \u00abL&rsquo;Alg\u00e9rie est un pays ami et un partenaire strat\u00e9gique avec lequel nous voulons\u00a0 combler les lacunes et r\u00e9aliser des projets gagnant-gagnant, avancer et s&rsquo;enrichir ensemble. De par sa position g\u00e9ographique, l&rsquo;Alg\u00e9rie est la porte vers le Maghreb, voire vers [&hellip;]<\/p>\n","protected":false},"author":1744,"featured_media":0,"comment_status":"closed","ping_status":"closed","sticky":false,"template":"","format":"standard","meta":{"fifu_image_url":"","fifu_image_alt":"","footnotes":""},"categories":[73,53],"tags":[],"class_list":["post-74321","post","type-post","status-publish","format-standard","hentry","category-actualite","category-algerie"],"_links":{"self":[{"href":"https:\/\/linitiative.ca\/International\/wp-json\/wp\/v2\/posts\/74321","targetHints":{"allow":["GET"]}}],"collection":[{"href":"https:\/\/linitiative.ca\/International\/wp-json\/wp\/v2\/posts"}],"about":[{"href":"https:\/\/linitiative.ca\/International\/wp-json\/wp\/v2\/types\/post"}],"author":[{"embeddable":true,"href":"https:\/\/linitiative.ca\/International\/wp-json\/wp\/v2\/users\/1744"}],"replies":[{"embeddable":true,"href":"https:\/\/linitiative.ca\/International\/wp-json\/wp\/v2\/comments?post=74321"}],"version-history":[{"count":0,"href":"https:\/\/linitiative.ca\/International\/wp-json\/wp\/v2\/posts\/74321\/revisions"}],"wp:attachment":[{"href":"https:\/\/linitiative.ca\/International\/wp-json\/wp\/v2\/media?parent=74321"}],"wp:term":[{"taxonomy":"category","embeddable":true,"href":"https:\/\/linitiative.ca\/International\/wp-json\/wp\/v2\/categories?post=74321"},{"taxonomy":"post_tag","embeddable":true,"href":"https:\/\/linitiative.ca\/International\/wp-json\/wp\/v2\/tags?post=74321"}],"curies":[{"name":"wp","href":"https:\/\/api.w.org\/{rel}","templated":true}]}}