{"id":74322,"date":"2020-01-26T18:00:00","date_gmt":"2020-01-26T23:00:00","guid":{"rendered":"https:\/\/linitiative.ca\/International\/le-premier-ministre-abdelaziz-djerad-le-gouvernement-algerien-sengage-a-soutenir-les-investissements-turcs\/"},"modified":"2020-01-26T18:00:00","modified_gmt":"2020-01-26T23:00:00","slug":"le-premier-ministre-abdelaziz-djerad-le-gouvernement-algerien-sengage-a-soutenir-les-investissements-turcs","status":"publish","type":"post","link":"https:\/\/linitiative.ca\/International\/le-premier-ministre-abdelaziz-djerad-le-gouvernement-algerien-sengage-a-soutenir-les-investissements-turcs\/","title":{"rendered":"Le Premier ministre Abdelaziz Djerad : \u00abLe gouvernement alg\u00e9rien s\u2019engage \u00e0 soutenir les investissements turcs\u00bb"},"content":{"rendered":"<p>La pr\u00e9sence du Pr\u00e9sident turc \u00e0 la c\u00e9r\u00e9monie de cl\u00f4ture du Forum d\u2019affaires alg\u00e9ro- turc \u00abconstitue un signe fort et symbolique, notamment apr\u00e8s l\u2019accord sign\u00e9 par le pr\u00e9sident de la R\u00e9publique Abdelmadjid Tebboune et son homologue turc Tayyip Recep Erdogan, pour a promotion et le d\u00e9veloppement de la coop\u00e9ration globale entre l\u2019Alg\u00e9rie et la Turquie, pour un partenariat efficace dans les secteurs de l\u2019\u00e9conomie,\u00a0 de l\u2019\u00e9nergie et de la culture\u00bb, a indiqu\u00e9, hier,\u00a0 le Premier ministre, Abdelaziz Djerad, dans son allocution de cl\u00f4ture des travaux du forum. \u00abPlusieurs projets d\u2019accords importants ont \u00e9t\u00e9 examin\u00e9s, lors de ce forum, qui s\u2019est sold\u00e9 par un consensus qui permettra de proc\u00e9der \u00e0 leur signature, dans les plus brefs d\u00e9lais\u00bb, a-t-il soulign\u00e9. \u00c0 cette occasion, le Premier ministre a annonc\u00e9 que la prochaine r\u00e9union du comit\u00e9 mixte de coop\u00e9ration \u00e9conomique, scientifique et technique se tiendra\u00a0 en Alg\u00e9rie, dans le courant de l\u2019ann\u00e9e. \u00abCette r\u00e9union sera une opportunit\u00e9 pour la consolidation de la coop\u00e9ration commune\u00bb, a indiqu\u00e9 M. Djerad. Dans cet ordre d\u2019id\u00e9es, il a affirm\u00e9 que les entretiens ont port\u00e9 essentiellement sur des accords pour la promotion des investissements, la protection du consommateur et le contr\u00f4le de la qualit\u00e9 des produits et des services, l\u2019emploi et la s\u00e9curit\u00e9 sociale, ainsi qu\u2019un m\u00e9morandum d\u2019entente sur la recherche scientifique et technologique, soulignant qu\u2019une importance particuli\u00e8re lui est\u00a0 accord\u00e9e,\u00a0 en raison de sa port\u00e9e. En outre, le Premier ministre a soulign\u00e9 qu\u2019un grand atelier, \u00abpour mettre en place un nouveau cadre pour les relations commerciales et des m\u00e9canismes pour l\u2019augmentation du volume des \u00e9changes dans l\u2019int\u00e9r\u00eat des deux pays\u00bb, sera organis\u00e9. Les volume des \u00e9changes est important, a relev\u00e9 M. Djerad, mais il est en de\u00e7\u00e0\u00a0 des relations \u00e9conomiques et commerciales entre les deux pays. \u00abCar, en r\u00e9alit\u00e9, dit-il, ces chiffres ne refl\u00e8tent pas les potentialit\u00e9s des deux parties, notamment dans le domaine \u00e9conomique.\u00bb Il souligne, dans ce sens,\u00a0 que le soutien et le renforcement des capacit\u00e9s \u00abpermettront d\u2019aller \u00e0 des niveaux sup\u00e9rieurs dans les relations bilat\u00e9rales et d\u2019ouvrir de nouveaux horizons\u00bb. \u00c9voquant les conclusions du Forum, le Premier ministre a affirm\u00e9 qu\u2019il a permis, particuli\u00e8rement, une visibilit\u00e9 pour les perspectives et la d\u00e9finition des capacit\u00e9s disponibles. \u00abLes discussions ont port\u00e9 sur la promotion de l\u2019investissement mutuel\u00bb, a-t-il dit. Il a assur\u00e9, en outre, que l\u2019Alg\u00e9rie, \u00e0 sa t\u00eate le pr\u00e9sident de la R\u00e9publique Abdelmadjid Tebboune,\u00a0 \u00abappr\u00e9cie fortement les engagements du Pr\u00e9sident et des entreprises turcs en faveur de l\u2019investissement en Alg\u00e9rie et leur contribution dans le d\u00e9veloppement \u00e9conomique global souhait\u00e9\u00bb.\u00a0 Dans cette optique, le Premier ministre a affirm\u00e9 \u00abl\u2019engagement du gouvernement alg\u00e9rien \u00e0 soutenir l\u2019investissement qui constitue une base\u00a0 solide pour le d\u00e9veloppement des relations bilat\u00e9rales\u00bb. Le forum est une occasion pour identifier les secteurs prioritaires pour le gouvernement, notamment la petite et moyenne industrie, les nouvelles technologies, l\u2019agriculture et l\u2019hydraulique. \u00abCe sont des axes importants qui vont\u00a0 renforcer les relations, non seulement entre les hommes d\u2019affaires, \u00e0 travers des projets pour un d\u00e9veloppement durable, mais aussi consolider la coop\u00e9ration entre les deux pays et les liens entre les deux peuples\u00bb, a conclu le Premier ministre.<br \/>N.\u2008B.<\/p>\n<p>Auteur: elmoudjahid<br \/>\n<a href=\"http:\/\/www.elmoudjahid.com\/fr\/actualites\/147674\">Cliquez ici pour lire l&rsquo;article depuis sa source.<\/a><\/p>\n","protected":false},"excerpt":{"rendered":"<p>La pr\u00e9sence du Pr\u00e9sident turc \u00e0 la c\u00e9r\u00e9monie de cl\u00f4ture du Forum d\u2019affaires alg\u00e9ro- turc \u00abconstitue un signe fort et symbolique, notamment apr\u00e8s l\u2019accord sign\u00e9 par le pr\u00e9sident de la R\u00e9publique Abdelmadjid Tebboune et son homologue turc Tayyip Recep Erdogan, pour a promotion et le d\u00e9veloppement de la coop\u00e9ration globale entre l\u2019Alg\u00e9rie et la Turquie, [&hellip;]<\/p>\n","protected":false},"author":1744,"featured_media":0,"comment_status":"closed","ping_status":"closed","sticky":false,"template":"","format":"standard","meta":{"fifu_image_url":"","fifu_image_alt":"","footnotes":""},"categories":[73,53],"tags":[],"class_list":["post-74322","post","type-post","status-publish","format-standard","hentry","category-actualite","category-algerie"],"_links":{"self":[{"href":"https:\/\/linitiative.ca\/International\/wp-json\/wp\/v2\/posts\/74322","targetHints":{"allow":["GET"]}}],"collection":[{"href":"https:\/\/linitiative.ca\/International\/wp-json\/wp\/v2\/posts"}],"about":[{"href":"https:\/\/linitiative.ca\/International\/wp-json\/wp\/v2\/types\/post"}],"author":[{"embeddable":true,"href":"https:\/\/linitiative.ca\/International\/wp-json\/wp\/v2\/users\/1744"}],"replies":[{"embeddable":true,"href":"https:\/\/linitiative.ca\/International\/wp-json\/wp\/v2\/comments?post=74322"}],"version-history":[{"count":0,"href":"https:\/\/linitiative.ca\/International\/wp-json\/wp\/v2\/posts\/74322\/revisions"}],"wp:attachment":[{"href":"https:\/\/linitiative.ca\/International\/wp-json\/wp\/v2\/media?parent=74322"}],"wp:term":[{"taxonomy":"category","embeddable":true,"href":"https:\/\/linitiative.ca\/International\/wp-json\/wp\/v2\/categories?post=74322"},{"taxonomy":"post_tag","embeddable":true,"href":"https:\/\/linitiative.ca\/International\/wp-json\/wp\/v2\/tags?post=74322"}],"curies":[{"name":"wp","href":"https:\/\/api.w.org\/{rel}","templated":true}]}}