{"id":74335,"date":"2020-01-26T20:48:20","date_gmt":"2020-01-27T01:48:20","guid":{"rendered":"https:\/\/linitiative.ca\/International\/debrayage-des-travailleurs-damnal-securite-a-lest\/"},"modified":"2020-01-26T20:48:20","modified_gmt":"2020-01-27T01:48:20","slug":"debrayage-des-travailleurs-damnal-securite-a-lest","status":"publish","type":"post","link":"https:\/\/linitiative.ca\/International\/debrayage-des-travailleurs-damnal-securite-a-lest\/","title":{"rendered":"D\u00e9brayage des travailleurs d&rsquo;Amnal-S\u00e9curit\u00e9 \u00e0 l&rsquo;Est"},"content":{"rendered":"<p><span class=\"c2\">Amine B.<\/span><\/p>\n<div readability=\"51\">\n<p>Les travailleurs d\u2019Amnal-S\u00e9curit\u00e9 sont en d\u00e9brayage ouvert depuis ce dimanche .<br \/>Le collectif des travailleurs de l\u2019entreprise sp\u00e9cialis\u00e9e dans le transport de fonds par fourgons blind\u00e9s s\u2019\u00e9l\u00e8vent, dans un communiqu\u00e9 publi\u00e9 dans l\u2019apr\u00e8s-midi, contre les conditions de travail qu\u2019ils qualifient d\u2019\u00ab\u00a0inadapt\u00e9s pour leur activit\u00e9\u00a0\u00bb. Ils d\u00e9signent les moyens de transport mis \u00e0 leur disposition, les camions-fourgons \u00ab\u00a0tr\u00e8s vieux\u00a0\u00bb pouvant pr\u00e9senter des risques pour le transport de fonds dont ils ont la charge. Leurs coll\u00e8gues des wilayas d\u2019Annaba, de Batna et de Bordj Bou Arr\u00e9ridj observent le m\u00eame mouvement, pr\u00e9cise l\u2019un des salari\u00e9s constantinois de la soci\u00e9t\u00e9.<br \/>Les contestataires, une trentaine \u00e0 Constantine, avancent, par ailleurs, des revendications socioprofessionnelles dont<br \/>\u00ab\u00a0la r\u00e9vision des salaires et l\u2019application du code du travail, maintes fois revendiqu\u00e9es aupr\u00e8s des repr\u00e9sentants de la direction r\u00e9gionale de leur employeur, sise \u00e0 la cit\u00e9 Sidi Mabrouk. Un sit-in avait \u00e9t\u00e9 organis\u00e9 il y a quatre mois afin d\u2019attirer l\u2019attention de ces derniers sur la d\u00e9gradation de leurs conditions de travail, pr\u00e9cise-t-on. Des promesses avanc\u00e9es par le responsable r\u00e9gional leur avaient alors laiss\u00e9 l\u2019espoir de voir les choses changer. \u00ab\u00a0Malheureusement, nous n\u2019avons rien vu venir, et c\u2019est pourquoi nous avons d\u00e9cid\u00e9 d\u2019opter pour un d\u00e9brayage ouvert, en concertation avec leurs confr\u00e8res des autres wilayas de l\u2019Est dont Annaba, Batna et Bordj Bou Arr\u00e9ridj\u00a0\u00bb. Notons qu\u2019un d\u00e9brayage avait paralys\u00e9 l\u2019entreprise en 2014. Des revendications similaires \u00e0 celles soulev\u00e9es hier avaient \u00e9t\u00e9 brandies. L\u2019entreprise est aussi vers\u00e9e dans l\u2019activit\u00e9 de gardiennage.<\/p>\n<\/div>\n<p>Auteur: Boudjedri<br \/>\n<a href=\"http:\/\/www.jeune-independant.net\/Debrayage-des-travailleurs-d-Amnal.html\">Cliquez ici pour lire l&rsquo;article depuis sa source.<\/a><\/p>\n","protected":false},"excerpt":{"rendered":"<p>Amine B. Les travailleurs d\u2019Amnal-S\u00e9curit\u00e9 sont en d\u00e9brayage ouvert depuis ce dimanche .Le collectif des travailleurs de l\u2019entreprise sp\u00e9cialis\u00e9e dans le transport de fonds par fourgons blind\u00e9s s\u2019\u00e9l\u00e8vent, dans un communiqu\u00e9 publi\u00e9 dans l\u2019apr\u00e8s-midi, contre les conditions de travail qu\u2019ils qualifient d\u2019\u00ab\u00a0inadapt\u00e9s pour leur activit\u00e9\u00a0\u00bb. Ils d\u00e9signent les moyens de transport mis \u00e0 leur disposition, [&hellip;]<\/p>\n","protected":false},"author":1737,"featured_media":0,"comment_status":"closed","ping_status":"closed","sticky":false,"template":"","format":"standard","meta":{"fifu_image_url":"","fifu_image_alt":"","footnotes":""},"categories":[73,53],"tags":[],"class_list":["post-74335","post","type-post","status-publish","format-standard","hentry","category-actualite","category-algerie"],"_links":{"self":[{"href":"https:\/\/linitiative.ca\/International\/wp-json\/wp\/v2\/posts\/74335","targetHints":{"allow":["GET"]}}],"collection":[{"href":"https:\/\/linitiative.ca\/International\/wp-json\/wp\/v2\/posts"}],"about":[{"href":"https:\/\/linitiative.ca\/International\/wp-json\/wp\/v2\/types\/post"}],"author":[{"embeddable":true,"href":"https:\/\/linitiative.ca\/International\/wp-json\/wp\/v2\/users\/1737"}],"replies":[{"embeddable":true,"href":"https:\/\/linitiative.ca\/International\/wp-json\/wp\/v2\/comments?post=74335"}],"version-history":[{"count":0,"href":"https:\/\/linitiative.ca\/International\/wp-json\/wp\/v2\/posts\/74335\/revisions"}],"wp:attachment":[{"href":"https:\/\/linitiative.ca\/International\/wp-json\/wp\/v2\/media?parent=74335"}],"wp:term":[{"taxonomy":"category","embeddable":true,"href":"https:\/\/linitiative.ca\/International\/wp-json\/wp\/v2\/categories?post=74335"},{"taxonomy":"post_tag","embeddable":true,"href":"https:\/\/linitiative.ca\/International\/wp-json\/wp\/v2\/tags?post=74335"}],"curies":[{"name":"wp","href":"https:\/\/api.w.org\/{rel}","templated":true}]}}