{"id":74336,"date":"2020-01-26T20:53:23","date_gmt":"2020-01-27T01:53:23","guid":{"rendered":"https:\/\/linitiative.ca\/International\/coupe-dalgerie-le-wa-boufarik-ejecte-le-mc-alger\/"},"modified":"2020-01-26T20:53:23","modified_gmt":"2020-01-27T01:53:23","slug":"coupe-dalgerie-le-wa-boufarik-ejecte-le-mc-alger","status":"publish","type":"post","link":"https:\/\/linitiative.ca\/International\/coupe-dalgerie-le-wa-boufarik-ejecte-le-mc-alger\/","title":{"rendered":"Coupe d&rsquo;Alg\u00e9rie : Le WA Boufarik \u00e9jecte le MC Alger"},"content":{"rendered":"<p>C\u2019est le premier coup de tonnerre dans cette \u00e9dition de la Coupe d\u2019Alg\u00e9rie de football. Il aura fallu attendre les seizi\u00e8mes de finale et cette mise \u00e0 jour pour qu\u2019un pensionnaire de la Ligue 1 professionnelle tr\u00e9buche face \u00e0 un club amateur.<br \/>Le MC Alger, second au classement et qui joue les premiers r\u00f4les en championnat, vient d\u2019\u00eatre \u00e9limin\u00e9 par le WA Boufarik, leader de la division amateur (groupe centre) aux tirs au but 5-4 (0-0 apr\u00e8s 90 minutes du temps r\u00e8glementaire et 30 minutes de jeu des prolongations).<br \/>Ce match en retard des 1\/16es de finale de la Coupe d\u2019Alg\u00e9rie de football, disput\u00e9 ce dimanche au stade Mohamed-Reggaz de Boufarik (Blida), a drain\u00e9 la foule des grands jours. Des mesures de s\u00e9curit\u00e9 exceptionnelles ont \u00e9t\u00e9 prises \u00e0 l\u2019occasion de cette rencontre, d\u2019autant que Boufarik, qui se morfond depuis une d\u00e9cennie en troisi\u00e8me division, est assoiff\u00e9 de beaux matchs de gala et de leurs ambiances qui rappellent les beaux jours des Oranges et Verts, depuis les ann\u00e9es 70 du si\u00e8cle dernier.<br \/>C\u2019est le 5e club de l\u2019\u00e9lite qui passe \u00e0 la trappe apr\u00e8s le NC Magra, le NA Husse\u00efn-Dey, la JS Kabylie et la JS Saoura.<br \/>Ces 16es de finale restent encore tronqu\u00e9s de deux rencontres\u00a0: ASM Oran (L2) &#8211; USM Alger (L1) et Paradou AC (L1) &#8211; MCB El Bayadh (IR), fix\u00e9es au jeudi 13 f\u00e9vrier prochain.<br \/>Lors de la premi\u00e8re partie des 16es de finale, la logique a \u00e9t\u00e9 plut\u00f4t respect\u00e9e avec la qualification des favoris, dont le tenant du troph\u00e9e le CR Belouizdad, en d\u00e9placement chez l\u2019Olympique M\u00e9d\u00e9a (1-0).<\/p>\n<p>Auteur: Boudjedri<br \/>\n<a href=\"http:\/\/www.jeune-independant.net\/Coupe-d-Algerie-Le-WA-Boufarik.html\">Cliquez ici pour lire l&rsquo;article depuis sa source.<\/a><\/p>\n","protected":false},"excerpt":{"rendered":"<p>C\u2019est le premier coup de tonnerre dans cette \u00e9dition de la Coupe d\u2019Alg\u00e9rie de football. Il aura fallu attendre les seizi\u00e8mes de finale et cette mise \u00e0 jour pour qu\u2019un pensionnaire de la Ligue 1 professionnelle tr\u00e9buche face \u00e0 un club amateur.Le MC Alger, second au classement et qui joue les premiers r\u00f4les en championnat, [&hellip;]<\/p>\n","protected":false},"author":1737,"featured_media":0,"comment_status":"closed","ping_status":"closed","sticky":false,"template":"","format":"standard","meta":{"fifu_image_url":"","fifu_image_alt":"","footnotes":""},"categories":[73,53],"tags":[],"class_list":["post-74336","post","type-post","status-publish","format-standard","hentry","category-actualite","category-algerie"],"_links":{"self":[{"href":"https:\/\/linitiative.ca\/International\/wp-json\/wp\/v2\/posts\/74336","targetHints":{"allow":["GET"]}}],"collection":[{"href":"https:\/\/linitiative.ca\/International\/wp-json\/wp\/v2\/posts"}],"about":[{"href":"https:\/\/linitiative.ca\/International\/wp-json\/wp\/v2\/types\/post"}],"author":[{"embeddable":true,"href":"https:\/\/linitiative.ca\/International\/wp-json\/wp\/v2\/users\/1737"}],"replies":[{"embeddable":true,"href":"https:\/\/linitiative.ca\/International\/wp-json\/wp\/v2\/comments?post=74336"}],"version-history":[{"count":0,"href":"https:\/\/linitiative.ca\/International\/wp-json\/wp\/v2\/posts\/74336\/revisions"}],"wp:attachment":[{"href":"https:\/\/linitiative.ca\/International\/wp-json\/wp\/v2\/media?parent=74336"}],"wp:term":[{"taxonomy":"category","embeddable":true,"href":"https:\/\/linitiative.ca\/International\/wp-json\/wp\/v2\/categories?post=74336"},{"taxonomy":"post_tag","embeddable":true,"href":"https:\/\/linitiative.ca\/International\/wp-json\/wp\/v2\/tags?post=74336"}],"curies":[{"name":"wp","href":"https:\/\/api.w.org\/{rel}","templated":true}]}}