{"id":74340,"date":"2020-01-27T04:10:45","date_gmt":"2020-01-27T09:10:45","guid":{"rendered":"https:\/\/linitiative.ca\/International\/youcef-tazibt-dirigeant-du-parti-des-travailleurs-pt-le-depart-des-symboles-du-regime-ne-signifie-absolument-pas-le-changement\/"},"modified":"2020-01-27T04:10:45","modified_gmt":"2020-01-27T09:10:45","slug":"youcef-tazibt-dirigeant-du-parti-des-travailleurs-pt-le-depart-des-symboles-du-regime-ne-signifie-absolument-pas-le-changement","status":"publish","type":"post","link":"https:\/\/linitiative.ca\/International\/youcef-tazibt-dirigeant-du-parti-des-travailleurs-pt-le-depart-des-symboles-du-regime-ne-signifie-absolument-pas-le-changement\/","title":{"rendered":"Youcef Tazibt. Dirigeant du Parti des travailleurs (PT) : \u00abLe d\u00e9part des symboles du r\u00e9gime ne signifie absolument pas le changement\u00bb"},"content":{"rendered":"<h4 class=\"title-14\"\/>\n<div class=\"featured_image\"><img loading=\"lazy\" decoding=\"async\" width=\"500\" height=\"500\" src=\"https:\/\/www.elwatan.com\/wp-content\/uploads\/2020\/01\/tazibt.jpg\" class=\"attachment-post-thumbnail size-post-thumbnail wp-post-image\" alt=\"\" srcset=\"https:\/\/www.elwatan.com\/wp-content\/uploads\/2020\/01\/tazibt.jpg 500w, https:\/\/www.elwatan.com\/wp-content\/uploads\/2020\/01\/tazibt-150x150.jpg 150w, https:\/\/www.elwatan.com\/wp-content\/uploads\/2020\/01\/tazibt-300x300.jpg 300w\" sizes=\"auto, (max-width: 500px) 100vw, 500px\"\/><\/div>\n<p class=\"p1\"><em><strong>-Les assises de l\u2019Alternative d\u00e9mocratique pour la souverainet\u00e9 populaire ont eu lieu le 25 janvier 2020. L\u2019objectif d\u2019une telle initiative est d\u2019arriver \u00e0 une conf\u00e9rence nationale en dehors du pouvoir. Comment\u00a0?<\/strong><\/em><\/p>\n<p class=\"p1\">Les assises de l\u2019Alternative d\u00e9mocratique et pour la souverainet\u00e9 populaire ont eu lieu effectivement le 25 janvier. Elles ont regroup\u00e9 400 participants venus des quatre coins du pays. En plus des partis politiques (FFS, PT, RCD, PST, MDS, UCP), de ligues de droits de l\u2019homme, de syndicats autonomes, nous avons enregistr\u00e9 la pr\u00e9sence de toute une s\u00e9rie de collectifs de citoyens, d\u2019\u00e9tudiants, de personnalit\u00e9s publiques\u2026 intervenant dans la r\u00e9volution du 22 F\u00e9vrier. Le PAD est un cadre unitaire pluriel. Chaque parti(e) participant aux assises a expliqu\u00e9 sa vision et son point de vue. Au-del\u00e0 des diff\u00e9rences d\u2019approche, ce qui est normal car le PAD n\u2019est pas un nouveau parti politique, il y a un ensemble de positions consensuelles qui ont \u00e9merg\u00e9.<\/p>\n<p class=\"p1\"><em><strong>-Quelles sont ces points de convergence\u00a0?<\/strong><\/em><\/p>\n<p class=\"p1\">Il y a accord, par exemple, sur le fait qu\u2019aucune solution conforme aux aspirations du peuple ne peut venir dans le cadre du maintien du r\u00e9gime en place, d\u2019o\u00f9 l\u2019appel \u00e0 la dissolution des institutions ill\u00e9gitimes et \u00e0 la tenue d\u2019une conf\u00e9rence nationale ind\u00e9pendante du syst\u00e8me et la mise en \u0153uvre d\u2019un processus constituant souverain. Les participants ont adopt\u00e9 une charte politique qui appuie franchement les revendications du peuple, qui aspire \u00e0 un vrai changement et qui veut exercer pleinement sa souverainet\u00e9. Le PT, dans le respect du cadre du PAD, a expos\u00e9 son point de vue qui part de la n\u00e9cessit\u00e9 de tout mettre en \u0153uvre pour que le peuple alg\u00e9rien puisse prendre effectivement son destin en main \u00e0 travers la mise en place d\u2019une Assembl\u00e9e constituante souveraine qui se chargera (sous le contr\u00f4le de la population mobilis\u00e9e) d\u2019\u00e9laborer une Constitution qui op\u00e9rera la rupture avec le syst\u00e8me actuel. Une Constitution qui garantira tous les droits politiques, \u00e9conomiques et socioculturels de la majorit\u00e9 du peuple.<\/p>\n<p class=\"p1\">Le d\u00e9part de plusieurs symboles du r\u00e9gime ne signifie absolument pas le changement de ce dernier, qui est toujours l\u00e0 avec ses pratiques r\u00e9pressives, ses interdictions, ses politiques antisociales\u2026 La question de la r\u00e9pression et celle des prisonniers politiques et d\u2019opinion ont b\u00e9n\u00e9fici\u00e9 d\u2019une motion particuli\u00e8re. La r\u00e9solution cite nomm\u00e9ment le cas de Louisa Hanoune, secr\u00e9taire g\u00e9n\u00e9rale du Parti des travailleurs, de Karim Tabbou, coordinateur de l\u2019Union d\u00e9mocratique et sociale, Abdelwaheb Fersaoui, pr\u00e9sident de l\u2019association de jeunes RAJ, et l\u2019\u00e9tudiante de l\u2019universit\u00e9 de Tlemcen, Nour El Houda Ougad, pour le symbole que repr\u00e9sente chacun d\u2019entre eux, \u00e0 savoir la criminalisation de l\u2019action politique et la question d\u2019une jeunesse pers\u00e9cut\u00e9e. La motion exige leur lib\u00e9ration imm\u00e9diate et sans condition et l\u2019arr\u00eat de la r\u00e9pression sous toutes ses formes. Le texte concluant les travaux des assises nationales exige la lev\u00e9e de toutes les entraves dress\u00e9es par le pouvoir de fait contre la r\u00e9volution. La charte exige le libre exercice de la politique, la libert\u00e9 de presse, de manifestation, d\u2019opinion. L\u2019arr\u00eat de la r\u00e9pression sous toutes ses formes.<\/p>\n<p class=\"p1\"><em><strong>-Certains reprochent aux acteurs politiques du PAD la radicalisation de leur position, notamment sur la question du dialogue. Est-ce vrai et pourquoi ce rejet du dialogue ?<\/strong><\/em><\/p>\n<p class=\"p1\">Les forces du PAD ont adopt\u00e9 dans leurs textes une d\u00e9marche qui vise \u00e0 cr\u00e9er les conditions favorables pour que le peuple puisse s\u2019exprimer librement sur tous les sujets qui l\u2019int\u00e9resse et qui le concerne. Il n\u2019y a aucun radicalisme dans le fait d\u2019\u0153uvrer pour la souverainet\u00e9 populaire, ni \u00e0 aider le peuple \u00e0 se doter souverainement d\u2019une Constitution qui r\u00e9pond \u00e0 ses aspirations. O\u00f9 est le radicalisme lorsque les forces de l\u2019Alternative d\u00e9mocratique r\u00e9clament la lib\u00e9ration des d\u00e9tenus politiques et d\u2019opinion ? O\u00f9 est la radicalit\u00e9 dans le fait d\u2019exiger l\u2019arr\u00eat de la r\u00e9pression\u00a0? De laisser le peuple exercer librement ses libert\u00e9s, les partis agir sans contrainte aucune\u00a0? La question se pose autrement. Qui a jet\u00e9 des centaines de personnes en prison ? Qui interdit la tenue de r\u00e9unions ? Qui r\u00e9prime des manifestations pacifiques ? En quoi est-ce radical de s\u2019opposer aux coups de force r\u00e9p\u00e9titifs qui visent \u00e0 maintenir un r\u00e9gime obsol\u00e8te, antid\u00e9mocratique\u00a0? Il n\u2019y a aucune radicalit\u00e9 dans les actions du PAD, qui vise \u00e0 accompagner le peuple dans sa qu\u00eate d\u2019\u00e9mancipation, d\u2019exercice de sa souverainet\u00e9. Les forces de l\u2019Alternative d\u00e9mocratique sont convaincues qu\u2019il n\u2019y a pas de possibilit\u00e9 de changement dans le cadre du maintien du syst\u00e8me actuel et elles agissent en cons\u00e9quence.<\/p>\n<p class=\"p1\"><em><strong>-Toutes les tentatives pour f\u00e9d\u00e9rer vos forces ont \u00e9chou\u00e9. Aujourd\u2019hui, les animateurs du PAD aspirent-ils \u00e0 retenter l\u2019exp\u00e9rience en mettant sur pied ce p\u00f4le qui se veut une force de proposition et un contre-pouvoir\u00a0?<\/strong><\/em><\/p>\n<p class=\"p1\">Les forces de l\u2019Alternative d\u00e9mocratique constituent un cadre de regroupement large de forces politiques, syndicales, associatives, et de collectifs et personnalit\u00e9s de divers bords politiques qui agissent dans la r\u00e9volution. Elles ont rejet\u00e9 tous les subterfuges et feuilles de route du pouvoir de fait, qui visent \u00e0 maintenir le syst\u00e8me\/r\u00e9gime. Leur refus de prendre part aux \u00e9lections du 12 d\u00e9cembre dernier \u00e9tait en totale ad\u00e9quation avec les exigences de rupture port\u00e9es par la population. En militant pour un processus constituant souverain, les forces de l\u2019Alternative refusent de r\u00e9duire le probl\u00e8me au changement d\u2019hommes. Pour elles, il faut changer le r\u00e9gime par les moyens de la d\u00e9mocratie et sur le principe de la souverainet\u00e9 populaire.<\/p>\n<p class=\"p1\"><strong><em>-Comment voyez-vous l\u2019issue \u00e0 la situation de crise actuelle ?<\/em><\/strong><\/p>\n<p class=\"p1\">Depuis le 22 f\u00e9vrier, le peuple alg\u00e9rien est dans un processus r\u00e9volutionnaire historique. D\u00e8s le d\u00e9but, le peuple alg\u00e9rien a pos\u00e9 la question du pouvoir. Qui gouvernera ? Et au profit de qui ? Il a \u00e9tabli clairement que le r\u00e9gime\/syst\u00e8me reposant sur des institutions ill\u00e9gitimes, antid\u00e9mocratiques et menant des politiques antisociales, voire antinationales devait partir. La r\u00e9pression tous azimuts, les emprisonnements arbitraires, la fermeture des champs politique et m\u00e9diatique, les atteintes aux libert\u00e9s d\u00e9mocratiques\u2026 loin de faire reculer la r\u00e9volution ont renforc\u00e9 la conviction chez la majorit\u00e9 du peuple dans la n\u00e9cessit\u00e9 de poursuivre son combat pour sa souverainet\u00e9. Le slogan <em>\u00abBlad bladna ou ndirou rayna\u00a0!\u00bb<\/em> (Ce pays est le n\u00f4tre on en fait ce qu\u2019on veut) traduit la volont\u00e9 d\u2019exercer pleinement la souverainet\u00e9. Notre secr\u00e9taire g\u00e9n\u00e9rale, Louisa Hanoune, est en prison depuis bient\u00f4t dix mois. L\u2019arbitraire qui la frappe est scandaleux.<\/p>\n<p class=\"p1\">Pour nous, l\u2019issue d\u00e9mocratique \u00e0 la situation historique que nous vivons r\u00e9side dans la mise en place d\u2019une Assembl\u00e9e constituante qui \u00e9tablira la souverainet\u00e9 du peuple sur les richesses naturelles pour satisfaire les revendications et aspirations qui s\u2019expriment depuis 11 mois. Le peuple doit s\u2019approprier le contr\u00f4le des richesses du pays, \u00e0 commencer par les hydrocarbures, pour les mettre au service de la majorit\u00e9 du peuple et non au service de la minorit\u00e9 pr\u00e9datrice qu\u2019elle soit nationale ou \u00e9trang\u00e8re. Une Assembl\u00e9e constituante qui mettra fin au bradage des biens de la collectivit\u00e9 nationale, r\u00e9tablira la r\u00e8gle de la souverainet\u00e9 51\/49, sauvera le syst\u00e8me de s\u00e9curit\u00e9 sociale, augmentera le pouvoir d\u2019achat des larges couches de la population. Une telle Assembl\u00e9e constituante repoussera toutes les tentatives d\u2019ing\u00e9rences \u00e9trang\u00e8res dans notre pays et n\u2019acceptera aucune pression des gouvernements \u00e9trangers qui tentent de nous pousser dans le bourbier libyen, comme c\u2019est le cas du ministre fran\u00e7ais des Affaires \u00e9trang\u00e8res et du pr\u00e9sident turc qui ont visit\u00e9 notre pays. Ceci est possible et r\u00e9alisable. La situation r\u00e9volutionnaire que nous vivons exige un libre d\u00e9bat entre tous les Alg\u00e9riens, qui r\u00e9clament l\u00e9gitimement un vrai changement. Un changement qui ne peut venir que par la libert\u00e9, la d\u00e9mocratie v\u00e9ritable, la souverainet\u00e9 pleine et enti\u00e8re du peuple qui a \u00e9t\u00e9 maintes fois trahi par de fausses promesses de \u00abr\u00e9formes\u00bb, notamment apr\u00e8s les soul\u00e8vements populaires en 1980, 1988, 2001, 2011.<\/p>\n<p class=\"p1\"><strong><em>-Vous avez lanc\u00e9 une alerte concernant l\u2019\u00e9tat de sant\u00e9 de Louisa Hanoune ; est-ce que cet SOS a trouv\u00e9 \u00e9cho aupr\u00e8s des concern\u00e9s ?<\/em><\/strong><\/p>\n<p class=\"p1\">Nous avons lanc\u00e9 cette alerte car son \u00e9tat de sant\u00e9 se d\u00e9t\u00e9riore. Elle a fait plusieurs malaises li\u00e9s \u00e0 ses maladies chroniques. Si le PT, en accord avec sa secr\u00e9taire g\u00e9n\u00e9rale, a d\u00e9cid\u00e9 d\u2019informer l\u2019opinion publique, c\u2019est que nous avons jug\u00e9 que sa vie pourrait \u00eatre en danger, car dans les conditions o\u00f9 elle est, tout peut arriver. Louisa Hanoune n\u2019a rien \u00e0 faire en prison. Elle subit une effroyable injustice. Le but de son emprisonnement puis sa condamnation arbitraires et de la faire taire, car c\u2019est une voix de la r\u00e9volution qui compte et qui p\u00e8se. Sa place est \u00e0 la t\u00eate du PT et au sein de son peuple. Il faut plusieurs jours pour avoir une id\u00e9e sur l\u2019\u00e9volution de son \u00e9tat de sant\u00e9, mais la revendication de sa lib\u00e9ration est politique elle n\u2019est pas humanitaire. Elle est une d\u00e9tenue politique et d\u2019opinion, c\u2019est pour la raison pour laquelle elle est soutenue par tous les partis attach\u00e9s \u00e0 la d\u00e9mocratie, des syndicats, des organisations des droits de l\u2019homme, des organisations de la soci\u00e9t\u00e9 civile et des centaines de personnalit\u00e9s publiques de divers horizons dans notre pays et dans plus de 100 pays dans le monde.<\/p>\n<p class=\"p1\"><strong><em>-Comment analysez-vous le traitement du dossier des d\u00e9tenus\u00a0: on lib\u00e8re un groupe\u00a0; on en interpelle un autre, on prolonge le mandat de d\u00e9p\u00f4t pour certains\u2026 A quelle logique cela r\u00e9pond-il ?<\/em><\/strong><\/p>\n<p class=\"p1\">Il faudrait poser cette question \u00e0 ceux qui mettent en \u0153uvre une telle politique, ceci \u00e9tant dit, depuis la lib\u00e9ration de 76 d\u00e9tenus le 2 janvier 2020, qui co\u00efncidait avec l\u2019annonce du gouvernement Tebboune, rien n\u2019est venu par la suite pour d\u00e9montrer un quelconque changement de cap. Louisa Hanoune est toujours en prison, comme le sont Karim Tabbou, Abdelwaheb Fersaoui, Samir Belarbi, Fodil Boumala, Nour El Houda Ougadi et des dizaines d\u2019autres d\u00e9tenu(e)s d\u2019opinion. D\u2019autres citoyens ont \u00e9t\u00e9 interpell\u00e9s durant plusieurs vendredis et mardis. Certains ont pass\u00e9 des nuits dans les commissariats puis ont \u00e9t\u00e9 rel\u00e2ch\u00e9s et poursuivis en justice, d\u2019autres sont mis en mandat d\u00e9p\u00f4t ou sont carr\u00e9ment condamn\u00e9s \u00e0 des peines de prison ferme. Faut-il rappeler que les autorit\u00e9s de fait ont refus\u00e9 d\u2019accorder l\u2019autorisation de tenir ces assises dans une salle publique (Safex), dont les responsables avaient donn\u00e9 leur accord pr\u00e9alable une semaine auparavant. Mieux, ce vendredi, Alger a \u00e9t\u00e9 quadrill\u00e9e par la police afin de tenter d\u2019emp\u00eacher les manifestations du 49<sup>e<\/sup>\u00a0vendredi de la r\u00e9volution. Idem pour certaines wilayas de l\u2019Ouest. Des arrestations ont \u00e9t\u00e9 op\u00e9r\u00e9es \u00e0 Alger et des gaz lacrymog\u00e8nes ont \u00e9t\u00e9 utilis\u00e9s pour tenter de disperser la manifestation autour du si\u00e8ge r\u00e9gional du RCD, \u00e0 Alger. Dans les faits, rien n\u2019a chang\u00e9. Les m\u00e9dias sont toujours interdits aux partis et forces de l\u2019opposition, qui \u00e9prouvent par ailleurs d\u2019\u00e9normes difficult\u00e9s \u00e0 agir \u00e0 cause de la r\u00e9pression et des restrictions drastiques des libert\u00e9s.<\/p>\n<p class=\"p1\"><em>Entretien r\u00e9alis\u00e9 par<\/em> \u00a0<strong>Nabila Amir<\/strong><\/p>\n<p><span class=\"post-views-label\">Post Views:<\/span> <span class=\"post-views-count\">1\u00a0644<\/span><\/p>\n<p><br class=\"c2\"\/><\/p>\n<p>Auteur: Hicham Chouadria<br \/>\n<a href=\"https:\/\/www.elwatan.com\/edition\/actualite\/youcef-tazibt-dirigeant-du-parti-des-travailleurs-pt-le-depart-des-symboles-du-regime-ne-signifie-absolument-pas-le-changement-27-01-2020\">Cliquez ici pour lire l&rsquo;article depuis sa source.<\/a><\/p>\n","protected":false},"excerpt":{"rendered":"<p>-Les assises de l\u2019Alternative d\u00e9mocratique pour la souverainet\u00e9 populaire ont eu lieu le 25 janvier 2020. L\u2019objectif d\u2019une telle initiative est d\u2019arriver \u00e0 une conf\u00e9rence nationale en dehors du pouvoir. Comment\u00a0? Les assises de l\u2019Alternative d\u00e9mocratique et pour la souverainet\u00e9 populaire ont eu lieu effectivement le 25 janvier. Elles ont regroup\u00e9 400 participants venus des [&hellip;]<\/p>\n","protected":false},"author":1743,"featured_media":74341,"comment_status":"closed","ping_status":"closed","sticky":false,"template":"","format":"standard","meta":{"fifu_image_url":"","fifu_image_alt":"","footnotes":""},"categories":[73,53],"tags":[],"class_list":["post-74340","post","type-post","status-publish","format-standard","has-post-thumbnail","hentry","category-actualite","category-algerie"],"_links":{"self":[{"href":"https:\/\/linitiative.ca\/International\/wp-json\/wp\/v2\/posts\/74340","targetHints":{"allow":["GET"]}}],"collection":[{"href":"https:\/\/linitiative.ca\/International\/wp-json\/wp\/v2\/posts"}],"about":[{"href":"https:\/\/linitiative.ca\/International\/wp-json\/wp\/v2\/types\/post"}],"author":[{"embeddable":true,"href":"https:\/\/linitiative.ca\/International\/wp-json\/wp\/v2\/users\/1743"}],"replies":[{"embeddable":true,"href":"https:\/\/linitiative.ca\/International\/wp-json\/wp\/v2\/comments?post=74340"}],"version-history":[{"count":0,"href":"https:\/\/linitiative.ca\/International\/wp-json\/wp\/v2\/posts\/74340\/revisions"}],"wp:featuredmedia":[{"embeddable":true,"href":"https:\/\/linitiative.ca\/International\/wp-json\/"}],"wp:attachment":[{"href":"https:\/\/linitiative.ca\/International\/wp-json\/wp\/v2\/media?parent=74340"}],"wp:term":[{"taxonomy":"category","embeddable":true,"href":"https:\/\/linitiative.ca\/International\/wp-json\/wp\/v2\/categories?post=74340"},{"taxonomy":"post_tag","embeddable":true,"href":"https:\/\/linitiative.ca\/International\/wp-json\/wp\/v2\/tags?post=74340"}],"curies":[{"name":"wp","href":"https:\/\/api.w.org\/{rel}","templated":true}]}}