{"id":74342,"date":"2020-01-27T04:15:01","date_gmt":"2020-01-27T09:15:01","guid":{"rendered":"https:\/\/linitiative.ca\/International\/mouvement-dans-le-corps-des-walis-quelques-mutations-et-beaucoup-de-promotions\/"},"modified":"2020-01-27T04:15:01","modified_gmt":"2020-01-27T09:15:01","slug":"mouvement-dans-le-corps-des-walis-quelques-mutations-et-beaucoup-de-promotions","status":"publish","type":"post","link":"https:\/\/linitiative.ca\/International\/mouvement-dans-le-corps-des-walis-quelques-mutations-et-beaucoup-de-promotions\/","title":{"rendered":"Mouvement dans le corps des Walis : Quelques mutations et beaucoup de promotions"},"content":{"rendered":"<h4 class=\"title-14\"\/>\n<p class=\"p1\"><span class=\"s1\">L<\/span><span class=\"s2\">e pr\u00e9sident de la R\u00e9publique, Abdelmadjid Tebboune, a proc\u00e9d\u00e9, avant-hier, \u00e0 un remaniement partiel dans le corps des walis et des walis d\u00e9l\u00e9gu\u00e9s. En somme, il y a eu nomination de 25 nouveaux walis et 4 walis d\u00e9l\u00e9gu\u00e9s. Parmi eux, 9 occupaient ce poste dans une autre wilaya.<\/span><\/p>\n<p class=\"p1\"><span class=\"s2\">Il s\u2019agit globalement de promotion, \u00e9tant donn\u00e9 que la plupart d\u2019entre eux, 15, \u00e9taient des secr\u00e9taires g\u00e9n\u00e9raux de wilaya, chefs de da\u00efra, wali d\u00e9l\u00e9gu\u00e9 (promu wali) ou cadre du minist\u00e8re de l\u2019Int\u00e9rieur. Il y a lieu de citer, \u00e0 cet effet, celui qui fut le wali d\u2019Alger, Seyouda Abdelkhalek, nomm\u00e9 en avril dernier, \u00e0 la suite du placement de Abdelkader Zoukh sous contr\u00f4le judiciaire, a \u00e9t\u00e9 mut\u00e9 \u00e0 Mascara. Seyouda a \u00e9t\u00e9 remplac\u00e9 par l\u2019ancien wali de Blida, Youcef Cherfa. Autre permutation, celle de Saci Ahmed Abdelhafid, nomm\u00e9 \u00e0 Constantine alors qu\u2019il \u00e9tait \u00e0 Sidi Bel Abb\u00e8s, tandis que ce poste est revenu \u00e0 Mustapha Limani qui \u00e9tait, lui, \u00e0 Bouira. Par contre, six secr\u00e9taires g\u00e9n\u00e9raux, dont celui d\u2019Alger, Mohamed Benamar, qui a h\u00e9rit\u00e9 de Djelfa, ont \u00e9t\u00e9 promus walis. Il y a \u00e9galement le secr\u00e9taire g\u00e9n\u00e9ral du minist\u00e8re de l\u2019Int\u00e9rieur, Mohamed Amine Deramchi, d\u00e9sormais wali de Tiaret, et le directeur du Centre national d\u2019\u00e9tudes et d\u2019analyses pour la population et le d\u00e9veloppement, relevant du minist\u00e8re de l\u2019Int\u00e9rieur, Abdelkader Kelkal, nomm\u00e9 \u00e0 Jijel.<\/span><\/p>\n<p class=\"p2\"><span class=\"s2\">Comme \u00e0 son habitude, la pr\u00e9sidence de la R\u00e9publique n\u2019a pas donn\u00e9 d\u2019indication quant aux raisons l\u2019ayant pouss\u00e9e \u00e0 op\u00e9rer ces changements pr\u00e9cis. Si des informations font \u00e9tat du \u00abcomportement\u00bb de certains d\u2019entre eux lors de la pr\u00e9sidentielle du 12 d\u00e9cembre, ceux-l\u00e0 ayant \u00e9ventuellement opt\u00e9 pour un candidat pr\u00e9cis, d\u2019autres par contre \u00e9voquent la gestion des affaires des wilayas qui leur ont \u00e9t\u00e9 confi\u00e9es.<\/span><\/p>\n<p class=\"p2\"><span class=\"s2\">En tout cas, avant-hier soir, \u00e0 l\u2019heure de l\u2019annonce de ce remaniement, un \u00abcafouillage\u00bb a \u00e9t\u00e9 ressenti lors du journal t\u00e9l\u00e9vis\u00e9 de l\u2019EPTV. La liste des nominations a \u00e9t\u00e9 rendue publique dans un premier temps sans celle des mis \u00e0 l\u2019\u00e9cart. A noter, par ailleurs, que parmi les 19 walis auxquels la Pr\u00e9sidence a mis fin \u00e0 leurs fonctions, seuls deux avaient \u00e9t\u00e9 nomm\u00e9s avant 2017. Trois d\u2019entre eux, par contre, en l\u2019occurrence Delfouf Hadjri (Mascara), Belhadjaz El Ghali (Bordj Bou Arr\u00e9ridj) et Amiar Mohamed (M\u2019sila), ne sont rest\u00e9s \u00e0 leur poste que moins de cinq mois, puisque nomm\u00e9s par le chef de l\u2019Etat, Abdelkader Bensalah, en septembre dernier.<\/span><\/p>\n<p class=\"p2\"><span class=\"s2\">Ces derni\u00e8res ann\u00e9es, les walis restent de moins en moins longtemps \u00e0 leur poste. Face aux diff\u00e9rents probl\u00e8mes auxquels font face les citoyens, les responsables de wilaya sont souvent les premiers \u00e0 se faire \u00e9jecter au moindre mouvement de contestation.\u00a0<\/span><\/p>\n<p><span class=\"post-views-label\">Post Views:<\/span> <span class=\"post-views-count\">2\u00a0055<\/span><\/p>\n<p><br class=\"c2\"\/><\/p>\n<p>Auteur: Hicham Chouadria<br \/>\n<a href=\"https:\/\/www.elwatan.com\/edition\/actualite\/mouvement-dans-le-corps-des-walis-quelques-mutations-et-beaucoup-de-promotions-27-01-2020\">Cliquez ici pour lire l&rsquo;article depuis sa source.<\/a><\/p>\n","protected":false},"excerpt":{"rendered":"<p>Le pr\u00e9sident de la R\u00e9publique, Abdelmadjid Tebboune, a proc\u00e9d\u00e9, avant-hier, \u00e0 un remaniement partiel dans le corps des walis et des walis d\u00e9l\u00e9gu\u00e9s. En somme, il y a eu nomination de 25 nouveaux walis et 4 walis d\u00e9l\u00e9gu\u00e9s. Parmi eux, 9 occupaient ce poste dans une autre wilaya. Il s\u2019agit globalement de promotion, \u00e9tant donn\u00e9 [&hellip;]<\/p>\n","protected":false},"author":1743,"featured_media":0,"comment_status":"closed","ping_status":"closed","sticky":false,"template":"","format":"standard","meta":{"fifu_image_url":"","fifu_image_alt":"","footnotes":""},"categories":[73,53],"tags":[],"class_list":["post-74342","post","type-post","status-publish","format-standard","hentry","category-actualite","category-algerie"],"_links":{"self":[{"href":"https:\/\/linitiative.ca\/International\/wp-json\/wp\/v2\/posts\/74342","targetHints":{"allow":["GET"]}}],"collection":[{"href":"https:\/\/linitiative.ca\/International\/wp-json\/wp\/v2\/posts"}],"about":[{"href":"https:\/\/linitiative.ca\/International\/wp-json\/wp\/v2\/types\/post"}],"author":[{"embeddable":true,"href":"https:\/\/linitiative.ca\/International\/wp-json\/wp\/v2\/users\/1743"}],"replies":[{"embeddable":true,"href":"https:\/\/linitiative.ca\/International\/wp-json\/wp\/v2\/comments?post=74342"}],"version-history":[{"count":0,"href":"https:\/\/linitiative.ca\/International\/wp-json\/wp\/v2\/posts\/74342\/revisions"}],"wp:attachment":[{"href":"https:\/\/linitiative.ca\/International\/wp-json\/wp\/v2\/media?parent=74342"}],"wp:term":[{"taxonomy":"category","embeddable":true,"href":"https:\/\/linitiative.ca\/International\/wp-json\/wp\/v2\/categories?post=74342"},{"taxonomy":"post_tag","embeddable":true,"href":"https:\/\/linitiative.ca\/International\/wp-json\/wp\/v2\/tags?post=74342"}],"curies":[{"name":"wp","href":"https:\/\/api.w.org\/{rel}","templated":true}]}}