{"id":74343,"date":"2020-01-27T04:18:15","date_gmt":"2020-01-27T09:18:15","guid":{"rendered":"https:\/\/linitiative.ca\/International\/controle-judiciaire-pour-quatre-manifestants\/"},"modified":"2020-01-27T04:18:15","modified_gmt":"2020-01-27T09:18:15","slug":"controle-judiciaire-pour-quatre-manifestants","status":"publish","type":"post","link":"https:\/\/linitiative.ca\/International\/controle-judiciaire-pour-quatre-manifestants\/","title":{"rendered":"Contr\u00f4le judiciaire pour quatre manifestants"},"content":{"rendered":"<h4 class=\"title-14\"\/>\n<p class=\"p2\"><span class=\"s2\">Les quatre manifestants, arr\u00eat\u00e9s vendredi 24 janvier, lors de la 49<sup>e<\/sup> marche populaire, ont \u00e9t\u00e9 plac\u00e9s sous contr\u00f4le judiciaire par le tribunal de Sidi M\u2019hamed. Le juge d\u2019instruction pr\u00e8s le tribunal de Sidi M\u2019hamed a, en effet, ordonn\u00e9 hier le placement sous contr\u00f4le judiciaire des quatre manifestants : Aloune Nabil, Nouredine Khelil, Lahouazi Ilyas et Ferhani Mohamed Elhadi.<\/span><\/p>\n<p class=\"p2\"><span class=\"s2\">Selon des avocats, les mis en cause ont re\u00e7u notification de ne pas participer \u00e0 <em>\u00abdes marches non autoris\u00e9es\u00bb<\/em>, alors que Lahouazi Ilyas, r\u00e9sident en France, devra restituer son passeport. Un rassemblement de solidarit\u00e9 a \u00e9t\u00e9 organis\u00e9 devant le tribunal pour exiger leur lib\u00e9ration. Les protestataires ont d\u00e9nonc\u00e9 leurs conditions d\u2019interpellation. <em>\u00abNous \u00e9tions nombreux \u00e0 \u00eatre pr\u00e9sents dans les m\u00eames carr\u00e9s o\u00f9 ces personnes ont \u00e9t\u00e9 interpell\u00e9es avec une violence inou\u00efe. Elles n\u2019ont fait que revendiquer pacifiquement un changement dans le pays face \u00e0 un pouvoir ill\u00e9gitime qui n\u2019a de carburant que la violence et la fraude pour le maintien du syst\u00e8me. Nous savons tous que la justice alg\u00e9rienne est soumise et aux ordres, une justice qu\u2019il va falloir aussi lib\u00e9rer pour lui permettre de fonctionner librement et en toute ind\u00e9pendance\u2026 De l\u2019avis des avocats pr\u00e9sents au tribunal, les dossiers des pr\u00e9venus sont vides et toute condamnation ne rel\u00e8vera que d\u2019ordres en dehors de la loi et d\u2019une instrumentalisation pour faire pression sur l\u2019extraordinaire mobilisation du peuple alg\u00e9rien pour recouvrer sa souverainet\u00e9\u00bb<\/em>, a estim\u00e9 Atmane Mazouz, secr\u00e9taire national du RCD, relevant que le Pr\u00e9sident ne pourra pas permettre que <em>\u00abla justice se lib\u00e8re des injonctions du pouvoir de l\u2019ombre\u00bb<\/em>.<\/span><\/p>\n<p><span class=\"post-views-label\">Post Views:<\/span> <span class=\"post-views-count\">239<\/span><\/p>\n<p><br class=\"c2\"\/><\/p>\n<p>Auteur: Hicham Chouadria<br \/>\n<a href=\"https:\/\/www.elwatan.com\/edition\/actualite\/controle-judiciaire-pour-quatre-manifestants-27-01-2020\">Cliquez ici pour lire l&rsquo;article depuis sa source.<\/a><\/p>\n","protected":false},"excerpt":{"rendered":"<p>Les quatre manifestants, arr\u00eat\u00e9s vendredi 24 janvier, lors de la 49e marche populaire, ont \u00e9t\u00e9 plac\u00e9s sous contr\u00f4le judiciaire par le tribunal de Sidi M\u2019hamed. Le juge d\u2019instruction pr\u00e8s le tribunal de Sidi M\u2019hamed a, en effet, ordonn\u00e9 hier le placement sous contr\u00f4le judiciaire des quatre manifestants : Aloune Nabil, Nouredine Khelil, Lahouazi Ilyas et [&hellip;]<\/p>\n","protected":false},"author":1743,"featured_media":0,"comment_status":"closed","ping_status":"closed","sticky":false,"template":"","format":"standard","meta":{"fifu_image_url":"","fifu_image_alt":"","footnotes":""},"categories":[73,53],"tags":[],"class_list":["post-74343","post","type-post","status-publish","format-standard","hentry","category-actualite","category-algerie"],"_links":{"self":[{"href":"https:\/\/linitiative.ca\/International\/wp-json\/wp\/v2\/posts\/74343","targetHints":{"allow":["GET"]}}],"collection":[{"href":"https:\/\/linitiative.ca\/International\/wp-json\/wp\/v2\/posts"}],"about":[{"href":"https:\/\/linitiative.ca\/International\/wp-json\/wp\/v2\/types\/post"}],"author":[{"embeddable":true,"href":"https:\/\/linitiative.ca\/International\/wp-json\/wp\/v2\/users\/1743"}],"replies":[{"embeddable":true,"href":"https:\/\/linitiative.ca\/International\/wp-json\/wp\/v2\/comments?post=74343"}],"version-history":[{"count":0,"href":"https:\/\/linitiative.ca\/International\/wp-json\/wp\/v2\/posts\/74343\/revisions"}],"wp:attachment":[{"href":"https:\/\/linitiative.ca\/International\/wp-json\/wp\/v2\/media?parent=74343"}],"wp:term":[{"taxonomy":"category","embeddable":true,"href":"https:\/\/linitiative.ca\/International\/wp-json\/wp\/v2\/categories?post=74343"},{"taxonomy":"post_tag","embeddable":true,"href":"https:\/\/linitiative.ca\/International\/wp-json\/wp\/v2\/tags?post=74343"}],"curies":[{"name":"wp","href":"https:\/\/api.w.org\/{rel}","templated":true}]}}