{"id":74344,"date":"2020-01-27T04:20:10","date_gmt":"2020-01-27T09:20:10","guid":{"rendered":"https:\/\/linitiative.ca\/International\/sa-famille-exige-la-programmation-rapide-de-son-proces-le-dossier-de-karim-tabbou-renvoye-en-correctionnelle\/"},"modified":"2020-01-27T04:20:10","modified_gmt":"2020-01-27T09:20:10","slug":"sa-famille-exige-la-programmation-rapide-de-son-proces-le-dossier-de-karim-tabbou-renvoye-en-correctionnelle","status":"publish","type":"post","link":"https:\/\/linitiative.ca\/International\/sa-famille-exige-la-programmation-rapide-de-son-proces-le-dossier-de-karim-tabbou-renvoye-en-correctionnelle\/","title":{"rendered":"Sa famille exige la programmation \u00abrapide\u00bb de son proc\u00e8s : Le dossier de Karim Tabbou renvoy\u00e9 en correctionnelle"},"content":{"rendered":"<h4 class=\"title-14\"\/>\n<div class=\"featured_image\"><img loading=\"lazy\" decoding=\"async\" width=\"741\" height=\"414\" src=\"https:\/\/www.elwatan.com\/wp-content\/uploads\/2020\/01\/tabbou.jpg\" class=\"attachment-post-thumbnail size-post-thumbnail wp-post-image\" alt=\"\" srcset=\"https:\/\/www.elwatan.com\/wp-content\/uploads\/2020\/01\/tabbou.jpg 741w, https:\/\/www.elwatan.com\/wp-content\/uploads\/2020\/01\/tabbou-300x168.jpg 300w\" sizes=\"auto, (max-width: 741px) 100vw, 741px\"\/><\/div>\n<p class=\"p1\"><span class=\"s1\">L<\/span><span class=\"s2\">e juge d\u2019instruction de la 10<sup>e<\/sup> chambre du tribunal de Sidi M\u2019hamed a transmis le dossier du d\u00e9tenu Karim Tabbou en correctionnelle. Le procureur du m\u00eame tribunal a d\u00e9cid\u00e9 de faire appel, a rapport\u00e9 le Comit\u00e9 national pour la lib\u00e9ration des d\u00e9tenus (CNLD) sur sa page Facebook.<\/span><\/p>\n<p class=\"p1\"><span class=\"s2\">Plac\u00e9 une premi\u00e8re fois sous mandat de d\u00e9p\u00f4t, le 12 septembre 2019, par le juge d\u2019instruction pr\u00e8s le tribunal de Kol\u00e9a pour le chef d\u2019inculpation d\u2019\u00abatteinte au moral de l\u2019arm\u00e9e\u00bb, le coordinateur de l\u2019UDS a \u00e9t\u00e9 remis en libert\u00e9 le 25 septembre par la chambre d\u2019accusation pr\u00e8s la cour de Tipasa. Moins de 24 heures apr\u00e8s, il est arr\u00eat\u00e9 \u00e0 son domicile et pr\u00e9sent\u00e9 devant le juge d\u2019instruction du tribunal de Sidi M\u2019hamed (Alger), qui l\u2019a renvoy\u00e9 \u00e0 la prison de Kol\u00e9a. Il est poursuivi pour \u00abincitation \u00e0 des actes de violence dans le but de porter atteinte \u00e0 la s\u00e9curit\u00e9 nationale\u00bb et \u00abatteinte \u00e0 l\u2019unit\u00e9 nationale\u00bb.<\/span><\/p>\n<p class=\"p1\"><span class=\"s2\">Dans une d\u00e9claration \u00e0 <em>El Watan<\/em>, Djaffar Tabbou, fr\u00e8re du d\u00e9tenu, a exprim\u00e9 sa gratitude au peuple alg\u00e9rien, qui <em>\u00aba port\u00e9 haut et fort son nom dans les quatre coins du pays\u00bb<\/em>, et a souhait\u00e9 la programmation <em>\u00able plus t\u00f4t possible\u00bb<\/em> du proc\u00e8s. <em>\u00abConvaincus de son innocence, nous demandons que la lumi\u00e8re soit faite sur les conditions de son arrestation, son interrogatoire ainsi que les conditions de son incarc\u00e9ration en isolement. N\u00e9anmoins, nous sommes fiers de notre fils qui, depuis des d\u00e9cennies, s\u2019est engag\u00e9 pour les causes justes. J\u2019esp\u00e8re que le proc\u00e8s sera programm\u00e9 le plus t\u00f4t possible pour permettre \u00e0 mon fr\u00e8re de se d\u00e9fendre\u00bb<\/em>, r\u00e9clame-t-il. Azzedine Toumi, militant politique et proche de Karim Tabbou, s\u2019est r\u00e9joui de la <em>\u00abbonne nouvelle\u00bb<\/em> du renvoi du dossier en correctionnelle, mais reste convaincu que l\u2019ancien premier secr\u00e9taire national du FFS, d\u00e9tenu pour s\u2019\u00eatre oppos\u00e9 au <em>\u00abplan du pouvoir\u00bb<\/em>, sera lib\u00e9r\u00e9 sur ordre.<\/span><\/p>\n<p class=\"p3\"><strong><span class=\"s2\">Le dossier de Fersaoui non transmis \u00e0 la justice\u00a0!<\/span><\/strong><\/p>\n<p class=\"p2\"><span class=\"s2\"><em>\u00abApr\u00e8s plus de quatre mois en isolement total, sans jugement, le dossier conna\u00eet enfin une petite avanc\u00e9e, m\u00eame si je reste convaincu que Karim est un d\u00e9tenu politique, il a \u00e9t\u00e9 arr\u00eat\u00e9 pour avoir eu des positions politiques en s\u2019opposant au plan du pouvoir. Incarc\u00e9r\u00e9 sur ordre, il va \u00eatre lib\u00e9r\u00e9 sur un autre ordre. Son passage par la justice n\u2019est qu\u2019une formalit\u00e9 d\u00e8s lors que le pouvoir avait d\u00e9cid\u00e9 de l\u2019incarc\u00e9rer\u00bb<\/em>, tranche M. Toumi. Et de d\u00e9plorer les conditions de d\u00e9tention du prisonnier de Kol\u00e9a : <em>\u00abA savoir plus quatre mois d\u2019isolement sans aucun contact humain \u00e0 part ses avocats et 20 minutes tous les 15 jours avec sa famille. Quatre mois de d\u00e9tention sans jugement, puis le renouvellement de sa d\u00e9tention provisoire de quatre mois, c\u2019est arbitraire. Convaincu de son innocence, je demande sa lib\u00e9ration imm\u00e9diate et sans condition et la lev\u00e9e de toutes les accusations qui sont d\u2019ailleurs infond\u00e9es.\u00bb<\/em><\/span><\/p>\n<p class=\"p2\"><span class=\"s2\">Aujourd\u2019hui, le proc\u00e8s de Samir\u00a0\u00a0<\/span><span class=\"s2\">Benlarbi est programm\u00e9 au tribunal de Bir Mourad Ra\u00efs. Celui du d\u00e9fenseur des droits de l\u2019homme et syndicaliste d\u2019Oran, Kaddour Chouicha, aura lieu demain \u00e0 la cour d\u2019Oran, a pr\u00e9cis\u00e9 le CNLD.<span class=\"Apple-converted-space\">\u00a0<\/span> Sa\u00efd Salhi, vice-pr\u00e9sident de la LADDH, estime que les d\u00e9tenus d\u2019opinion sont utilis\u00e9s comme <em>\u00abcarte de chantage\u00bb<\/em> pour faire plier le hirak et le d\u00e9vier de son exigence de changement effectif du syst\u00e8me.<\/span><\/p>\n<p class=\"p2\"><span class=\"s2\">Il d\u00e9nonce la non-programmation du proc\u00e8s de Abdelwahab Fersaoui, pr\u00e9sident du Rassemblement Actions Jeunesse (RAJ). <em>\u00abM\u00eame ceux qui sont lib\u00e9r\u00e9s sont en situation provisoire. Les d\u00e9tenus les plus en vue sont aussi objet de ce chantage, dont Tabbou, Boumala et Benlarbi. On se r\u00e9jouit que leurs dossiers soient envoy\u00e9s pour le proc\u00e8s. Ce qui est surprenant c\u2019est le cas de Fersaoui Abdelwahab, pr\u00e9sident du RAJ, et tout l\u2019acharnement contre cette association. C\u2019est le seul dont le dossier n\u2019est pas transmis pour le proc\u00e8s. C\u2019est un acharnement contre la soci\u00e9t\u00e9 civile, qui n\u2019a pourtant m\u00e9nag\u00e9 aucun effort de m\u00e9diation, proposition de solution politique. Veut-on la sanctionner pour ce travail exceptionnel\u00a0? En arr\u00eatant encore une fois Fersaoui, un des animateurs en vue du hirak et de la soci\u00e9t\u00e9 civile, le pouvoir tente de casser tous les efforts de la soci\u00e9t\u00e9 civile qui reste un acteur incontournable dans toute solution. Les d\u00e9tenus ne doivent pas \u00eatre utilis\u00e9s comme des otages\u00bb<\/em>, d\u00e9nonce Salhi.\u00a0<\/span><\/p>\n<p><span class=\"post-views-label\">Post Views:<\/span> <span class=\"post-views-count\">8\u00a0123<\/span><\/p>\n<p><br class=\"c2\"\/><\/p>\n<p>Auteur: Hicham Chouadria<br \/>\n<a href=\"https:\/\/www.elwatan.com\/edition\/actualite\/sa-famille-exige-la-programmation-rapide-de-son-proces-le-dossier-de-karim-tabbou-renvoye-en-correctionnelle-27-01-2020\">Cliquez ici pour lire l&rsquo;article depuis sa source.<\/a><\/p>\n","protected":false},"excerpt":{"rendered":"<p>Le juge d\u2019instruction de la 10e chambre du tribunal de Sidi M\u2019hamed a transmis le dossier du d\u00e9tenu Karim Tabbou en correctionnelle. Le procureur du m\u00eame tribunal a d\u00e9cid\u00e9 de faire appel, a rapport\u00e9 le Comit\u00e9 national pour la lib\u00e9ration des d\u00e9tenus (CNLD) sur sa page Facebook. Plac\u00e9 une premi\u00e8re fois sous mandat de d\u00e9p\u00f4t, [&hellip;]<\/p>\n","protected":false},"author":1743,"featured_media":74345,"comment_status":"closed","ping_status":"closed","sticky":false,"template":"","format":"standard","meta":{"fifu_image_url":"","fifu_image_alt":"","footnotes":""},"categories":[73,53],"tags":[],"class_list":["post-74344","post","type-post","status-publish","format-standard","has-post-thumbnail","hentry","category-actualite","category-algerie"],"_links":{"self":[{"href":"https:\/\/linitiative.ca\/International\/wp-json\/wp\/v2\/posts\/74344","targetHints":{"allow":["GET"]}}],"collection":[{"href":"https:\/\/linitiative.ca\/International\/wp-json\/wp\/v2\/posts"}],"about":[{"href":"https:\/\/linitiative.ca\/International\/wp-json\/wp\/v2\/types\/post"}],"author":[{"embeddable":true,"href":"https:\/\/linitiative.ca\/International\/wp-json\/wp\/v2\/users\/1743"}],"replies":[{"embeddable":true,"href":"https:\/\/linitiative.ca\/International\/wp-json\/wp\/v2\/comments?post=74344"}],"version-history":[{"count":0,"href":"https:\/\/linitiative.ca\/International\/wp-json\/wp\/v2\/posts\/74344\/revisions"}],"wp:featuredmedia":[{"embeddable":true,"href":"https:\/\/linitiative.ca\/International\/wp-json\/"}],"wp:attachment":[{"href":"https:\/\/linitiative.ca\/International\/wp-json\/wp\/v2\/media?parent=74344"}],"wp:term":[{"taxonomy":"category","embeddable":true,"href":"https:\/\/linitiative.ca\/International\/wp-json\/wp\/v2\/categories?post=74344"},{"taxonomy":"post_tag","embeddable":true,"href":"https:\/\/linitiative.ca\/International\/wp-json\/wp\/v2\/tags?post=74344"}],"curies":[{"name":"wp","href":"https:\/\/api.w.org\/{rel}","templated":true}]}}