{"id":74357,"date":"2020-01-27T05:00:00","date_gmt":"2020-01-27T10:00:00","guid":{"rendered":"https:\/\/linitiative.ca\/International\/entorse-du-genou-pour-el-melali\/"},"modified":"2020-01-27T05:00:00","modified_gmt":"2020-01-27T10:00:00","slug":"entorse-du-genou-pour-el-melali","status":"publish","type":"post","link":"https:\/\/linitiative.ca\/International\/entorse-du-genou-pour-el-melali\/","title":{"rendered":"Entorse du genou pour El-Melali"},"content":{"rendered":"<p>L\u2019ancien attaquant du Paradou AC joue de malchance. A peine confirm\u00e9 dans l\u2019\u00e9chiquier de l\u2019\u00e9quipe de base angevine o\u00f9 il a fourni nombre de performances (3 buts en 7 matchs jou\u00e9s dont 4 fois comme titulaire) que le voil\u00e0 oblig\u00e9 de revenir \u00e0 la case d\u00e9part en raison d\u2019une entorse au genou contract\u00e9e samedi \u00e0 Marseille, suite \u00e0 un contact avec le d\u00e9fenseur de l\u2019OM Jordan Amavi. Selon les premi\u00e8res impressions livr\u00e9es par son entra\u00eeneur St\u00e9phane Moulin, l\u2019international Alg\u00e9rien a \u00e9t\u00e9 touch\u00e9 au niveau du ligament lat\u00e9ral interne, ce qui n\u00e9cessiterait plusieurs semaines d\u2019indisponibilit\u00e9s. Les examens que devraient effectuer le jeune attaquant de 22 ans vont devoir \u00eatre indispensables pour conna\u00eetre la dur\u00e9e exacte de l\u2019absence de l\u2019ancien Paciste arriv\u00e9 dans la Maine-et-Loire durant l\u2019\u00e9t\u00e9 2018.<br \/><strong>Monaco \u00e9changera-t-elle Slimani par Cavani ?<br \/><\/strong> Selon la presse fran\u00e7aise sp\u00e9cialis\u00e9e, l\u2019international Alg\u00e9rien de l\u2019AS Monaco n\u2019est pas bless\u00e9. Absent des terrains depuis le match contre le PSG au Parcdes- Princes (3-3), Islam Slimani est, dit-on, pr\u00e9serv\u00e9 en vue d\u2019un \u00e9ventuel d\u00e9part durant ce mercato. Un transfert qui interviendrait suivant certaines conditions que posera son vrai club employeur, les Foxes de Leicester en l\u2019occurrence lesquels refuseraient que Slimani retourne en Angleterre. Si le d\u00e9part de l\u2019attaquant alg\u00e9rien de Monaco est quasi acquis, le technicien espagnol de l\u2019ASM Robert Moreno qui a succ\u00e9d\u00e9 au Portugais Leonardo Jardim ayant d\u2019autres pr\u00e9f\u00e9rences sur le plan offensif, il n\u2019en demeure pas moins que son rempla\u00e7ant doit \u00eatre trouv\u00e9 dans le cadre d\u2019une transaction \u00e0 trois qui pourrait concerner le club parisien. Ce dernier qui ne veut pas renouveler son attaquant uruguayen Edinson Cavani dont le contrat expire en juin pourrait faire les frais de cette entente Leicester-Monaco-PSG, Slimani tout comme Cavani terminera la saison dans le club de la capitale alors que l\u2019Uruguayen le fera en Principaut\u00e9. Une option d\u2019achat sera, en outre, propos\u00e9e aux Foxes sur l\u2019attaquant des Verts dont le contrat court jusqu\u2019en juin 2021. Ceci, si bien entendu Slimani parviendrait \u00e0 \u00e9merveiller le public du Parc et le coach allemand du PSC Thomas Tuchel. La r\u00e9ponse de ce transfert in\u00e9dit interviendra probablement avant la fin du mercato hivernal en France, et en Europe, vendredi \u00e0 minuit.<br \/>M. B.<\/p>\n<p>Auteur:<br \/>\n<a href=\"https:\/\/www.lesoirdalgerie.com\/sports\/entorse-du-genou-pour-el-melali-37634\">Cliquez ici pour lire l&rsquo;article depuis sa source.<\/a><\/p>\n","protected":false},"excerpt":{"rendered":"<p>L\u2019ancien attaquant du Paradou AC joue de malchance. A peine confirm\u00e9 dans l\u2019\u00e9chiquier de l\u2019\u00e9quipe de base angevine o\u00f9 il a fourni nombre de performances (3 buts en 7 matchs jou\u00e9s dont 4 fois comme titulaire) que le voil\u00e0 oblig\u00e9 de revenir \u00e0 la case d\u00e9part en raison d\u2019une entorse au genou contract\u00e9e samedi \u00e0 [&hellip;]<\/p>\n","protected":false},"author":1741,"featured_media":0,"comment_status":"closed","ping_status":"closed","sticky":false,"template":"","format":"standard","meta":{"fifu_image_url":"","fifu_image_alt":"","footnotes":""},"categories":[73,53],"tags":[],"class_list":["post-74357","post","type-post","status-publish","format-standard","hentry","category-actualite","category-algerie"],"_links":{"self":[{"href":"https:\/\/linitiative.ca\/International\/wp-json\/wp\/v2\/posts\/74357","targetHints":{"allow":["GET"]}}],"collection":[{"href":"https:\/\/linitiative.ca\/International\/wp-json\/wp\/v2\/posts"}],"about":[{"href":"https:\/\/linitiative.ca\/International\/wp-json\/wp\/v2\/types\/post"}],"author":[{"embeddable":true,"href":"https:\/\/linitiative.ca\/International\/wp-json\/wp\/v2\/users\/1741"}],"replies":[{"embeddable":true,"href":"https:\/\/linitiative.ca\/International\/wp-json\/wp\/v2\/comments?post=74357"}],"version-history":[{"count":0,"href":"https:\/\/linitiative.ca\/International\/wp-json\/wp\/v2\/posts\/74357\/revisions"}],"wp:attachment":[{"href":"https:\/\/linitiative.ca\/International\/wp-json\/wp\/v2\/media?parent=74357"}],"wp:term":[{"taxonomy":"category","embeddable":true,"href":"https:\/\/linitiative.ca\/International\/wp-json\/wp\/v2\/categories?post=74357"},{"taxonomy":"post_tag","embeddable":true,"href":"https:\/\/linitiative.ca\/International\/wp-json\/wp\/v2\/tags?post=74357"}],"curies":[{"name":"wp","href":"https:\/\/api.w.org\/{rel}","templated":true}]}}