{"id":74403,"date":"2020-01-28T13:00:17","date_gmt":"2020-01-28T18:00:17","guid":{"rendered":"https:\/\/linitiative.ca\/International\/lopvm-fete-son-50e-anniversaire-au-service-de-la-protection-du-patrimoine-du-mzab\/"},"modified":"2020-01-28T13:00:17","modified_gmt":"2020-01-28T18:00:17","slug":"lopvm-fete-son-50e-anniversaire-au-service-de-la-protection-du-patrimoine-du-mzab","status":"publish","type":"post","link":"https:\/\/linitiative.ca\/International\/lopvm-fete-son-50e-anniversaire-au-service-de-la-protection-du-patrimoine-du-mzab\/","title":{"rendered":"L&rsquo;OPVM f\u00eate son 50e anniversaire au service de la protection du patrimoine du M&rsquo;zab"},"content":{"rendered":"<div readability=\"38\">\n<p><strong>GHARDAIA &#8211; L&rsquo;Office de la protection de la vall\u00e9e du M&rsquo;zab (OPVM-Gharda\u00efa), une institution charg\u00e9e de prot\u00e9ger et de restaurer la grandeur d&rsquo;un pass\u00e9 architectural glorieux et l&rsquo;authenticit\u00e9 d&rsquo;un savoir-faire in\u00e9gal\u00e9 dans les domaines culturel, urbanistique et social de la r\u00e9gion, marque le 27 janvier courant son cinquanti\u00e8me anniversaire.<\/strong><\/p>\n<\/div>\n<div readability=\"131.888663594\">\n<p>La r\u00e9alit\u00e9 urbaine de la r\u00e9gion du M&rsquo;zab, caract\u00e9ris\u00e9e par un tissu urbain original et un h\u00e9ritage architectural pr\u00e9cieux, \u00e0 travers les ksour aux caract\u00e9ristiques g\u00e9om\u00e9triques et architecturales atypiques, n\u00e9cessitait la mise en place d&rsquo;un instrument pour la pr\u00e9servation, la restauration et la valorisation de ce patrimoine culturel mat\u00e9riel et immat\u00e9riel.<\/p>\n<p>Pour parer \u00e0 la d\u00e9cr\u00e9pitude qui p\u00e8se sur ce pr\u00e9cieux patrimoine architectural unique en son genre, les pouvoirs publics ont institu\u00e9 le 27 janvier 1970 un organisme appel\u00e9 \u00a0\u00bbatelier de restauration de la vall\u00e9e du M&rsquo;zab\u00a0\u00bb avant de devenir l&rsquo;Office de la protection et pr\u00e9servation de la vall\u00e9e du M&rsquo;zab (OPVM).<\/p>\n<blockquote readability=\"11\">\n<p><em><strong>Selon Kamel Ramdane, directeur de l&rsquo;Office, cet organisme sous tutelle du minist\u00e8re de la Culture s&rsquo;est fix\u00e9 pour objectif de prot\u00e9ger et de promouvoir le patrimoine culturel mat\u00e9riel et immat\u00e9riel, de cr\u00e9er des m\u00e9canismes \u00e0 m\u00eame de permettre sa pr\u00e9servation et son d\u00e9veloppement sur la base des \u00e9tudes et des exp\u00e9riences r\u00e9ussies dans le domaine de la restauration et de la r\u00e9novation.<\/strong><\/em><\/p>\n<\/blockquote>\n<hr\/>\n<h3>Lire aussi:\u00a0<a href=\"http:\/\/www.aps.dz\/culture\/73061-la-region-de-ghardaia-un-patrimoine-universel-inestimable-en-quete-de-preservation\" target=\"_blank\" rel=\"noopener noreferrer\">La r\u00e9gion de Gharda\u00efa, un patrimoine universel inestimable en qu\u00eate de pr\u00e9servation<\/a><\/h3>\n<hr\/>\n<p>Durant ce cinquantenaire, l&rsquo;OPVM a r\u00e9ussi \u00e0 r\u00e9habiliter plus d&rsquo;une soixantaine de monuments historiques dans la vall\u00e9e du M&rsquo;zab et les r\u00e9gions de M\u00e9tlili, Berriane, Guerrara , Daya Ben-Dahoua et El-Menea, a-t-il indiqu\u00e9 \u00e0 l&rsquo;APS, pr\u00e9cisant que l&rsquo;OPVM a contribu\u00e9 au classement comme patrimoine national de la vall\u00e9e du M&rsquo;zab en 1971, le Ksar de M\u00e9tlili en1982, le Ksar d&rsquo;El-Menea en 1985, et les Ksour de Berriane et Guerrara en 1998.<\/p>\n<blockquote readability=\"6\">\n<p><em><strong>L&rsquo;OPVM a \u00e9galement contribu\u00e9 au classement en 1982 de la vall\u00e9e du M&rsquo;zab comme patrimoine universel par l&rsquo;UNESCO.<\/strong><\/em><\/p>\n<\/blockquote>\n<p>Cet ensemble urbain riche en vestiges historiques, ses \u00e9difices et l&rsquo;originalit\u00e9 de sa beaut\u00e9, sont aujourd&rsquo;hui autant de patrimoines et de supports civilisationnels \u00e0 sauvegarder et r\u00e9habiliter pour les valoriser.<\/p>\n<p>Le classement par l&rsquo;Unesco de cet espace urbanistique est l&rsquo;aboutissement d&rsquo;un long processus d&rsquo;accumulation historique et d&rsquo;actions ponctuelles de r\u00e9habilitation effectu\u00e9es par les pouvoirs publics d&rsquo;un cot\u00e9 et l&rsquo;attachement de la population de la vall\u00e9e du M&rsquo;zab et autres acteurs locaux \u00e0 leur patrimoine mat\u00e9riel, a soulign\u00e9 le directeur de l&rsquo;OPVM.<\/p>\n<p class=\"c30\"><strong>Une r\u00e9gion qui a su garder sa structure urbaine s\u00e9culaire<\/strong><\/p>\n<p>La r\u00e9gion de Gharda\u00efa avec l&rsquo;ensemble de ses ksour con\u00e7us magistralement par les a\u00efeux sous forme architecturale \u00a0\u00bbd&rsquo;amphith\u00e9\u00e2tre\u00a0\u00bb \u00e9pousant le site rocailleux, en tenant compte du climat et des concepts religieux, a pu garder sa structure urbaine durant plus de dix si\u00e8cles avant de devenir un centre d&rsquo;int\u00e9r\u00eat de l&rsquo;organisme onusien, a soutenu le responsable.<\/p>\n<p>L&rsquo;architecture du M&rsquo;zab, dont s&rsquo;est inspir\u00e9 Le Corbusier, ainsi que les ouvrages et syst\u00e8mes hydrauliques ancestraux attirent annuellement de nombreux chercheurs et sp\u00e9cialistes en la mati\u00e8re, a soutenu M. Ramdane.<\/p>\n<blockquote readability=\"11\">\n<p><em><strong>Ce patrimoine n&rsquo;est pas uniquement historique et architectural, il est \u00e9galement culturel, artisanal et immat\u00e9riel, et son classement comme patrimoine mondial constitue un atout suppl\u00e9mentaire pour le d\u00e9veloppement \u00e9conomique de la r\u00e9gion bas\u00e9 sur le tourisme, a-t-il fait savoir.<\/strong><\/em><\/p>\n<\/blockquote>\n<p>La pr\u00e9servation de ce patrimoine et sa mise en valeur ont n\u00e9cessit\u00e9 la r\u00e9alisation de plus de 200 plans d&rsquo;urbanisme, 539 lev\u00e9s topographiques, une trentaine d&rsquo;\u00e9tudes techniques ainsi que des op\u00e9rations de restaurations.<\/p>\n<p>Quelque 2.000 habitations traditionnelles dans les diff\u00e9rents ksour de la vall\u00e9e ont \u00e9t\u00e9 restaur\u00e9es et renforc\u00e9es avec un traitement de fa\u00e7ades ainsi que plus d&rsquo;une vingtaine d&rsquo;op\u00e9rations de r\u00e9habilitation des tours de Guet et une vingtaine d&rsquo;op\u00e9rations de r\u00e9novation des Portes des ksour, en plus des op\u00e9rations de r\u00e9habilitation de monuments fun\u00e9raires, aires de pri\u00e8res, mosqu\u00e9es et remparts, le syst\u00e8me de partage des eaux et les places de souk.<\/p>\n<hr\/>\n<h3>Lire aussi:\u00a0<a href=\"http:\/\/www.aps.dz\/societe\/99548-vacances-de-fin-d-annee-engouement-des-jeunes-pour-la-destination-ghardaia\" target=\"_blank\" rel=\"noopener noreferrer\">Vacances de fin d&rsquo;ann\u00e9e: engouement des jeunes pour la destination Gharda\u00efa<\/a><\/h3>\n<hr\/>\n<p>De m\u00eame qu&rsquo;un plan de protection et de sauvegarde du patrimoine rupestre des sites arch\u00e9ologiques de la r\u00e9gion a \u00e9t\u00e9 lanc\u00e9 ainsi qu&rsquo;une application \u00a0\u00bbplay-store\u00a0\u00bb sur smart-phones d\u00e9di\u00e9e \u00e0 la promotion des sites et monuments historiques de la vall\u00e9e du M&rsquo;zab.<\/p>\n<p>D&rsquo;autre part, l&rsquo;OPVM a \u00e9galement lanc\u00e9 la mise en \u0153uvre d&rsquo;un syst\u00e8me d&rsquo;information g\u00e9ographique (SIG) pour le secteur sauvegard\u00e9 de la vall\u00e9e du M&rsquo;Zab.<\/p>\n<p>Le syst\u00e8me permet de r\u00e9unir l&rsquo;ensemble des donn\u00e9es sur diff\u00e9rentes th\u00e9matiques de la vall\u00e9e du M&rsquo;zab, en vue de mieux ma\u00eetriser son \u00e9volution spatial et urbanistique et de cerner les diff\u00e9rents probl\u00e8mes du secteur sauvegard\u00e9.<\/p>\n<blockquote readability=\"8\">\n<p><em><strong>L&rsquo;OPVM focalise son int\u00e9r\u00eat sur la protection et la pr\u00e9servation de cet h\u00e9ritage naturel et architectural ainsi que sur le patrimoine de la vall\u00e9e du M&rsquo;zab class\u00e9e patrimoine mat\u00e9riel et immat\u00e9riel de l&rsquo;humanit\u00e9, a fait savoir son directeur.<\/strong><\/em><\/p>\n<\/blockquote>\n<p>Cet int\u00e9r\u00eat s&rsquo;illustre \u00e0 travers des actions soutenues de protection de l&rsquo;architecture des ksour de la r\u00e9gion v\u00e9ritable \u00a0\u00bbmus\u00e9e \u00e0 ciel ouvert\u00a0\u00bb et le lancement d&rsquo;un plan de sauvegarde de la vall\u00e9e du M&rsquo;zab class\u00e9e \u00a0\u00bbSecteur Sauvegard\u00e9 \u00a0\u00bb en 2005 par d\u00e9cret ex\u00e9cutif N 05\/209.<\/p>\n<p>Ce plan de sauvegarde en conformit\u00e9 avec la loi sur le patrimoine 04\/98 du 15\/07\/1998 est en cours d&rsquo;\u00e9laboration, a conclu le directeur de l&rsquo;OPVM.<\/p>\n<\/div>\n<p>Auteur:<br \/>\n<a href=\"http:\/\/www.aps.dz\/culture\/100760-l-opvm-fete-son-50e-anniversaire-au-service-de-la-protection-du-patrimoine-du-m-zab\">Cliquez ici pour lire l&rsquo;article depuis sa source.<\/a><\/p>\n","protected":false},"excerpt":{"rendered":"<p>GHARDAIA &#8211; L&rsquo;Office de la protection de la vall\u00e9e du M&rsquo;zab (OPVM-Gharda\u00efa), une institution charg\u00e9e de prot\u00e9ger et de restaurer la grandeur d&rsquo;un pass\u00e9 architectural glorieux et l&rsquo;authenticit\u00e9 d&rsquo;un savoir-faire in\u00e9gal\u00e9 dans les domaines culturel, urbanistique et social de la r\u00e9gion, marque le 27 janvier courant son cinquanti\u00e8me anniversaire. La r\u00e9alit\u00e9 urbaine de la r\u00e9gion [&hellip;]<\/p>\n","protected":false},"author":1790,"featured_media":0,"comment_status":"closed","ping_status":"closed","sticky":false,"template":"","format":"standard","meta":{"fifu_image_url":"","fifu_image_alt":"","footnotes":""},"categories":[53,79],"tags":[],"class_list":["post-74403","post","type-post","status-publish","format-standard","hentry","category-algerie","category-culture"],"_links":{"self":[{"href":"https:\/\/linitiative.ca\/International\/wp-json\/wp\/v2\/posts\/74403","targetHints":{"allow":["GET"]}}],"collection":[{"href":"https:\/\/linitiative.ca\/International\/wp-json\/wp\/v2\/posts"}],"about":[{"href":"https:\/\/linitiative.ca\/International\/wp-json\/wp\/v2\/types\/post"}],"author":[{"embeddable":true,"href":"https:\/\/linitiative.ca\/International\/wp-json\/wp\/v2\/users\/1790"}],"replies":[{"embeddable":true,"href":"https:\/\/linitiative.ca\/International\/wp-json\/wp\/v2\/comments?post=74403"}],"version-history":[{"count":0,"href":"https:\/\/linitiative.ca\/International\/wp-json\/wp\/v2\/posts\/74403\/revisions"}],"wp:attachment":[{"href":"https:\/\/linitiative.ca\/International\/wp-json\/wp\/v2\/media?parent=74403"}],"wp:term":[{"taxonomy":"category","embeddable":true,"href":"https:\/\/linitiative.ca\/International\/wp-json\/wp\/v2\/categories?post=74403"},{"taxonomy":"post_tag","embeddable":true,"href":"https:\/\/linitiative.ca\/International\/wp-json\/wp\/v2\/tags?post=74403"}],"curies":[{"name":"wp","href":"https:\/\/api.w.org\/{rel}","templated":true}]}}