{"id":74413,"date":"2020-01-28T12:03:20","date_gmt":"2020-01-28T17:03:20","guid":{"rendered":"https:\/\/linitiative.ca\/International\/aviation-civile-importance-de-la-cooperation-en-matiere-de-cyber-securite\/"},"modified":"2020-01-28T12:03:20","modified_gmt":"2020-01-28T17:03:20","slug":"aviation-civile-importance-de-la-cooperation-en-matiere-de-cyber-securite","status":"publish","type":"post","link":"https:\/\/linitiative.ca\/International\/aviation-civile-importance-de-la-cooperation-en-matiere-de-cyber-securite\/","title":{"rendered":"Aviation civile: Importance de la coop\u00e9ration en mati\u00e8re de cyber-s\u00e9curit\u00e9"},"content":{"rendered":"<div readability=\"40\">\n<p>Marrakech \u2013 Le Directeur g\u00e9n\u00e9ral de l\u2019Organisation arabe de l\u2019Aviation civile (ACAO), Abdennebi Manar, a soulign\u00e9, mardi \u00e0 Marrakech, l\u2019importance de la coop\u00e9ration, de l\u2019action commune et de la conjugaison des efforts entre les diff\u00e9rentes parties prenantes pour faire face aux menaces et risques li\u00e9s \u00e0 la s\u00fbret\u00e9 dans ce domaine.<\/p>\n<\/div>\n<div readability=\"112\">\n<p>Intervenant \u00e0 l\u2019ouverture des travaux d\u2019un s\u00e9minaire interr\u00e9gional sur \u00ab\u00a0l\u2019innovation et la cyber-s\u00e9curit\u00e9\u00a0\u00bb, initi\u00e9 conjointement par la Conf\u00e9rence europ\u00e9enne de l\u2019Aviation civile (ECAC), l\u2019ACAO et la Commission de l\u2019Aviation civile africaine (AFCAC), avec l\u2019appui du minist\u00e8re du Tourisme, du Transport A\u00e9rien, de l\u2019Artisanat et de l\u2019Economie sociale, M. Manar a expliqu\u00e9 que les nouvelles technologies sont des outils indispensables dans tous les secteurs d\u2019activit\u00e9s, ajoutant que l\u2019aviation civile n\u2019est pas une exception par rapport \u00e0 cette r\u00e9alit\u00e9.<\/p>\n<p>Il a, dans la foul\u00e9e, soutenu que l\u2019a\u00e9rien, qui reste le transport le plus s\u00e9curis\u00e9, doit prendre en compte les nouvelles technologies, relevant que le travail men\u00e9 avec les a\u00e9roports, les diff\u00e9rentes parties concern\u00e9es et les services d\u2019aviation a d\u00e9montr\u00e9 l\u2019importance de comprendre et saisir l\u2019ampleur des risques inh\u00e9rents \u00e0 la cyber-s\u00e9curit\u00e9 et d\u2019investir davantage dans ce domaine.<\/p>\n<p>Et d\u2019ajouter que le travail r\u00e9alis\u00e9 par l\u2019ACAO a \u00e9t\u00e9 sanctionn\u00e9 par une strat\u00e9gie d\u00e9taill\u00e9e en mati\u00e8re de cyber-s\u00e9curit\u00e9, qui vise la protection des citoyens face aux menaces qui pourraient affecter la confiance dans le syst\u00e8me de transport a\u00e9rien et le maintien de la s\u00e9curit\u00e9 des syst\u00e8mes d\u2019aviation civile, tout en pr\u00e9servant la s\u00e9curit\u00e9 des services de transport.<\/p>\n<p>Il a saisi l\u2019occasion pour renouveler l\u2019engagement de l\u2019ACAO \u00e0 poursuivre sa politique en faveur d\u2019un transport a\u00e9rien s\u00fbr, s\u00e9curis\u00e9 et comp\u00e9titif, soulignant que ce s\u00e9minaire tr\u00e8s enrichissant se veut l\u2019occasion pour les experts, venus des quatre coins du monde, de promouvoir la communication entre eux sur un sujet d\u2019une extr\u00eame importance.<\/p>\n<p>De son c\u00f4t\u00e9, M. Jamel Dridi, expert au sein de l\u2019AFCAC, a indiqu\u00e9 que le syst\u00e8me de l\u2019aviation civile est complexe et demeure la cible de cyber-attaques qui peuvent avoir des cons\u00e9quences \u00e9conomiques d\u00e9sastreuses.<\/p>\n<p>D\u2019o\u00f9, a-t-il estim\u00e9, l\u2019imp\u00e9ratif d\u2019investir dans trois volets essentiels \u00e0 savoir, la cyber-d\u00e9fense, la cyber-innovation et les cyber-partenariats, afin de contrer les menaces et risques inh\u00e9rents \u00e0 la s\u00fbret\u00e9 de l\u2019aviation civile.<\/p>\n<p>L\u2019expert n\u2019a pas manqu\u00e9 de se f\u00e9liciter de cette initiative conjointe de l\u2019ECAC, de l\u2019ACAO et de l\u2019AFCAC d\u2019organiser ce s\u00e9minaire interr\u00e9gional qui offre un espace et une occasion propices aux participants pour partager leurs exp\u00e9riences et expertises et renforcer leurs comp\u00e9tences et connaissances, \u00e0 travers des discussions fructueuses et des d\u00e9bats constructifs autour d\u2019une th\u00e9matique cruciale et d\u2019actualit\u00e9.<\/p>\n<p>Ce Conclave est marqu\u00e9 par la pr\u00e9sence de 30 experts internationaux qui vont animer et mod\u00e9rer les diff\u00e9rentes sessions de cette rencontre, ainsi que de plus de 140 participants repr\u00e9sentant une quarantaine de pays, sept organisations internationales et une quinzaine d\u2019industriels.<\/p>\n<p>Ce s\u00e9minaire, qui se poursuit jusqu\u2019au 30 courant, s\u2019assigne pour principaux objectifs de discuter et de d\u00e9battre de l\u2019impact de l\u2019innovation sur la s\u00fbret\u00e9 de l\u2019aviation et d\u2019examiner les r\u00e9centes solutions innovantes inh\u00e9rentes \u00e0 la s\u00fbret\u00e9 de l\u2019aviation ainsi que les risques existants et les mesures de mitigation, y compris les pratiques dans le domaine de l\u2019industrie, en relation avec la cyber-s\u00e9curit\u00e9.<\/p>\n<p>Cet \u00e9v\u00e9nement permettra \u00e9galement de partager des informations, des donn\u00e9es et d\u2019autres dispositions internationales relatives \u00e0 la cyber-s\u00e9curit\u00e9 et d\u2019identifier les \u00e9l\u00e9ments cl\u00e9s pour mettre en place une feuille de route commune pour att\u00e9nuer tous ces risques.<\/p>\n<\/div>\n<p>Auteur: Meriem IGASS<br \/>\n<a href=\"http:\/\/www.mapmarrakech.ma\/fr\/aviation-civile\/\">Cliquez ici pour lire l&rsquo;article depuis sa source.<\/a><\/p>\n","protected":false},"excerpt":{"rendered":"<p>Marrakech \u2013 Le Directeur g\u00e9n\u00e9ral de l\u2019Organisation arabe de l\u2019Aviation civile (ACAO), Abdennebi Manar, a soulign\u00e9, mardi \u00e0 Marrakech, l\u2019importance de la coop\u00e9ration, de l\u2019action commune et de la conjugaison des efforts entre les diff\u00e9rentes parties prenantes pour faire face aux menaces et risques li\u00e9s \u00e0 la s\u00fbret\u00e9 dans ce domaine. Intervenant \u00e0 l\u2019ouverture des [&hellip;]<\/p>\n","protected":false},"author":1788,"featured_media":0,"comment_status":"closed","ping_status":"closed","sticky":false,"template":"","format":"standard","meta":{"fifu_image_url":"","fifu_image_alt":"","footnotes":""},"categories":[54,76],"tags":[],"class_list":["post-74413","post","type-post","status-publish","format-standard","hentry","category-maroc","category-regions"],"_links":{"self":[{"href":"https:\/\/linitiative.ca\/International\/wp-json\/wp\/v2\/posts\/74413","targetHints":{"allow":["GET"]}}],"collection":[{"href":"https:\/\/linitiative.ca\/International\/wp-json\/wp\/v2\/posts"}],"about":[{"href":"https:\/\/linitiative.ca\/International\/wp-json\/wp\/v2\/types\/post"}],"author":[{"embeddable":true,"href":"https:\/\/linitiative.ca\/International\/wp-json\/wp\/v2\/users\/1788"}],"replies":[{"embeddable":true,"href":"https:\/\/linitiative.ca\/International\/wp-json\/wp\/v2\/comments?post=74413"}],"version-history":[{"count":0,"href":"https:\/\/linitiative.ca\/International\/wp-json\/wp\/v2\/posts\/74413\/revisions"}],"wp:attachment":[{"href":"https:\/\/linitiative.ca\/International\/wp-json\/wp\/v2\/media?parent=74413"}],"wp:term":[{"taxonomy":"category","embeddable":true,"href":"https:\/\/linitiative.ca\/International\/wp-json\/wp\/v2\/categories?post=74413"},{"taxonomy":"post_tag","embeddable":true,"href":"https:\/\/linitiative.ca\/International\/wp-json\/wp\/v2\/tags?post=74413"}],"curies":[{"name":"wp","href":"https:\/\/api.w.org\/{rel}","templated":true}]}}