{"id":74418,"date":"2020-01-28T13:36:27","date_gmt":"2020-01-28T18:36:27","guid":{"rendered":"https:\/\/linitiative.ca\/International\/celebration-de-la-journee-mondiale-des-zones-humides-dimanche-a-el-tarf\/"},"modified":"2020-01-28T13:36:27","modified_gmt":"2020-01-28T18:36:27","slug":"celebration-de-la-journee-mondiale-des-zones-humides-dimanche-a-el-tarf","status":"publish","type":"post","link":"https:\/\/linitiative.ca\/International\/celebration-de-la-journee-mondiale-des-zones-humides-dimanche-a-el-tarf\/","title":{"rendered":"C\u00e9l\u00e9bration de la journ\u00e9e mondiale des zones humides dimanche  \u00e0 El\u00a0Tarf\u00a0"},"content":{"rendered":"<div readability=\"36\">\n<p><strong>ALGER- La journ\u00e9e mondiale des zones humides sera c\u00e9l\u00e9br\u00e9e dimanche prochain \u00e0 El Tarf sous le th\u00e8me \u00ab\u00a0les zones humides et la biodiversit\u00e9\u00a0\u00bb, a indiqu\u00e9 mardi la Direction g\u00e9n\u00e9rale des For\u00eats (DGF), dans un communiqu\u00e9.<\/strong><\/p>\n<\/div>\n<div readability=\"116\">\n<p>A l&rsquo;occasion de cette journ\u00e9e, c\u00e9l\u00e9br\u00e9e le 2 f\u00e9vrier de chaque ann\u00e9e, la DGF, sous la patronage du ministre de l&rsquo;Agriculture et du D\u00e9veloppement rural, Cherif Omari, organise cet \u00e9v\u00e9nement au niveau de la wilaya d&rsquo;El Tarf, fait savoir la m\u00eame source.<\/p>\n<p>Cette journ\u00e9e sera aussi c\u00e9l\u00e9br\u00e9e par les conservations des for\u00eats, parcs nationaux, centres cyn\u00e9g\u00e9tiques et r\u00e9serves de chasse \u00e0 travers l&rsquo;ensemble des wilayas du pays, en collaboration avec les partenaires locaux ainsi que le mouvement associatif.<\/p>\n<p>Le programme de cette journ\u00e9e mettra en exergue les efforts du secteur en mati\u00e8re de conservation des zones humides. Les activit\u00e9s pr\u00e9vues \u00e0 l&rsquo;\u00e9chelle nationale pour la c\u00e9l\u00e9bration de cet \u00e9v\u00e9nement porteront sur la sensibilisation des autres secteurs et autorit\u00e9s locales sur l&rsquo;importance de la pr\u00e9servation des zones humides.<\/p>\n<p>Des conf\u00e9rences, tables rondes et \u00e9missions radiophoniques sur la th\u00e9matique seront tenues ainsi que des expositions sur la th\u00e9matique des zones humides.<\/p>\n<p>De plus, des sorties sur ce th\u00e8me seront organis\u00e9es ainsi que des initiations sur l&rsquo;observation des oiseaux d&rsquo;eau et sur les m\u00e9thodes de comptage.<\/p>\n<p>Il sera \u00e9galement proc\u00e9d\u00e9 \u00e0 une distribution d&rsquo;affiches, de prospectus, de d\u00e9pliants et de CD en rapport avec cette th\u00e9matique ainsi que l&rsquo;organisation de concours de dessin pour les \u00e9coliers et de photos pour les amateurs d&rsquo;oiseau d&rsquo;eau.<\/p>\n<p><strong>Les zones humides, des \u00e9cosyst\u00e8mes cl\u00e9s<\/strong><\/p>\n<p><strong>\u00a0<\/strong><\/p>\n<p>\u00ab\u00a0Les zones humides sont consid\u00e9r\u00e9es comme des \u00e9cosyst\u00e8mes cl\u00e9s et des milieux de vie remarquables pour leur biodiversit\u00e9, accueillant des esp\u00e8ces ou des habitats a forte valeur patrimoniale qui fournissent des services fondamentaux sans lesquels l&rsquo;homme ne pourrait exister\u00a0\u00bb, explique la DGF.<\/p>\n<p>Le th\u00e8me de cette ann\u00e9e a \u00e9t\u00e9 choisi afin de montrer que la biodiversit\u00e9 est le fondement de la vie et des services essentiels fournis par les \u00e9cosyst\u00e8mes, \u00e0 savoir, les moyens de subsistance des populations et le d\u00e9veloppement durable dans tous les secteurs d&rsquo;activit\u00e9s, notamment les secteurs \u00e9conomiques tels que l&rsquo;agriculture, la foresterie ainsi que les activit\u00e9s de p\u00eache et de tourisme.<\/p>\n<p>\u00ab\u00a0En freinant la perte de la biodiversit\u00e9, nous investissons dans les populations, dans leur bien-\u00eatre et dans leur vie\u00a0\u00bb, souligne la DGF.<\/p>\n<p>Les zones humides sont en constante r\u00e9gression, en raison notamment de la pression urbaine, du pompage excessif d&rsquo;eau et les d\u00e9frichements.<\/p>\n<p>Selon les donn\u00e9es disponibles au niveau mondial, les esp\u00e8ces d\u00e9pendantes des zones humides comme les poissons, les oiseaux d&rsquo;eau et les tortues, voient leur population fortement diminuer. Un quart d&rsquo;entre elles sont d\u00e9sormais menac\u00e9es d&rsquo;extinction.<\/p>\n<p>Le drainage, la pollution, I&rsquo;irrigation, les guerres et le changement climatique ont entrain\u00e9 la disparition de pr\u00e8s de 50% de ces zones humides au cours des cinquante derni\u00e8res ann\u00e9es.<\/p>\n<p>Les \u00e9tudes men\u00e9es par la plateforme intergouvemementale pour la biodiversit\u00e9 et les services \u00e9co-syst\u00e9miques (IPBES) attestent que la disparition des milieux humides est trois fois plus rapide que la d\u00e9forestation.<\/p>\n<p>Selon son dernier rapport publi\u00e9 en mai 2019, pr\u00e8s d&rsquo;un million d&rsquo;esp\u00e8ces animales et v\u00e9g\u00e9tales sont menac\u00e9es de disparition.<\/p>\n<\/div>\n<p>Auteur:<br \/>\n<a href=\"http:\/\/www.aps.dz\/regions\/100792-celebration-de-la-journee-mondiale-des-zones-humides-dimanche-a-el-tarf\">Cliquez ici pour lire l&rsquo;article depuis sa source.<\/a><\/p>\n","protected":false},"excerpt":{"rendered":"<p>ALGER- La journ\u00e9e mondiale des zones humides sera c\u00e9l\u00e9br\u00e9e dimanche prochain \u00e0 El Tarf sous le th\u00e8me \u00ab\u00a0les zones humides et la biodiversit\u00e9\u00a0\u00bb, a indiqu\u00e9 mardi la Direction g\u00e9n\u00e9rale des For\u00eats (DGF), dans un communiqu\u00e9. A l&rsquo;occasion de cette journ\u00e9e, c\u00e9l\u00e9br\u00e9e le 2 f\u00e9vrier de chaque ann\u00e9e, la DGF, sous la patronage du ministre de [&hellip;]<\/p>\n","protected":false},"author":1790,"featured_media":0,"comment_status":"closed","ping_status":"closed","sticky":false,"template":"","format":"standard","meta":{"fifu_image_url":"","fifu_image_alt":"","footnotes":""},"categories":[53,76],"tags":[],"class_list":["post-74418","post","type-post","status-publish","format-standard","hentry","category-algerie","category-regions"],"_links":{"self":[{"href":"https:\/\/linitiative.ca\/International\/wp-json\/wp\/v2\/posts\/74418","targetHints":{"allow":["GET"]}}],"collection":[{"href":"https:\/\/linitiative.ca\/International\/wp-json\/wp\/v2\/posts"}],"about":[{"href":"https:\/\/linitiative.ca\/International\/wp-json\/wp\/v2\/types\/post"}],"author":[{"embeddable":true,"href":"https:\/\/linitiative.ca\/International\/wp-json\/wp\/v2\/users\/1790"}],"replies":[{"embeddable":true,"href":"https:\/\/linitiative.ca\/International\/wp-json\/wp\/v2\/comments?post=74418"}],"version-history":[{"count":0,"href":"https:\/\/linitiative.ca\/International\/wp-json\/wp\/v2\/posts\/74418\/revisions"}],"wp:attachment":[{"href":"https:\/\/linitiative.ca\/International\/wp-json\/wp\/v2\/media?parent=74418"}],"wp:term":[{"taxonomy":"category","embeddable":true,"href":"https:\/\/linitiative.ca\/International\/wp-json\/wp\/v2\/categories?post=74418"},{"taxonomy":"post_tag","embeddable":true,"href":"https:\/\/linitiative.ca\/International\/wp-json\/wp\/v2\/tags?post=74418"}],"curies":[{"name":"wp","href":"https:\/\/api.w.org\/{rel}","templated":true}]}}