{"id":74423,"date":"2020-01-28T15:14:02","date_gmt":"2020-01-28T20:14:02","guid":{"rendered":"https:\/\/linitiative.ca\/International\/international-inter-cest-fait-pour-eriksen\/"},"modified":"2020-01-28T15:14:02","modified_gmt":"2020-01-28T20:14:02","slug":"international-inter-cest-fait-pour-eriksen","status":"publish","type":"post","link":"https:\/\/linitiative.ca\/International\/international-inter-cest-fait-pour-eriksen\/","title":{"rendered":"International : Inter : C&rsquo;est fait pour Eriksen !"},"content":{"rendered":"<div readability=\"32\">\n<p>Auteur : <span class=\"time\">mardi 28 janvier 2020 14:40<\/span><\/p>\n<\/div>\n<div id=\"post_core\" readability=\"43\">\n<p>En fin de contrat en juin prochain avec Tottenham, le milieu de terrain danois quitte officiellement le club londonien en ce mois de janvier. Pr\u00e9sent depuis 2013 dans l&rsquo;effectif des Spurs, le footballeur de 27 ans s&rsquo;est engag\u00e9 ce lundi avec l&rsquo;Inter Milan. Troisi\u00e8me recrue hivernale des Nerazzurri apr\u00e8s le d\u00e9fenseur anglais Ashley Young et le milieu offensif nig\u00e9rian Victor Moses, il a sign\u00e9 un contrat de cinq ann\u00e9es avec la formation lombarde, qui a d\u00e9bours\u00e9 autour de 20 millions d&rsquo;euros. Selon Topmercato, le n\u00e9o-milanais touchera un salaire de 380 000 euros par semaine. Apr\u00e8s avoir disput\u00e9 226 matches de Premier League avec Tottenham (51 buts), Christian Eriksen va d\u00e9couvrir un nouveau championnat.\u00a0<\/p>\n<p><strong>Publi\u00e9 dans :<\/strong> <span>Inter<\/span> <span>Eriksen<\/span><\/p>\n<\/div>\n<p>Auteur:<br \/>\n<a href=\"http:\/\/www.lebuteur.com\/article\/detail?titre=inter-cest-fait-pour-eriksen&#038;id=94458&#038;utm_source=feedburner&#038;utm_medium=feed&#038;utm_campaign=Feed%3A+GalerieFArtciles+%28Les+derniers+articles++-+lebuteur.com%29\">Cliquez ici pour lire l&rsquo;article depuis sa source.<\/a><\/p>\n","protected":false},"excerpt":{"rendered":"<p>Auteur : mardi 28 janvier 2020 14:40 En fin de contrat en juin prochain avec Tottenham, le milieu de terrain danois quitte officiellement le club londonien en ce mois de janvier. Pr\u00e9sent depuis 2013 dans l&rsquo;effectif des Spurs, le footballeur de 27 ans s&rsquo;est engag\u00e9 ce lundi avec l&rsquo;Inter Milan. Troisi\u00e8me recrue hivernale des Nerazzurri [&hellip;]<\/p>\n","protected":false},"author":1738,"featured_media":74424,"comment_status":"closed","ping_status":"closed","sticky":false,"template":"","format":"standard","meta":{"fifu_image_url":"","fifu_image_alt":"","footnotes":""},"categories":[53,75],"tags":[],"class_list":["post-74423","post","type-post","status-publish","format-standard","has-post-thumbnail","hentry","category-algerie","category-sport"],"_links":{"self":[{"href":"https:\/\/linitiative.ca\/International\/wp-json\/wp\/v2\/posts\/74423","targetHints":{"allow":["GET"]}}],"collection":[{"href":"https:\/\/linitiative.ca\/International\/wp-json\/wp\/v2\/posts"}],"about":[{"href":"https:\/\/linitiative.ca\/International\/wp-json\/wp\/v2\/types\/post"}],"author":[{"embeddable":true,"href":"https:\/\/linitiative.ca\/International\/wp-json\/wp\/v2\/users\/1738"}],"replies":[{"embeddable":true,"href":"https:\/\/linitiative.ca\/International\/wp-json\/wp\/v2\/comments?post=74423"}],"version-history":[{"count":0,"href":"https:\/\/linitiative.ca\/International\/wp-json\/wp\/v2\/posts\/74423\/revisions"}],"wp:featuredmedia":[{"embeddable":true,"href":"https:\/\/linitiative.ca\/International\/wp-json\/"}],"wp:attachment":[{"href":"https:\/\/linitiative.ca\/International\/wp-json\/wp\/v2\/media?parent=74423"}],"wp:term":[{"taxonomy":"category","embeddable":true,"href":"https:\/\/linitiative.ca\/International\/wp-json\/wp\/v2\/categories?post=74423"},{"taxonomy":"post_tag","embeddable":true,"href":"https:\/\/linitiative.ca\/International\/wp-json\/wp\/v2\/tags?post=74423"}],"curies":[{"name":"wp","href":"https:\/\/api.w.org\/{rel}","templated":true}]}}