{"id":74425,"date":"2020-01-28T15:14:04","date_gmt":"2020-01-28T20:14:04","guid":{"rendered":"https:\/\/linitiative.ca\/International\/international-atal-est-loin-de-faire-lunanimite-au-psg\/"},"modified":"2020-01-28T15:14:04","modified_gmt":"2020-01-28T20:14:04","slug":"international-atal-est-loin-de-faire-lunanimite-au-psg","status":"publish","type":"post","link":"https:\/\/linitiative.ca\/International\/international-atal-est-loin-de-faire-lunanimite-au-psg\/","title":{"rendered":"International : Atal est loin de faire l\u2019unanimit\u00e9 au PSG !"},"content":{"rendered":"<div readability=\"32\">\n<p>Auteur : <span class=\"time\">mardi 28 janvier 2020 18:58<\/span><\/p>\n<\/div>\n<div id=\"post_core\" readability=\"42\">\n<p>Inconnu du grand public il y a quelques mois encore, Youcef Atal a explos\u00e9 aux yeux de tous la saison derni\u00e8re. Lat\u00e9ral droit de formation, l\u2019Alg\u00e9rien de l\u2019OGC Nice a impressionn\u00e9 gr\u00e2ce \u00e0 ses qualit\u00e9s offensives. Un profil qui pourrait bien lui ouvrir les portes des plus grands clubs europ\u00e9ens et pourquoi pas le PSG, o\u00f9 Atal a r\u00e9guli\u00e8rement \u00e9t\u00e9 annonc\u00e9 durant le dernier mercato estival. Si le d\u00e9fenseur de 23 ans est toujours chez les Aiglons, son nom pourrait revenir au moment d\u2019\u00e9voquer la succession de Thomas Meunier, mais certains doutes restent \u00e0 lever. Beaucoup aimerait bien voir Youcef Atal sous le maillot du PSG. Un avis pas forc\u00e9ment partag\u00e9 au sein de la direction parisienne. C\u2019est en tout cas ce que nous apprend Lo\u00efc Tanzi, journaliste pour RMC. Selon lui, ce sont surtout les lacunes d\u00e9fensives d\u2019Atal qui poseraient probl\u00e8me rapporte Le 10 Sport.<\/p>\n<p><strong>Publi\u00e9 dans :<\/strong> <span>PSG<\/span><\/p>\n<\/div>\n<p>Auteur:<br \/>\n<a href=\"http:\/\/www.lebuteur.com\/article\/detail?titre=atal-est-loin-de-faire-lunanimite-au-psg&#038;id=94459&#038;utm_source=feedburner&#038;utm_medium=feed&#038;utm_campaign=Feed%3A+GalerieFArtciles+%28Les+derniers+articles++-+lebuteur.com%29\">Cliquez ici pour lire l&rsquo;article depuis sa source.<\/a><\/p>\n","protected":false},"excerpt":{"rendered":"<p>Auteur : mardi 28 janvier 2020 18:58 Inconnu du grand public il y a quelques mois encore, Youcef Atal a explos\u00e9 aux yeux de tous la saison derni\u00e8re. Lat\u00e9ral droit de formation, l\u2019Alg\u00e9rien de l\u2019OGC Nice a impressionn\u00e9 gr\u00e2ce \u00e0 ses qualit\u00e9s offensives. Un profil qui pourrait bien lui ouvrir les portes des plus grands [&hellip;]<\/p>\n","protected":false},"author":1738,"featured_media":74426,"comment_status":"closed","ping_status":"closed","sticky":false,"template":"","format":"standard","meta":{"fifu_image_url":"","fifu_image_alt":"","footnotes":""},"categories":[53,75],"tags":[],"class_list":["post-74425","post","type-post","status-publish","format-standard","has-post-thumbnail","hentry","category-algerie","category-sport"],"_links":{"self":[{"href":"https:\/\/linitiative.ca\/International\/wp-json\/wp\/v2\/posts\/74425","targetHints":{"allow":["GET"]}}],"collection":[{"href":"https:\/\/linitiative.ca\/International\/wp-json\/wp\/v2\/posts"}],"about":[{"href":"https:\/\/linitiative.ca\/International\/wp-json\/wp\/v2\/types\/post"}],"author":[{"embeddable":true,"href":"https:\/\/linitiative.ca\/International\/wp-json\/wp\/v2\/users\/1738"}],"replies":[{"embeddable":true,"href":"https:\/\/linitiative.ca\/International\/wp-json\/wp\/v2\/comments?post=74425"}],"version-history":[{"count":0,"href":"https:\/\/linitiative.ca\/International\/wp-json\/wp\/v2\/posts\/74425\/revisions"}],"wp:featuredmedia":[{"embeddable":true,"href":"https:\/\/linitiative.ca\/International\/wp-json\/"}],"wp:attachment":[{"href":"https:\/\/linitiative.ca\/International\/wp-json\/wp\/v2\/media?parent=74425"}],"wp:term":[{"taxonomy":"category","embeddable":true,"href":"https:\/\/linitiative.ca\/International\/wp-json\/wp\/v2\/categories?post=74425"},{"taxonomy":"post_tag","embeddable":true,"href":"https:\/\/linitiative.ca\/International\/wp-json\/wp\/v2\/tags?post=74425"}],"curies":[{"name":"wp","href":"https:\/\/api.w.org\/{rel}","templated":true}]}}