{"id":74429,"date":"2020-01-28T15:14:08","date_gmt":"2020-01-28T20:14:08","guid":{"rendered":"https:\/\/linitiative.ca\/International\/pros-dijon-arrivee-imminente-pour-yassine-benzia\/"},"modified":"2020-01-28T15:14:08","modified_gmt":"2020-01-28T20:14:08","slug":"pros-dijon-arrivee-imminente-pour-yassine-benzia","status":"publish","type":"post","link":"https:\/\/linitiative.ca\/International\/pros-dijon-arrivee-imminente-pour-yassine-benzia\/","title":{"rendered":"Pros : Dijon : Arriv\u00e9e imminente pour Yassine Benzia"},"content":{"rendered":"<div readability=\"32\">\n<p>Auteur : <span class=\"time\">mardi 28 janvier 2020 20:25<\/span><\/p>\n<\/div>\n<div id=\"post_core\" readability=\"39\">\n<p>Comme annonc\u00e9 sur notre site le 18\u00a0janvier, Yassine Benzia (25 ans) devrait bien rejoindre Dijon. Initialement pr\u00eat\u00e9 par Lille \u00e0 l&rsquo;Olympiakos Le Pir\u00e9e, l&rsquo;attaquant polyvalent devrait faire l&rsquo;objet d&rsquo;un nouveau pr\u00eat comme l&rsquo;indique France Football.<\/p>\n<p>L&rsquo;international alg\u00e9rien est attendu dans les quarante-huit prochaines heures par le club bourguignon pour parapher son contrat.<\/p>\n<p><strong>Publi\u00e9 dans :<\/strong> <span>Dijon<\/span><\/p>\n<\/div>\n<p>Auteur:<br \/>\n<a href=\"http:\/\/www.lebuteur.com\/article\/detail?titre=dijon-arrivee-imminente-pour-yassine-benzia&#038;id=94461&#038;utm_source=feedburner&#038;utm_medium=feed&#038;utm_campaign=Feed%3A+GalerieFArtciles+%28Les+derniers+articles++-+lebuteur.com%29\">Cliquez ici pour lire l&rsquo;article depuis sa source.<\/a><\/p>\n","protected":false},"excerpt":{"rendered":"<p>Auteur : mardi 28 janvier 2020 20:25 Comme annonc\u00e9 sur notre site le 18\u00a0janvier, Yassine Benzia (25 ans) devrait bien rejoindre Dijon. Initialement pr\u00eat\u00e9 par Lille \u00e0 l&rsquo;Olympiakos Le Pir\u00e9e, l&rsquo;attaquant polyvalent devrait faire l&rsquo;objet d&rsquo;un nouveau pr\u00eat comme l&rsquo;indique France Football. L&rsquo;international alg\u00e9rien est attendu dans les quarante-huit prochaines heures par le club bourguignon [&hellip;]<\/p>\n","protected":false},"author":1738,"featured_media":74430,"comment_status":"closed","ping_status":"closed","sticky":false,"template":"","format":"standard","meta":{"fifu_image_url":"","fifu_image_alt":"","footnotes":""},"categories":[53,75],"tags":[],"class_list":["post-74429","post","type-post","status-publish","format-standard","has-post-thumbnail","hentry","category-algerie","category-sport"],"_links":{"self":[{"href":"https:\/\/linitiative.ca\/International\/wp-json\/wp\/v2\/posts\/74429","targetHints":{"allow":["GET"]}}],"collection":[{"href":"https:\/\/linitiative.ca\/International\/wp-json\/wp\/v2\/posts"}],"about":[{"href":"https:\/\/linitiative.ca\/International\/wp-json\/wp\/v2\/types\/post"}],"author":[{"embeddable":true,"href":"https:\/\/linitiative.ca\/International\/wp-json\/wp\/v2\/users\/1738"}],"replies":[{"embeddable":true,"href":"https:\/\/linitiative.ca\/International\/wp-json\/wp\/v2\/comments?post=74429"}],"version-history":[{"count":0,"href":"https:\/\/linitiative.ca\/International\/wp-json\/wp\/v2\/posts\/74429\/revisions"}],"wp:featuredmedia":[{"embeddable":true,"href":"https:\/\/linitiative.ca\/International\/wp-json\/"}],"wp:attachment":[{"href":"https:\/\/linitiative.ca\/International\/wp-json\/wp\/v2\/media?parent=74429"}],"wp:term":[{"taxonomy":"category","embeddable":true,"href":"https:\/\/linitiative.ca\/International\/wp-json\/wp\/v2\/categories?post=74429"},{"taxonomy":"post_tag","embeddable":true,"href":"https:\/\/linitiative.ca\/International\/wp-json\/wp\/v2\/tags?post=74429"}],"curies":[{"name":"wp","href":"https:\/\/api.w.org\/{rel}","templated":true}]}}