{"id":74434,"date":"2020-01-28T12:20:00","date_gmt":"2020-01-28T17:20:00","guid":{"rendered":"https:\/\/linitiative.ca\/International\/m-tebboune-soutien-de-la-demarche-de-lanp-dans-le-developpement-du-pays\/"},"modified":"2020-01-28T12:20:00","modified_gmt":"2020-01-28T17:20:00","slug":"m-tebboune-soutien-de-la-demarche-de-lanp-dans-le-developpement-du-pays","status":"publish","type":"post","link":"https:\/\/linitiative.ca\/International\/m-tebboune-soutien-de-la-demarche-de-lanp-dans-le-developpement-du-pays\/","title":{"rendered":"M.Tebboune : Soutien de la d\u00e9marche de l&rsquo;ANP dans le d\u00e9veloppement du pays"},"content":{"rendered":"<p>A son arriv\u00e9e, le Pr\u00e9sident Tebboune, a \u00e9t\u00e9 accueilli par le G\u00e9n\u00e9ral-Major Sa\u00efd Chanegriha, chef d\u2019Etat-Major de l\u2019Arm\u00e9e nationale populaire (ANP) par int\u00e9rim.<\/p>\n<p>Au terme de l&rsquo;ex\u00e9cution de l&rsquo;hymne national, les honneurs militaires ont \u00e9t\u00e9 rendus au Pr\u00e9sident de la R\u00e9publique qui a salu\u00e9 ensuite les Commandants des Forces, chefs de d\u00e9partements de l&rsquo;Arm\u00e9e nationale populaire (ANP) et le Commandant de la premi\u00e8re r\u00e9gion militaire, le G\u00e9n\u00e9ral-Major Ali Sidane.<\/p>\n<p>Le Pr\u00e9sident de la R\u00e9publique a, par la suite, pr\u00e9sid\u00e9 une r\u00e9union de travail, \u00e0 l&rsquo;entame de laquelle, le G\u00e9n\u00e9ral-Major Sa\u00efd Chanegriha a prononc\u00e9 une allocution de bienvenue \u00e0 l&rsquo;adresse du Pr\u00e9sident Tebboune.<\/p>\n<p>\u00ab\u00a0Nous sommes pleinement d\u00e9termin\u00e9s \u00e0 appuyer et soutenir vos nobles d\u00e9marches visant \u00e0 d\u00e9velopper le pays dans divers domaines et sur tous les plans, en concr\u00e9tisation des ambitions et aspirations l\u00e9gitimes de notre peuple vaillant\u00a0\u00bb, a-t-il d\u00e9clar\u00e9.Le Pr\u00e9sident de la R\u00e9publique a suivi, ensuite, deux expos\u00e9s pr\u00e9sent\u00e9s respectivement par le Secr\u00e9taire g\u00e9n\u00e9ral du MDN, le G\u00e9n\u00e9ral-Major Abdemhamid Ghriss et le chef du d\u00e9partement emploi-pr\u00e9paration, le G\u00e9n\u00e9ral-Major Mohamed Bachar. A cette occasion, le Pr\u00e9sident Tebboune a prononc\u00e9 une allocution suivie par les cadres et les \u00e9l\u00e9ments de l&rsquo;Arm\u00e9e nationale populaire (ANP) par visioconf\u00e9rence au niveau des Commandements des forces des six r\u00e9gions militaires, secteurs op\u00e9rationnels et grandes unit\u00e9s.Au terme de sa visite, le Pr\u00e9sident de la R\u00e9publique a sign\u00e9 le Registre d&rsquo;or du MDN. (APS)<\/p>\n<p>Auteur: elmoudjahid<br \/>\n<a href=\"http:\/\/www.elmoudjahid.com\/fr\/actualites\/147726\">Cliquez ici pour lire l&rsquo;article depuis sa source.<\/a><\/p>\n","protected":false},"excerpt":{"rendered":"<p>A son arriv\u00e9e, le Pr\u00e9sident Tebboune, a \u00e9t\u00e9 accueilli par le G\u00e9n\u00e9ral-Major Sa\u00efd Chanegriha, chef d\u2019Etat-Major de l\u2019Arm\u00e9e nationale populaire (ANP) par int\u00e9rim. Au terme de l&rsquo;ex\u00e9cution de l&rsquo;hymne national, les honneurs militaires ont \u00e9t\u00e9 rendus au Pr\u00e9sident de la R\u00e9publique qui a salu\u00e9 ensuite les Commandants des Forces, chefs de d\u00e9partements de l&rsquo;Arm\u00e9e nationale [&hellip;]<\/p>\n","protected":false},"author":1744,"featured_media":0,"comment_status":"closed","ping_status":"closed","sticky":false,"template":"","format":"standard","meta":{"fifu_image_url":"","fifu_image_alt":"","footnotes":""},"categories":[73,53],"tags":[],"class_list":["post-74434","post","type-post","status-publish","format-standard","hentry","category-actualite","category-algerie"],"_links":{"self":[{"href":"https:\/\/linitiative.ca\/International\/wp-json\/wp\/v2\/posts\/74434","targetHints":{"allow":["GET"]}}],"collection":[{"href":"https:\/\/linitiative.ca\/International\/wp-json\/wp\/v2\/posts"}],"about":[{"href":"https:\/\/linitiative.ca\/International\/wp-json\/wp\/v2\/types\/post"}],"author":[{"embeddable":true,"href":"https:\/\/linitiative.ca\/International\/wp-json\/wp\/v2\/users\/1744"}],"replies":[{"embeddable":true,"href":"https:\/\/linitiative.ca\/International\/wp-json\/wp\/v2\/comments?post=74434"}],"version-history":[{"count":0,"href":"https:\/\/linitiative.ca\/International\/wp-json\/wp\/v2\/posts\/74434\/revisions"}],"wp:attachment":[{"href":"https:\/\/linitiative.ca\/International\/wp-json\/wp\/v2\/media?parent=74434"}],"wp:term":[{"taxonomy":"category","embeddable":true,"href":"https:\/\/linitiative.ca\/International\/wp-json\/wp\/v2\/categories?post=74434"},{"taxonomy":"post_tag","embeddable":true,"href":"https:\/\/linitiative.ca\/International\/wp-json\/wp\/v2\/tags?post=74434"}],"curies":[{"name":"wp","href":"https:\/\/api.w.org\/{rel}","templated":true}]}}