{"id":74461,"date":"2020-01-28T13:28:00","date_gmt":"2020-01-28T18:28:00","guid":{"rendered":"https:\/\/linitiative.ca\/International\/machrou3-tounes-boycotte-les-concertations-des-partis-a-propos-du-document-de-reference-propose-par-elyes-fakhfakh\/"},"modified":"2020-01-28T13:28:00","modified_gmt":"2020-01-28T18:28:00","slug":"machrou3-tounes-boycotte-les-concertations-des-partis-a-propos-du-document-de-reference-propose-par-elyes-fakhfakh","status":"publish","type":"post","link":"https:\/\/linitiative.ca\/International\/machrou3-tounes-boycotte-les-concertations-des-partis-a-propos-du-document-de-reference-propose-par-elyes-fakhfakh\/","title":{"rendered":"Machrou3 Toun\u00e8s boycotte les concertations des partis \u00e0 propos du document de r\u00e9f\u00e9rence  propos\u00e9 par Ely\u00e8s Fakhfakh"},"content":{"rendered":"<p>Le mouvement Machrou3 Tounes a d\u00e9clin\u00e9 mardi l\u2019invitation qui lui a \u00e9t\u00e9 adress\u00e9e pour prendre part aux concertations des partis sur le document de r\u00e9f\u00e9rence du programme gouvernemental qui ont d\u00e9marr\u00e9 ce mardi. Raison invoqu\u00e9e: le parti a des r\u00e9serves \u00e0 propos de la m\u00e9thode adopt\u00e9e pour organiser les discussions qui \u00aba suscit\u00e9 son \u00e9tonnement\u00bb, tout en proposant \u00abde former une coalition gouvernementale autour d\u2019un large programme de r\u00e9formes sans discrimination, ni exclusion\u00bb.<\/p>\n<p>Auteur:<br \/>\n<a href=\"https:\/\/www.leaders.com.tn\/article\/28987-machrou3-tounes-boycotte-les-concertations-des-partis-a-propos-du-document-de-reference-propose-par-ilyes-fakhfakh\">Cliquez ici pour lire l&rsquo;article depuis sa source.<\/a><\/p>\n","protected":false},"excerpt":{"rendered":"<p>Le mouvement Machrou3 Tounes a d\u00e9clin\u00e9 mardi l\u2019invitation qui lui a \u00e9t\u00e9 adress\u00e9e pour prendre part aux concertations des partis sur le document de r\u00e9f\u00e9rence du programme gouvernemental qui ont d\u00e9marr\u00e9 ce mardi. Raison invoqu\u00e9e: le parti a des r\u00e9serves \u00e0 propos de la m\u00e9thode adopt\u00e9e pour organiser les discussions qui \u00aba suscit\u00e9 son \u00e9tonnement\u00bb, [&hellip;]<\/p>\n","protected":false},"author":1772,"featured_media":0,"comment_status":"closed","ping_status":"closed","sticky":false,"template":"","format":"standard","meta":{"fifu_image_url":"","fifu_image_alt":"","footnotes":""},"categories":[73,55],"tags":[],"class_list":["post-74461","post","type-post","status-publish","format-standard","hentry","category-actualite","category-tunisie"],"_links":{"self":[{"href":"https:\/\/linitiative.ca\/International\/wp-json\/wp\/v2\/posts\/74461","targetHints":{"allow":["GET"]}}],"collection":[{"href":"https:\/\/linitiative.ca\/International\/wp-json\/wp\/v2\/posts"}],"about":[{"href":"https:\/\/linitiative.ca\/International\/wp-json\/wp\/v2\/types\/post"}],"author":[{"embeddable":true,"href":"https:\/\/linitiative.ca\/International\/wp-json\/wp\/v2\/users\/1772"}],"replies":[{"embeddable":true,"href":"https:\/\/linitiative.ca\/International\/wp-json\/wp\/v2\/comments?post=74461"}],"version-history":[{"count":0,"href":"https:\/\/linitiative.ca\/International\/wp-json\/wp\/v2\/posts\/74461\/revisions"}],"wp:attachment":[{"href":"https:\/\/linitiative.ca\/International\/wp-json\/wp\/v2\/media?parent=74461"}],"wp:term":[{"taxonomy":"category","embeddable":true,"href":"https:\/\/linitiative.ca\/International\/wp-json\/wp\/v2\/categories?post=74461"},{"taxonomy":"post_tag","embeddable":true,"href":"https:\/\/linitiative.ca\/International\/wp-json\/wp\/v2\/tags?post=74461"}],"curies":[{"name":"wp","href":"https:\/\/api.w.org\/{rel}","templated":true}]}}