{"id":74462,"date":"2020-01-28T14:05:00","date_gmt":"2020-01-28T19:05:00","guid":{"rendered":"https:\/\/linitiative.ca\/International\/hommage-a-abdelwahab-mahjoub-adieu-abdel\/"},"modified":"2020-01-28T14:05:00","modified_gmt":"2020-01-28T19:05:00","slug":"hommage-a-abdelwahab-mahjoub-adieu-abdel","status":"publish","type":"post","link":"https:\/\/linitiative.ca\/International\/hommage-a-abdelwahab-mahjoub-adieu-abdel\/","title":{"rendered":"Hommage \u00e0 Abdelwahab Mahjoub: Adieu, Abdel"},"content":{"rendered":"<p>Cela fait exactement un mois que je l\u2019ai rencontr\u00e9 pour la derni\u00e8re fois. On s\u2019\u00e9tait rencontr\u00e9s avant, le 29 novembre 2019, \u00e0 la facult\u00e9 des Sciences humaines et sociales de Tunis \u00e0 l\u2019occasion des deux journ\u00e9es (29 et 30 novembre) consacr\u00e9es \u00e0 \u00ab l\u2019histoire de l\u2019enseignement et du d\u00e9partement de psychologie \u00e0 l\u2019Universit\u00e9 de Tunis \u00bb. Cela rentrait dans le cadre des festivit\u00e9s des 60 ans de la Facult\u00e9 du 9 Avril.<\/p>\n<p>Ces deux journ\u00e9es ont r\u00e9uni de nombreux enseignants dont le fondateur du premier d\u00e9partement \u00ab philo-psycho-socio \u00bb (PPS), le Professeur Abdelwahab Bouhdiba, qui a contribu\u00e9 lui-m\u00eame ensuite \u00e0 permettre \u00e0 chaque d\u00e9partement d\u2019avoir sa propre autonomie. Ces deux journ\u00e9es ont r\u00e9ussi \u00e0 r\u00e9unir les anciens et les nouveaux enseignants mais \u00e9galement d\u2019anciens et de nouveaux \u00e9tudiants en psychologie et ont permis de raconter et de transmettre l\u2019histoire \u00e0 travers les g\u00e9n\u00e9rations. J\u2019avais tenu \u00e0 filmer cet \u00e9v\u00e9nement pour inscrire, graver et archiver tout cela dans l\u2019histoire de la Tunisie de fa\u00e7on certaine. Un livre est pr\u00e9vu pour comprendre les t\u00e9moignages de l\u2019ensemble des intervenants.<\/p>\n<p>La premi\u00e8re journ\u00e9e, celle du 29 novembre, a \u00e9t\u00e9 magistralement ponctu\u00e9e par les interventions des deux Abdelwahab : Bouhdiba ayant parl\u00e9 en d\u00e9but de matin\u00e9e, Mahjoub en fin de journ\u00e9e. Deux interventions inoubliables marqu\u00e9es par ce moment touchant. Apr\u00e8s la fin du premier topo, Mahjoub se l\u00e8ve et se dirige vers Bouhdiba, prend le micro pour lui dire avec toute la modestie et la sinc\u00e9rit\u00e9 du monde: \u00ab <em>\u00ab\u00a0inti Sidi \u00ab\u00a0<\/em>, vous \u00eates mon Ma\u00eetre, vous \u00eates notre Ma\u00eetre \u00bb, avant de lui poser ses questions.<\/p>\n<p>En fin de journ\u00e9e, Abdelwahab Mahjoub a parl\u00e9 pendant 30 minutes de son parcours : ses \u00e9tudes effectu\u00e9es \u00e0 l\u2019Universit\u00e9 Catholique de Louvain, puis son retour au pays et son int\u00e9gration \u00e0 la fac du 9 Avril (relevant de l\u2019Universit\u00e9 de Tunis). Enfin, son d\u00e9part pour l\u2019Institut sup\u00e9rieur des sciences humaines (Institut Ibn-Charaf) apr\u00e8s la cr\u00e9ation du second d\u00e9partement de psychologie en Tunisie, relevant de l\u2019Universit\u00e9 de Tunis el-Manar. Il a assur\u00e9 la direction du d\u00e9partement dans les deux institutions et a \u00e9t\u00e9 appel\u00e9 \u00e9galement \u00e0 occuper la charge de directeur des \u00e9tudes \u00e0 l\u2019Institut.<\/p>\n<p>Il faut savoir qu\u2019\u00e9tant \u00e0 la retraite depuis de nombreuses ann\u00e9es, Abdelwahab s\u2019est consacr\u00e9 \u00e0 sa ville T\u00e9bourba, \u00e0 l\u2019entreprise familiale : l\u2019huilerie s\u00e9culaire \u00ab les Moulins Mahjoub \u00bb mais \u00e9galement \u00e0 la vie associative et politique.<\/p>\n<p>Toutes les personnes pr\u00e9sentes ont remarqu\u00e9 la grande charge \u00e9motionnelle et affective qui a marqu\u00e9 son intervention de ce vendredi 29 novembre 2019. Il affirmait avec certitude <em>que \u00ab tous les enseignants de psychologie adorent leur profession \u00bb, et \u00ab qu\u2019on n\u2019est pas semblable par cette formation \u00bb, (\u2026) \u00ab qu\u2019il y a quelque chose qui nous habite qui est l\u2019amour pour nos \u00e9tudiants \u00bb, (\u2026)\u00a0 \u00ab on aime nos \u00e9tudiants \u00bb (\u2026) \u00ab et si je vous transmets cela, c\u2019est parce que je n\u2019ai pas trouv\u00e9 d\u2019autres mots pour le dire\u2026 \u00bb<\/em> Il d\u00e9fend l\u2019id\u00e9e que les \u00e9tudiants ressentent cela et que cela constitue un facteur de r\u00e9ussite ou d\u2019\u00e9chec pour eux. Il affirme qu\u2019il a v\u00e9cu cela, c\u2019est la raison pour laquelle il en parle : <em>\u00ab Si j\u2019ai r\u00e9ussi ma mission aupr\u00e8s de vous, c\u2019est parce que je vous ai aim\u00e9s \u00bb.<\/em><\/p>\n<p>Il disait que l\u2019organisation de ces Journ\u00e9es est une preuve de la r\u00e9ussite de la naissance et du d\u00e9veloppement d\u2019une psychologie scientifique en Tunisie. Il a rappel\u00e9 le fait qu\u2019il y avait eu beaucoup d\u2019acquis : les textes de loi prot\u00e9geant la profession du psychologue de libre pratique et celle du psychologue exer\u00e7ant dans la fonction publique. Et sur un ton testamentaire et confiant, il a appel\u00e9 les g\u00e9n\u00e9rations futures \u00e0 prendre le flambeau et \u00e0 continuer l\u2019\u0153uvre. Il ne faut pas l\u00e2cher deux projets : <em>\u00ab mon r\u00eave c\u2019est de voir se r\u00e9aliser le statut d\u2019hospitalo-universitaire des enseignants de psychologie clinique, mais \u00e9galement et surtout : la cr\u00e9ation d\u2019une facult\u00e9 de psychologie ou d\u2019un institut de psychologie \u00e0 l\u2019instar de ce qui existe dans de nombreux pays : Paris, Gen\u00e8ve ou encore Alger \u00bb.<\/em><\/p>\n<p>J\u2019avais personnellement per\u00e7u les propos d\u2019Abdelwahab Mahjoub ce jour-l\u00e0 comme \u00e9tant un discours d\u2019adieu. Il tenait \u00e0 transmettre le maximum de choses en un minimum de temps. C\u2019est comme s\u2019il attendait ces deux journ\u00e9es-l\u00e0 pour apporter son t\u00e9moignage sur le fonctionnement institutionnel, la vie professionnelle, la dynamique de groupe, le paysage politique, etc.<\/p>\n<p>Moins d\u2019un mois apr\u00e8s, il me re\u00e7oit chez lui \u00e0 T\u00e9bourba. C\u2019\u00e9tait le 25 d\u00e9cembre. J\u2019allais lui rendre visite pour acheter ma dose d\u2019huile bio. Ce jour-l\u00e0, Abdel, qui attendait ma visite, m\u2019a accueilli d\u2019abord dans l\u2019huilerie, puis m\u2019a invit\u00e9 chez lui, \u00e0 c\u00f4t\u00e9. Une maison ancestrale qui date des ann\u00e9es 1930. J\u2019\u00e9tais \u00e9bloui par la structure de cette maison et je n\u2019ai pas h\u00e9sit\u00e9 \u00e0 lui poser certaines questions. Mais comme il avait tout pr\u00e9par\u00e9 \u00e0 l\u2019avance, il m\u2019a invit\u00e9 d\u2019abord \u00e0 prendre place dans une pi\u00e8ce bourr\u00e9e d\u2019\u00e9l\u00e9ments appartenant au monde de l\u2019histoire et de l\u2019art: des photos de famille, d\u2019anciens cachets (tampons) de famille, des tableaux divers repr\u00e9sentant des oliviers mais \u00e9galement des tablettes d\u2019\u00e9cole coranique. Il y avait aussi, pour les circonstances, un plateau comprenant une th\u00e9i\u00e8re, des verres, et de nombreuses vari\u00e9t\u00e9s de g\u00e2teaux <em>\u00ab fait maison \u00bb,<\/em> pr\u00e9cise-t-il.<\/p>\n<p>Je ne m\u2019attendais pas du tout \u00e0 recevoir cet apr\u00e8s-midi-l\u00e0 une sorte de suite \u00e0 la conf\u00e9rence qu\u2019il avait donn\u00e9e \u00e0 la facult\u00e9, sinon, j\u2019aurais pr\u00e9vu de continuer de le filmer, m\u00eame via mon t\u00e9l\u00e9phone. C\u2019\u00e9tait une rencontre en t\u00eate-\u00e0-t\u00eate d\u2019une heure et d\u2019une densit\u00e9 rare. Il m\u2019expliquait d\u2019abord qu\u2019il veut me faire d\u00e9couvrir une recette de th\u00e9. C\u2019\u00e9tait du th\u00e9 \u00e0 l\u2019anis <em>\u00ab bisb\u00e8s \u00bb<\/em> aux nombreuses vertus. On a commenc\u00e9 \u00e0 discuter de culture culinaire et on comparait les cuisines traditionnelles de T\u00e9bourba \u00e0 celle de K\u00e9libia. Puis, il s\u2019est mis \u00e0 me parler de l\u2019histoire de cette maison familiale et \u00e0 me confier des \u00e9l\u00e9ments de son enfance v\u00e9cue dans ces lieux. Puis il s\u2019est lev\u00e9 pour m\u2019inviter \u00e0 le suivre. Il m\u2019a fait voir toutes les pi\u00e8ces et ailes de cette grande maison combinant \u00e0 la fois un c\u00f4t\u00e9 \u00ab arabe \u00bb et un c\u00f4t\u00e9 \u00ab moderne \u00bb, et j\u2019ai pu lui faire remarquer qu\u2019il \u00e9tait un fin d\u00e9fenseur du patrimoine puisqu\u2019il a su pr\u00e9server le caract\u00e8re typique de cette construction tout en r\u00e9ussissant \u00e0 en moderniser certains aspects.<\/p>\n<p>Revenant \u00e0 notre pi\u00e8ce et \u00e0 notre th\u00e9, nous avons repris notre discussion et je lui demandais de me fournir le texte de sa conf\u00e9rence de fin novembre car il avait improvis\u00e9 son intervention. Je lui rappelle que l\u2019objectif est de publier un livre au courant de l\u2019ann\u00e9e 2020. Il m\u2019a r\u00e9pondu qu\u2019il n\u2019a pas le temps de le faire et m\u2019a demand\u00e9 de transcrire moi-m\u00eame son intervention \u00e0 partir de l\u2019enregistrement vid\u00e9o. Bien plus, il m\u2019a invit\u00e9 \u00e0 compl\u00e9ter son texte par une dimension qu\u2019il avait oubli\u00e9 d\u2019aborder lors de sa conf\u00e9rence. Il s\u2019en voulait beaucoup d\u2019ailleurs. Il tenait \u00e0 pr\u00e9ciser qu\u2019il y a un autre facteur tr\u00e8s important dans la relation professeur-\u00e9tudiant, <em>\u00ab c\u2019est le respect mutuel \u00bb<\/em>. Pour lui, sans respect mutuel, rien ne peut passer non plus. Et pour finir, il me demande de faire en sorte que le livre paraisse tant qu\u2019Abdelwahab est en vie (!) J\u2019ai mis un laps de temps pour comprendre qu\u2019il parlait d\u2019Abdelwahab Bouhdiba, mais la superposition du m\u00eame pr\u00e9nom sur les deux personnes \u00e9tait intrigante. J\u2019avais froid dans le dos. Et en m\u00eame temps, j\u2019avais senti un poids suppl\u00e9mentaire sur mes \u00e9paules, des missions additionnelles \u00e0 accomplir et une volont\u00e9 \u00e0 respecter.<\/p>\n<p>Il est revenu ensuite sur ce qui le passionne le plus actuellement, l\u2019histoire de T\u00e9bourba, celle de sa famille, de l\u2019olivier et de l\u2019olive et il s\u2019est mis \u00e0 me parler de ce qui fait la sp\u00e9cificit\u00e9 des huileries. Pour lui, l\u2019huilerie est un <em>\u00ab ph\u00e9nom\u00e8ne social total au sens de Marcel Mauss \u00bb<\/em>. Historiquement, l\u2019huilerie \u00e9tait une entreprise commerciale certes, un lieu d\u2019extraction d\u2019huile d\u2019olive mais c\u2019\u00e9tait \u00e9galement un lieu de transmission culturelle et d\u2019\u00e9ducation, puisque les familles qui poss\u00e8dent une huilerie sont tenues de cr\u00e9er un espace au sein de cette entreprise, un espace r\u00e9serv\u00e9 \u00e0 une \u00e9cole coranique, un <em>kottab<\/em>. C\u2019\u00e9tait une forme de r\u00e9sistance contre l\u2019occupant fran\u00e7ais qui refusait l\u2019acc\u00e8s des petits Tunisiens aux \u00e9coles publiques. C\u2019\u00e9tait une fa\u00e7on de prendre en charge gratuitement la scolarisation des enfants par les notables du village. Et c\u2019est ainsi que l\u2019endroit qui servait d\u2019\u00e9cole coranique chez la famille Mahjoub s\u2019est transform\u00e9 ensuite en mus\u00e9e visit\u00e9 par de nombreux \u00e9l\u00e8ves, coll\u00e9giens, lyc\u00e9ens et \u00e9tudiants.<\/p>\n<p>La conversation a bifurqu\u00e9 ensuite sur les enjeux de l\u2019\u00e9ducation \u00e0 l\u2019\u00e8re du num\u00e9rique. Il me disait que c\u2019est la g\u00e9n\u00e9ration suivante qui saura mieux g\u00e9rer ces nouveaux outils de communication. Il \u00e9tait convaincu que toutes les anciennes th\u00e9ories socio\u00e9conomiques mais aussi les courants politiques classiques sont destin\u00e9s \u00e0 dispara\u00eetre. Le d\u00e9veloppement du num\u00e9rique a tout chamboul\u00e9. Et il m\u2019a conseill\u00e9 vivement de lire un texte d\u2019un Tunisien dont il a vant\u00e9 les m\u00e9rites. L\u2019approche de l\u2019auteur, disait-il, est extr\u00eamement pertinente. L\u2019auteur, dont il a oubli\u00e9 le nom, parle de \u00ab m\u00e9ritocratie \u00bb et \u00ab d\u2019intelligence \u00e9conomique \u00bb \u00e0 l\u2019\u00e8re de la derni\u00e8re r\u00e9volution industrielle, celle de l\u2019information, de la data,\u00a0 du num\u00e9rique et du commerce \u00e9lectronique. Il disait que ce Tunisien, est un g\u00e9nie et qu\u2019il me faut absolument lire l\u2019interview r\u00e9cente qu\u2019il vient d\u2019accorder au journal <em>L\u2019\u00e9conomiste maghr\u00e9bin<\/em> (d\u00e9cembre 2019) et qui est disponible sur le web.<\/p>\n<p>Je regardais ma montre, une heure est d\u00e9j\u00e0 pass\u00e9e. Heureusement qu\u2019il faisait beau ce jour-l\u00e0. On allait ensemble de nouveau \u00e0 l\u2019huilerie r\u00e9cup\u00e9rer mon huile. Et ce vieil homme, fid\u00e8le compagnon de route qui nous rejoint pour me donner un premier \u00ab bonus \u00bb, un r\u00e9cipient plein d\u2019olives. Abdel m\u2019en pr\u00e9cisait la vari\u00e9t\u00e9. Une fois pr\u00e8s de la voiture, la m\u00eame personne revient avec un autre r\u00e9cipient, une autre vari\u00e9t\u00e9 d\u2019olives.<\/p>\n<p>J\u2019avais senti quelque chose d\u2019\u00e9trange cet apr\u00e8s-midi-l\u00e0. D\u2019abord que je n\u2019\u00e9tais pas uniquement avec un coll\u00e8gue ou un ami mais avec un fr\u00e8re a\u00een\u00e9 qui prodiguait des conseils ou qui donnait des consignes \u00e0 son fr\u00e8re plus jeune. J\u2019avais remarqu\u00e9 en plus qu\u2019il \u00e9tait toujours dans le don et le partage: de la nourriture intellectuelle, du savoir historique, acad\u00e9mique mais \u00e9galement de la nourriture terrestre, celle de l\u2019olive et de l\u2019huile, <em>\u00ab liquid gold,<\/em> m\u2019a-t-il pr\u00e9cis\u00e9, <em>comme l\u2019avait qualifi\u00e9 la cha\u00eene CNN \u00bb<\/em>.<\/p>\n<p>Au moment de se dire au revoir, instant inoubliable, il y avait certes cette poign\u00e9e de main avec les deux bises. Mais tr\u00e8s vite et spontan\u00e9ment, il y a eu une accolade \u00e9mouvante. C\u2019est comme si je pressentais que c\u2019\u00e9tait notre derni\u00e8re rencontre. Et pour donner un air positif \u00e0 la suite, il m\u2019a promis de passer \u00e0 K\u00e9libia pour un week-end. <em>\u00ab Ce sera au printemps \u00bb,<\/em> ajoute-t-il.<\/p>\n<p>Le soir m\u00eame, je re\u00e7ois un mail de la part d\u2019Abdelwahab comprenant le lien permettant l\u2019acc\u00e8s direct au texte qu\u2019il m\u2019avait recommand\u00e9. Le Tunisien dont il parlait s\u2019appelle Mohamed Balghouthi.<\/p>\n<p>Adieu Abdel<br \/><em>Ton \u00e9rudition, ton savoir, ton humour, ton sens du contact social, ta g\u00e9n\u00e9rosit\u00e9 et ta sinc\u00e9rit\u00e9 vont nous manquer \u00e9norm\u00e9ment.<\/em><\/p>\n<p class=\"c2\"><em><strong>Riadh Ben Rejeb<\/strong><\/em><\/p>\n<p class=\"c2\"><em>Directeur du Laboratoire de psychologie clinique<br \/><\/em><\/p>\n<p class=\"c2\"><em>Hommage au professeur Abdelwahab Mahjoub: Abdel, l\u2019olivier\u2026Universit\u00e9 de Tunis<\/em><\/p>\n<p class=\"c3\"><strong>Lire aussi<\/strong><\/p>\n<p><a href=\"https:\/\/www.leaders.com.tn\/article\/28972-hommage-au-professeur-abdelwahab-mahjoub-abdel-l-olivier\" target=\"_blank\" rel=\"noopener noreferrer\">Hommage au professeur Abdelwahab Mahjoub: Abdel, l\u2019olivier\u2026<\/a><\/p>\n<p class=\"c3\"><a href=\"https:\/\/www.leaders.com.tn\/article\/28833-hatem-kotrane-hommage-a-abdelwahab-mahjoub\" target=\"_blank\" rel=\"noopener noreferrer\">Hatem Kotrane: Hommage \u00e0 Abdelwahab Mahjoub<br \/><\/a> <a href=\"https:\/\/www.leaders.com.tn\/article\/28833-hatem-kotrane-hommage-a-abdelwahab-mahjoub\" target=\"_blank\" rel=\"noopener noreferrer\"><br \/><\/a> <a href=\"https:\/\/www.leaders.com.tn\/article\/28833-hatem-kotrane-hommage-a-abdelwahab-mahjoub\" target=\"_blank\" rel=\"noopener noreferrer\"><br \/><\/a> <a href=\"https:\/\/www.leaders.com.tn\/article\/28833-hatem-kotrane-hommage-a-abdelwahab-mahjoub\" target=\"_blank\" rel=\"noopener noreferrer\"><br \/>\u00a0<\/a><\/p>\n<p>Auteur:<br \/>\n<a href=\"https:\/\/www.leaders.com.tn\/article\/28989-hommage-a-abdelwahab-mahjoub\">Cliquez ici pour lire l&rsquo;article depuis sa source.<\/a><\/p>\n","protected":false},"excerpt":{"rendered":"<p>Cela fait exactement un mois que je l\u2019ai rencontr\u00e9 pour la derni\u00e8re fois. On s\u2019\u00e9tait rencontr\u00e9s avant, le 29 novembre 2019, \u00e0 la facult\u00e9 des Sciences humaines et sociales de Tunis \u00e0 l\u2019occasion des deux journ\u00e9es (29 et 30 novembre) consacr\u00e9es \u00e0 \u00ab l\u2019histoire de l\u2019enseignement et du d\u00e9partement de psychologie \u00e0 l\u2019Universit\u00e9 de Tunis [&hellip;]<\/p>\n","protected":false},"author":1772,"featured_media":0,"comment_status":"closed","ping_status":"closed","sticky":false,"template":"","format":"standard","meta":{"fifu_image_url":"","fifu_image_alt":"","footnotes":""},"categories":[73,55],"tags":[],"class_list":["post-74462","post","type-post","status-publish","format-standard","hentry","category-actualite","category-tunisie"],"_links":{"self":[{"href":"https:\/\/linitiative.ca\/International\/wp-json\/wp\/v2\/posts\/74462","targetHints":{"allow":["GET"]}}],"collection":[{"href":"https:\/\/linitiative.ca\/International\/wp-json\/wp\/v2\/posts"}],"about":[{"href":"https:\/\/linitiative.ca\/International\/wp-json\/wp\/v2\/types\/post"}],"author":[{"embeddable":true,"href":"https:\/\/linitiative.ca\/International\/wp-json\/wp\/v2\/users\/1772"}],"replies":[{"embeddable":true,"href":"https:\/\/linitiative.ca\/International\/wp-json\/wp\/v2\/comments?post=74462"}],"version-history":[{"count":0,"href":"https:\/\/linitiative.ca\/International\/wp-json\/wp\/v2\/posts\/74462\/revisions"}],"wp:attachment":[{"href":"https:\/\/linitiative.ca\/International\/wp-json\/wp\/v2\/media?parent=74462"}],"wp:term":[{"taxonomy":"category","embeddable":true,"href":"https:\/\/linitiative.ca\/International\/wp-json\/wp\/v2\/categories?post=74462"},{"taxonomy":"post_tag","embeddable":true,"href":"https:\/\/linitiative.ca\/International\/wp-json\/wp\/v2\/tags?post=74462"}],"curies":[{"name":"wp","href":"https:\/\/api.w.org\/{rel}","templated":true}]}}