{"id":74463,"date":"2020-01-28T14:57:00","date_gmt":"2020-01-28T19:57:00","guid":{"rendered":"https:\/\/linitiative.ca\/International\/qui-est-hedi-damak-le-proche-conseiller-delyes-fakhfakh-a-dar-dhiafa-album-photos\/"},"modified":"2020-01-28T14:57:00","modified_gmt":"2020-01-28T19:57:00","slug":"qui-est-hedi-damak-le-proche-conseiller-delyes-fakhfakh-a-dar-dhiafa-album-photos","status":"publish","type":"post","link":"https:\/\/linitiative.ca\/International\/qui-est-hedi-damak-le-proche-conseiller-delyes-fakhfakh-a-dar-dhiafa-album-photos\/","title":{"rendered":"Qui est H\u00e9di Damak, le proche conseiller d\u2019Ely\u00e8s Fakhfakh \u00e0 Dar Dhiafa (Album Photos)"},"content":{"rendered":"<p>Discr\u00e8tement, il avait fait son entr\u00e9e il y a quelques jours \u00e0 Dar Dhiafa aupr\u00e8s d\u2019Ely\u00e8s Fakhfakh charg\u00e9 de former le nouveau gouvernement.\u00a0H\u00e9di Damak est \u00e0 pr\u00e9sent projet\u00e9 sous les projecteurs des m\u00e9dias. On le voit assister aux audiences accord\u00e9es par Fakhfakh \u00e0 ses visiteurs et prendre part aux r\u00e9unions tenues avec les repr\u00e9sentants des partis consult\u00e9s. Damak, 63 ans, \u00e9narque, avait \u00e9t\u00e9 secr\u00e9taire g\u00e9n\u00e9ral du minist\u00e8re des Finances, durant cinq ans, de 2011 jusqu\u2019\u00e0 son d\u00e9part \u00e0 la retraite en 2017. Avec comp\u00e9tence et abn\u00e9gation, il avait servi alors sous huit ministres successifs, Hassine Dimassi, Slim Besbes, Jaloul Ayed, Ely\u00e8s Fakhfakh, Hakim Ben Ben Hammouda, Slim Chaker, Lamia Zribi et Fadhel Abdelk\u00e9fi, ayant quitt\u00e9 avant l&rsquo;arriv\u00e9e de Ridha Chalghoum.<\/p>\n<p>Prenant la route la semaine derni\u00e8re vers sa ville natale pour se rendre aupr\u00e8s de sa famille, <a href=\"https:\/\/www.leaders.com.tn\/article\/7697-hedi-damak\">Damak<\/a> avait re\u00e7u un appel urgent de Fakhfakh, lui demandant de le rejoindre. Le chef de gouvernement nomin\u00e9 qui l\u2019avait connu lors de son passage aux Finances avait appr\u00e9ci\u00e9 sa comp\u00e9tence et sa droiture. B\u00e9n\u00e9ficiant de sa confiance, il sera tr\u00e8s probablement pressenti pour faire de son \u00e9quipe, soit \u00e0 la Kasbah en tant que conseil ou chef de cabinet, soit \u00e0 la t\u00eate d\u2019un d\u00e9partement minist\u00e9riel.<\/p>\n<p><a href=\"https:\/\/www.leaders.com.tn\/article\/7697-hedi-damak\" target=\"_blank\" rel=\"noopener noreferrer\">Lire la biographie compl\u00e8te de H\u00e9di Damak<\/a><br \/>\u00a0<\/p>\n<p>Auteur:<br \/>\n<a href=\"https:\/\/www.leaders.com.tn\/article\/28990-qui-est-hedi-damak-le-proche-conseiller-d-elyes-fakhfakh-a-dar-dhiafa\">Cliquez ici pour lire l&rsquo;article depuis sa source.<\/a><\/p>\n","protected":false},"excerpt":{"rendered":"<p>Discr\u00e8tement, il avait fait son entr\u00e9e il y a quelques jours \u00e0 Dar Dhiafa aupr\u00e8s d\u2019Ely\u00e8s Fakhfakh charg\u00e9 de former le nouveau gouvernement.\u00a0H\u00e9di Damak est \u00e0 pr\u00e9sent projet\u00e9 sous les projecteurs des m\u00e9dias. On le voit assister aux audiences accord\u00e9es par Fakhfakh \u00e0 ses visiteurs et prendre part aux r\u00e9unions tenues avec les repr\u00e9sentants des [&hellip;]<\/p>\n","protected":false},"author":1772,"featured_media":0,"comment_status":"closed","ping_status":"closed","sticky":false,"template":"","format":"standard","meta":{"fifu_image_url":"","fifu_image_alt":"","footnotes":""},"categories":[73,55],"tags":[],"class_list":["post-74463","post","type-post","status-publish","format-standard","hentry","category-actualite","category-tunisie"],"_links":{"self":[{"href":"https:\/\/linitiative.ca\/International\/wp-json\/wp\/v2\/posts\/74463","targetHints":{"allow":["GET"]}}],"collection":[{"href":"https:\/\/linitiative.ca\/International\/wp-json\/wp\/v2\/posts"}],"about":[{"href":"https:\/\/linitiative.ca\/International\/wp-json\/wp\/v2\/types\/post"}],"author":[{"embeddable":true,"href":"https:\/\/linitiative.ca\/International\/wp-json\/wp\/v2\/users\/1772"}],"replies":[{"embeddable":true,"href":"https:\/\/linitiative.ca\/International\/wp-json\/wp\/v2\/comments?post=74463"}],"version-history":[{"count":0,"href":"https:\/\/linitiative.ca\/International\/wp-json\/wp\/v2\/posts\/74463\/revisions"}],"wp:attachment":[{"href":"https:\/\/linitiative.ca\/International\/wp-json\/wp\/v2\/media?parent=74463"}],"wp:term":[{"taxonomy":"category","embeddable":true,"href":"https:\/\/linitiative.ca\/International\/wp-json\/wp\/v2\/categories?post=74463"},{"taxonomy":"post_tag","embeddable":true,"href":"https:\/\/linitiative.ca\/International\/wp-json\/wp\/v2\/tags?post=74463"}],"curies":[{"name":"wp","href":"https:\/\/api.w.org\/{rel}","templated":true}]}}