{"id":74469,"date":"2020-01-28T14:17:15","date_gmt":"2020-01-28T19:17:15","guid":{"rendered":"https:\/\/linitiative.ca\/International\/bouaida-promeut-les-potentialites-de-guelmim-oued-noun\/"},"modified":"2020-01-28T14:17:15","modified_gmt":"2020-01-28T19:17:15","slug":"bouaida-promeut-les-potentialites-de-guelmim-oued-noun","status":"publish","type":"post","link":"https:\/\/linitiative.ca\/International\/bouaida-promeut-les-potentialites-de-guelmim-oued-noun\/","title":{"rendered":"Bouaida promeut les potentialit\u00e9s de Guelmim-Oued Noun"},"content":{"rendered":"<p><strong>La pr\u00e9sidente du Conseil r\u00e9gional de Guelmim-Oued Noun, Mbarka Bouaida, a tenu, mardi \u00e0 Guelmim, une rencontre avec le vice-pr\u00e9sident de la Chambre fran\u00e7aise de commerce et d\u2019industrie du Maroc (CFCIM), Fr\u00e9d\u00e9ric Failli\u00e8res, sur les atouts \u00e9conomiques et les opportunit\u00e9s d\u2019investissement dans la r\u00e9gion.<\/strong><\/p>\n<div class=\"c10\"\/>\n<p>L\u2019objectif de cette r\u00e9union est de pr\u00e9senter les potentialit\u00e9s de la r\u00e9gion dans les domaines \u00e9conomique, culturel, social et touristique \u00e0 une d\u00e9l\u00e9gation d\u2019op\u00e9rateurs fran\u00e7ais conduite par Failli\u00e8res, a d\u00e9clar\u00e9 la responsable marocaine \u00e0 l\u2019issue de ces entretiens.<\/p>\n<p>La rencontre s\u2019inscrit \u00e9galement dans le cadre des pr\u00e9paratifs d\u2019un grand colloque \u00e9conomique sur les atouts dont regorge Guelmim-Oued Noun visant \u00e0 attirer les investisseurs \u00e9trangers et \u00e0 donner une forte impulsion \u00e0 la dynamique \u00e9conomique dans la r\u00e9gion.<\/p>\n<p>Pour sa part, le vice-pr\u00e9sident de la CFCIM a indiqu\u00e9 que cette r\u00e9union fait partie de la politique de d\u00e9veloppement des activit\u00e9s de la Chambre dans les provinces du sud du Maroc.<\/p>\n<p>Failli\u00e8res a ajout\u00e9 que les entretiens avec la pr\u00e9sidente du conseil r\u00e9gional ont permis \u00e0 la d\u00e9l\u00e9gation d\u2019identifier un certain nombre de potentialit\u00e9s dans le domaine du tourisme rural et baln\u00e9aire ainsi que dans le secteur min\u00e9ral, notant que les op\u00e9rateurs fran\u00e7ais se sont \u00e9galement inform\u00e9s de l\u2019importante dynamique que connait actuellement la r\u00e9gion en mati\u00e8re d\u2019exportation et d\u2019importation.<\/p>\n<p>(MAP)<\/p>\n<div class=\"c17\">\n<fieldset class=\"c16\">\n<legend><strong><span class=\"c11\">Challenge<\/span><span class=\"c12\">news<\/span><\/strong><\/legend>\n<div class=\"c15\">Le meilleur de Challenge s\u00e9lectionn\u00e9 par la r\u00e9daction :<\/p>\n<\/div>\n<\/fieldset>\n<\/div>\n<p>Auteur: challenge<br \/>\n<a href=\"https:\/\/www.challenge.ma\/bouaida-promeut-les-potentialites-de-guelmim-oued-noun-129141\/\">Cliquez ici pour lire l&rsquo;article depuis sa source.<\/a><\/p>\n","protected":false},"excerpt":{"rendered":"<p>La pr\u00e9sidente du Conseil r\u00e9gional de Guelmim-Oued Noun, Mbarka Bouaida, a tenu, mardi \u00e0 Guelmim, une rencontre avec le vice-pr\u00e9sident de la Chambre fran\u00e7aise de commerce et d\u2019industrie du Maroc (CFCIM), Fr\u00e9d\u00e9ric Failli\u00e8res, sur les atouts \u00e9conomiques et les opportunit\u00e9s d\u2019investissement dans la r\u00e9gion. L\u2019objectif de cette r\u00e9union est de pr\u00e9senter les potentialit\u00e9s de la [&hellip;]<\/p>\n","protected":false},"author":1787,"featured_media":0,"comment_status":"closed","ping_status":"closed","sticky":false,"template":"","format":"standard","meta":{"fifu_image_url":"","fifu_image_alt":"","footnotes":""},"categories":[78,54],"tags":[],"class_list":["post-74469","post","type-post","status-publish","format-standard","hentry","category-economie","category-maroc"],"_links":{"self":[{"href":"https:\/\/linitiative.ca\/International\/wp-json\/wp\/v2\/posts\/74469","targetHints":{"allow":["GET"]}}],"collection":[{"href":"https:\/\/linitiative.ca\/International\/wp-json\/wp\/v2\/posts"}],"about":[{"href":"https:\/\/linitiative.ca\/International\/wp-json\/wp\/v2\/types\/post"}],"author":[{"embeddable":true,"href":"https:\/\/linitiative.ca\/International\/wp-json\/wp\/v2\/users\/1787"}],"replies":[{"embeddable":true,"href":"https:\/\/linitiative.ca\/International\/wp-json\/wp\/v2\/comments?post=74469"}],"version-history":[{"count":0,"href":"https:\/\/linitiative.ca\/International\/wp-json\/wp\/v2\/posts\/74469\/revisions"}],"wp:attachment":[{"href":"https:\/\/linitiative.ca\/International\/wp-json\/wp\/v2\/media?parent=74469"}],"wp:term":[{"taxonomy":"category","embeddable":true,"href":"https:\/\/linitiative.ca\/International\/wp-json\/wp\/v2\/categories?post=74469"},{"taxonomy":"post_tag","embeddable":true,"href":"https:\/\/linitiative.ca\/International\/wp-json\/wp\/v2\/tags?post=74469"}],"curies":[{"name":"wp","href":"https:\/\/api.w.org\/{rel}","templated":true}]}}