{"id":74470,"date":"2020-01-28T15:44:31","date_gmt":"2020-01-28T20:44:31","guid":{"rendered":"https:\/\/linitiative.ca\/International\/nomination-lucas-de-meo-aux-commandes-de-renault\/"},"modified":"2020-01-28T15:44:31","modified_gmt":"2020-01-28T20:44:31","slug":"nomination-lucas-de-meo-aux-commandes-de-renault","status":"publish","type":"post","link":"https:\/\/linitiative.ca\/International\/nomination-lucas-de-meo-aux-commandes-de-renault\/","title":{"rendered":"Nomination : Lucas de Meo aux commandes de Renault"},"content":{"rendered":"<p><strong>Renault vient tout juste d\u2019annoncer la nomination de Luca de Meo en tant que Directeur g\u00e9n\u00e9ral du Groupe. L\u2019ancien patron de Seat (Groupe Volkswagen) aura la lourde mission d\u2019impulser un nouveau souffle \u00e0 l\u2019alliance Renault-Nissan-Mitsubishi.<\/strong><\/p>\n<div class=\"c10\"\/>\n<p>Le Conseil d\u2019administration du Groupe Renault, r\u00e9uni sous la pr\u00e9sidence de Jean-Dominique Senard, a finalement nomm\u00e9 Luca de Meo en qualit\u00e9 de Directeur g\u00e9n\u00e9ral de Renault, une prise de fonction qui sera effective \u00e0 compter du 1<sup>er<\/sup>\u00a0juillet 2020.<\/p>\n<p>Dans le d\u00e9tail, ce m\u00eame Conseil d\u2019administration a consid\u00e9r\u00e9 que <em>\u00abde Meo, au regard de son parcours, son exp\u00e9rience et sa r\u00e9ussite dans ses pr\u00e9c\u00e9dentes fonctions, r\u00e9unit toutes les qualit\u00e9s pour contribuer au d\u00e9veloppement et \u00e0 la transformation du Groupe Renault dans toutes ses dimensions\u00bb<\/em>. \u00c0 noter que Clotilde Delbos, actuelle Directrice g\u00e9n\u00e9rale de Renault par int\u00e9rim continuera d\u2019assumer ses fonctions jusqu\u2019\u00e0 fin juin. Par ailleurs, le Conseil d\u2019administration a donn\u00e9 un avis favorable \u00e0 sa nomination aux fonctions de Directrice g\u00e9n\u00e9rale adjointe de Renault \u00e0 compter du 1<sup>er<\/sup>\u00a0juillet prochain.<\/p>\n<p>Li\u00e9 \u00e0 Volkswagen par une clause de non-concurrence, Lucas de Meo n\u2019avait pas \u00e9t\u00e9 en mesure de prendre ses fonctions plus t\u00f4t. Toujours est-il que gros chantiers attendent cet italien de 52 ans, polyglotte et parfaitement francophone. \u00c0 noter que Jean-Dominique Senard mise sur de Meo pour redonner donner un second souffle \u00e0 une entreprise \u00e9branl\u00e9e par les affres de l\u2019affaire Carlos Ghosn, l\u2019ancien patron du groupe arriv\u00e9 clandestinement fin d\u00e9cembre au Liban et fuyant la justice japonaise, mais aussi par la conjoncture et les mutations que traversent le secteur automobile mondial.<\/p>\n<p><a href=\"https:\/\/www.challenge.ma\/bruno-le-maire-en-visite-au-maroc-129132\/\">https:\/\/www.challenge.ma\/bruno-le-maire-en-visite-au-maroc-129132\/<\/a>\u00a0<\/p>\n<p><em>\u00abLa nomination de Luca de Meo est une excellente nouvelle\u00bb,<\/em> a r\u00e9agi le ministre fran\u00e7ais de l\u2019Economie Bruno Le Maire. <em>\u00abAvec cette nomination et celle d\u2019une nouvelle \u00e9quipe dirigeante chez Nissan en fin d\u2019ann\u00e9e derni\u00e8re, ainsi que l\u2019annonce prochaine de nouveaux projets industriels entre Renault, Nissan et Mitsubishi, l\u2019Alliance est d\u00e9sormais relanc\u00e9e dans une logique conqu\u00e9rante\u00bb<\/em>, a-t-il estim\u00e9.<\/p>\n<p>Luca de Meo, expert en marketing qui a fait toute sa carri\u00e8re dans l\u2019automobile, a redress\u00e9 Seat dont il avait pris la direction en 2015 apr\u00e8s avoir pilot\u00e9 les ventes du constructeur allemand Audi. La marque espagnole, moribonde il y a quatre ans, a battu l\u2019an dernier un record historique de ventes.<\/p>\n<div class=\"c17\">\n<fieldset class=\"c16\">\n<legend><strong><span class=\"c11\">Challenge<\/span><span class=\"c12\">news<\/span><\/strong><\/legend>\n<div class=\"c15\">Le meilleur de Challenge s\u00e9lectionn\u00e9 par la r\u00e9daction :<\/p>\n<\/div>\n<\/fieldset>\n<\/div>\n<p>Auteur: David J\u00e9r\u00e9mie<br \/>\n<a href=\"https:\/\/www.challenge.ma\/nomination-lucas-de-meo-aux-commandes-de-renault-129147\/\">Cliquez ici pour lire l&rsquo;article depuis sa source.<\/a><\/p>\n","protected":false},"excerpt":{"rendered":"<p>Renault vient tout juste d\u2019annoncer la nomination de Luca de Meo en tant que Directeur g\u00e9n\u00e9ral du Groupe. L\u2019ancien patron de Seat (Groupe Volkswagen) aura la lourde mission d\u2019impulser un nouveau souffle \u00e0 l\u2019alliance Renault-Nissan-Mitsubishi. Le Conseil d\u2019administration du Groupe Renault, r\u00e9uni sous la pr\u00e9sidence de Jean-Dominique Senard, a finalement nomm\u00e9 Luca de Meo en [&hellip;]<\/p>\n","protected":false},"author":1787,"featured_media":0,"comment_status":"closed","ping_status":"closed","sticky":false,"template":"","format":"standard","meta":{"fifu_image_url":"","fifu_image_alt":"","footnotes":""},"categories":[78,54],"tags":[],"class_list":["post-74470","post","type-post","status-publish","format-standard","hentry","category-economie","category-maroc"],"_links":{"self":[{"href":"https:\/\/linitiative.ca\/International\/wp-json\/wp\/v2\/posts\/74470","targetHints":{"allow":["GET"]}}],"collection":[{"href":"https:\/\/linitiative.ca\/International\/wp-json\/wp\/v2\/posts"}],"about":[{"href":"https:\/\/linitiative.ca\/International\/wp-json\/wp\/v2\/types\/post"}],"author":[{"embeddable":true,"href":"https:\/\/linitiative.ca\/International\/wp-json\/wp\/v2\/users\/1787"}],"replies":[{"embeddable":true,"href":"https:\/\/linitiative.ca\/International\/wp-json\/wp\/v2\/comments?post=74470"}],"version-history":[{"count":0,"href":"https:\/\/linitiative.ca\/International\/wp-json\/wp\/v2\/posts\/74470\/revisions"}],"wp:attachment":[{"href":"https:\/\/linitiative.ca\/International\/wp-json\/wp\/v2\/media?parent=74470"}],"wp:term":[{"taxonomy":"category","embeddable":true,"href":"https:\/\/linitiative.ca\/International\/wp-json\/wp\/v2\/categories?post=74470"},{"taxonomy":"post_tag","embeddable":true,"href":"https:\/\/linitiative.ca\/International\/wp-json\/wp\/v2\/tags?post=74470"}],"curies":[{"name":"wp","href":"https:\/\/api.w.org\/{rel}","templated":true}]}}