{"id":74473,"date":"2020-01-28T16:16:18","date_gmt":"2020-01-28T21:16:18","guid":{"rendered":"https:\/\/linitiative.ca\/International\/tunisie-ghannouchi-menace-fakhfakh-en-vue-de-le-soutirer-a-lemprise-de-kais-saied\/"},"modified":"2020-01-28T16:16:18","modified_gmt":"2020-01-28T21:16:18","slug":"tunisie-ghannouchi-menace-fakhfakh-en-vue-de-le-soutirer-a-lemprise-de-kais-saied","status":"publish","type":"post","link":"https:\/\/linitiative.ca\/International\/tunisie-ghannouchi-menace-fakhfakh-en-vue-de-le-soutirer-a-lemprise-de-kais-saied\/","title":{"rendered":"Tunisie \u2013 Ghannouchi menace Fakhfakh en vue de le soutirer \u00e0 l\u2019emprise de Ka\u00efs Sa\u00efed"},"content":{"rendered":"<div class=\"post-cont-in left relative\">\n<p>Le Cheikh <a href=\"https:\/\/www.tunisienumerique.com\/tunisie-actualite\/rached-ghannouchi\/\" title=\"Rached Ghannouchi\" target=\"_top\" class=\"auto-link\" rel=\"noopener noreferrer\">Rached Ghannouchi<\/a> est conscient de la d\u00e9licatesse de la situation dans laquelle il se trouve, avec son parti. Il est en pr\u00e9sence d\u2019un chef du gouvernement charg\u00e9, qui ne jure que par le pr\u00e9sident de la R\u00e9publique qui l\u2019a d\u00e9sign\u00e9. Un chef du gouvernement qui semble indiff\u00e9rent aux demandes, voire m\u00eame, aux avertissements des partis majoritaires \u00e0 l\u2019ARP. On dirait bien que le jeune <a href=\"https:\/\/www.tunisienumerique.com\/tunisie-actualite\/elyes-fakhfakh\/\" title=\"Elyes Fakhfakh\" target=\"_top\" class=\"auto-link\" rel=\"noopener noreferrer\">Elyes Fakhfakh<\/a> s\u2019est mis dans la t\u00eate qu\u2019il peut faire ce qu\u2019il veut, et qu\u2019il n\u2019a rien \u00e0 craindre des d\u00e9put\u00e9s, trop apeur\u00e9s par l\u2019\u00e9ventualit\u00e9 de perdre leurs si\u00e8ges. D\u2019ailleurs, n\u2019est-t-il pas rest\u00e9 de pierre devant les multiples menaces des partis, de recourir aux \u00e9lections anticip\u00e9es\u00a0?<\/p>\n<div class=\"code-block code-block-1 c3\"><ins class=\"adsbygoogle c2\" data-ad-layout=\"in-article\" data-ad-format=\"fluid\" data-ad-client=\"ca-pub-2102118777505746\" data-ad-slot=\"7301775417\"\/> <\/div>\n<p>Et d\u2019un autre c\u00f4t\u00e9, Ghannouchi sait tr\u00e8s bien que le refus de la confiance au gouvernement d\u2019Elyes Fakhfakh ne veut pas, forc\u00e9ment, dire que le parlement va \u00eatre dissous. Car dans ce cas de figure, la constitution donne la possibilit\u00e9, et non l\u2019obligation, au chef de l\u2019Etat de dissoudre le parlement. Et, m\u00eame s\u2019il est pr\u00eat \u00e0 le dissoudre, <a href=\"https:\/\/www.tunisienumerique.com\/tunisie-actualite\/kais-saied\/\" title=\"Ka\u00efs Sa\u00efed\" target=\"_top\" class=\"auto-link\" rel=\"noopener noreferrer\">Ka\u00efs Sa\u00efed<\/a> n\u2019a, selon les dispositions de la constitution, aucune contrainte de temps. Ce qui veut dire qu\u2019il est capable de continuer \u00e0 travailler avec la formule actuelle, qui semble lui plaire, avec un gouvernement de gestion des affaires courantes. Et il sera, dans ce cas de figure, le seul ma\u00eetre \u00e0 bord, alors que Ghannouchi va se trouver rel\u00e9gu\u00e9 au r\u00f4le de figurant.<\/p>\n<p>C\u2019est pour toutes ces raisons que Ghannouchi a \u00e9t\u00e9 oblig\u00e9 de passer au plan B, celui de faire peur \u00e0 Elyes Fakhfakh, non pas en le mena\u00e7ant de recourir \u00e0 des \u00e9lections anticip\u00e9es, mais en lui faisant miroiter le m\u00eame sort que son pr\u00e9d\u00e9cesseur, <a href=\"https:\/\/www.tunisienumerique.com\/tunisie-actualite\/habib-jemli\/\" title=\"Habib Jemli\" target=\"_top\" class=\"auto-link\" rel=\"noopener noreferrer\">Habib Jemli<\/a>. Il lui a, \u00e0 ce sujet, fait remarquer que la quasi-totalit\u00e9 des partis est pr\u00eate \u00e0 tenter les \u00e9lections anticip\u00e9es, et qu\u2019il n\u2019a gu\u00e8re plus de soutien politique qui puisse lui faire passer le test de l\u2019ARP. Ghannouchi lui a rappel\u00e9 que les partis du courant d\u00e9mocratique et du mouvement du peuple ne pourraient jamais \u00eatre fiables, et qu\u2019ils peuvent lui r\u00e9server des surprises en cours de route, comme ils l\u2019ont fait avec Jemli.<\/p>\n<p>C\u2019est, en r\u00e9sum\u00e9, le contenu de la discussion qu\u2019a eue Elyes Fakhfakh, ce matin avec le Cheikh. Une discussion qui semble avoir donn\u00e9 ses fruits, puisqu\u2019Elyes Fakhfakh, apparemment inquiet de se retrouver isol\u00e9 contre la majorit\u00e9 de la classe politique, avec pour seul appui, Ka\u00efs Sa\u00efed qui ne saurait lui \u00eatre\u00a0 du moindre secours, a fini par l\u00e2cher prise, et se serait litt\u00e9ralement, jet\u00e9 dans la Jebba du Cheikh. Il lui aurait propos\u00e9 de faire participer <a href=\"https:\/\/www.tunisienumerique.com\/tunisie-actualite\/qalb-tounes\/\" title=\"9alb Tounes\" target=\"_top\" class=\"auto-link\" rel=\"noopener noreferrer\">9alb Tounes<\/a> au gouvernement, avec des personnalit\u00e9s non connues comme \u00e9tant ses candidats, et d\u2019accorder quelques postes de ministres conseillers, en un deuxi\u00e8me temps, aux membres du parti, puisque ces nominations ne seront pas soumises au vote de l\u2019ARP.<\/p>\n<p>Mais si Fakhfakh s\u2019attendait \u00e0 une r\u00e9ponse apaisante de la part du Cheikh, c\u2019est qu\u2019il ne connait pas la personne. Car Ghanouchi, remont\u00e9 par son ascendant, l\u2019a laiss\u00e9 mijoter tout seul, en lui demandant de lui donner le temps pour se concerter, apr\u00e8s son retour au pays, avec la direction du parti, et d\u2019essayer de les convaincre de cette formule.<\/p>\n<div class=\"swp_social_panel swp_horizontal_panel swp_flat_fresh swp_default_full_color swp_individual_full_color swp_other_full_color scale-100 scale-\" data-min-width=\"1100\" data-float-color=\"#ffffff\" data-float=\"bottom\" data-float-mobile=\"bottom\" data-transition=\"slide\">\n<div class=\"nc_tweetContainer swp_share_button total_shares total_sharesalt\"><span class=\"swp_count\">69 <span class=\"swp_label\">Partages<\/span><\/span><\/div>\n<\/div>\n<p><strong>Que se passe-t-il en Tunisie?<\/strong><br \/>Nous expliquons sur notre <a href=\"https:\/\/www.youtube.com\/channel\/UCRzypVq0B_yBad5eGrwBx0Q?sub_confirmation=1\" target=\"_blank\" rel=\"noopener noreferrer\">cha\u00eene YouTube<\/a> . <a href=\"https:\/\/www.youtube.com\/channel\/UCRzypVq0B_yBad5eGrwBx0Q?sub_confirmation=1\" target=\"_blank\" rel=\"noopener noreferrer\">Abonnez-vous!<\/a><\/p>\n<div class=\"mvp-org-wrap mvp-org-logo\" itemprop=\"publisher\" itemscope=\"\" itemtype=\"https:\/\/schema.org\/Organization\"><img decoding=\"async\" src=\"https:\/\/www.tunisienumerique.com\/wp-content\/uploads\/2017\/02\/logo_tunisie_numerique.png\"\/><\/div>\n<div class=\"mvp-related-posts left relative\">\n<h4 class=\"post-header\"><span class=\"post-header\">Lire aussi<\/span><\/h4>\n<\/div>\n<\/div>\n<p>Auteur: Ramsis<br \/>\n<a href=\"https:\/\/www.tunisienumerique.com\/tunisie-ghannouchi-menace-fakhfakh-en-vue-de-le-soutirer-a-lemprise-de-kais-saied\/\">Cliquez ici pour lire l&rsquo;article depuis sa source.<\/a><\/p>\n","protected":false},"excerpt":{"rendered":"<p>Le Cheikh Rached Ghannouchi est conscient de la d\u00e9licatesse de la situation dans laquelle il se trouve, avec son parti. Il est en pr\u00e9sence d\u2019un chef du gouvernement charg\u00e9, qui ne jure que par le pr\u00e9sident de la R\u00e9publique qui l\u2019a d\u00e9sign\u00e9. Un chef du gouvernement qui semble indiff\u00e9rent aux demandes, voire m\u00eame, aux avertissements [&hellip;]<\/p>\n","protected":false},"author":1789,"featured_media":74474,"comment_status":"closed","ping_status":"closed","sticky":false,"template":"","format":"standard","meta":{"fifu_image_url":"","fifu_image_alt":"","footnotes":""},"categories":[73,55],"tags":[],"class_list":["post-74473","post","type-post","status-publish","format-standard","has-post-thumbnail","hentry","category-actualite","category-tunisie"],"_links":{"self":[{"href":"https:\/\/linitiative.ca\/International\/wp-json\/wp\/v2\/posts\/74473","targetHints":{"allow":["GET"]}}],"collection":[{"href":"https:\/\/linitiative.ca\/International\/wp-json\/wp\/v2\/posts"}],"about":[{"href":"https:\/\/linitiative.ca\/International\/wp-json\/wp\/v2\/types\/post"}],"author":[{"embeddable":true,"href":"https:\/\/linitiative.ca\/International\/wp-json\/wp\/v2\/users\/1789"}],"replies":[{"embeddable":true,"href":"https:\/\/linitiative.ca\/International\/wp-json\/wp\/v2\/comments?post=74473"}],"version-history":[{"count":0,"href":"https:\/\/linitiative.ca\/International\/wp-json\/wp\/v2\/posts\/74473\/revisions"}],"wp:featuredmedia":[{"embeddable":true,"href":"https:\/\/linitiative.ca\/International\/wp-json\/"}],"wp:attachment":[{"href":"https:\/\/linitiative.ca\/International\/wp-json\/wp\/v2\/media?parent=74473"}],"wp:term":[{"taxonomy":"category","embeddable":true,"href":"https:\/\/linitiative.ca\/International\/wp-json\/wp\/v2\/categories?post=74473"},{"taxonomy":"post_tag","embeddable":true,"href":"https:\/\/linitiative.ca\/International\/wp-json\/wp\/v2\/tags?post=74473"}],"curies":[{"name":"wp","href":"https:\/\/api.w.org\/{rel}","templated":true}]}}