{"id":74475,"date":"2020-01-28T16:45:28","date_gmt":"2020-01-28T21:45:28","guid":{"rendered":"https:\/\/linitiative.ca\/International\/tunisie-affaire-de-la-banque-lazard-mehdi-ben-gharbia-repond-aux-accusations-de-yassine-brahim\/"},"modified":"2020-01-28T16:45:28","modified_gmt":"2020-01-28T21:45:28","slug":"tunisie-affaire-de-la-banque-lazard-mehdi-ben-gharbia-repond-aux-accusations-de-yassine-brahim","status":"publish","type":"post","link":"https:\/\/linitiative.ca\/International\/tunisie-affaire-de-la-banque-lazard-mehdi-ben-gharbia-repond-aux-accusations-de-yassine-brahim\/","title":{"rendered":"Tunisie \u2013 Affaire de la banque Lazard : Mehdi Ben Gharbia r\u00e9pond aux accusations de Yassine Brahim"},"content":{"rendered":"<div class=\"post-cont-in left relative\">\n<p>Le repr\u00e9sentant du peuple, Mehdi Ben Gharbia, a publi\u00e9, sur sa page facebook, un post pour d\u00e9plorer que le pr\u00e9sident d\u2019AfekTounes ait fait revenir, au devant de la sc\u00e8ne, l\u2019affaire de la banque Lazard.<\/p>\n<div class=\"code-block code-block-1 c3\"><ins class=\"adsbygoogle c2\" data-ad-layout=\"in-article\" data-ad-format=\"fluid\" data-ad-client=\"ca-pub-2102118777505746\" data-ad-slot=\"7301775417\"\/> <\/div>\n<p>Ben Gharbia d\u00e9plore que Yassine Brahim soit en train de l\u2019accuser d\u2019avoir tout invent\u00e9 pour lui faire du tort. Il a rappel\u00e9 que l\u2019affaire conclue, \u00e0 l\u2019\u00e9poque, par Yassine Brahim, alors ministre, avec la banque Lazard, \u00e9tait compl\u00e8tement ill\u00e9gale, et en pleine contravention de la loi. Il a ajout\u00e9 qu\u2019il n\u2019a jou\u00e9 que son r\u00f4le de parlementaire qui d\u00e9fend les int\u00e9r\u00eats de ses \u00e9lecteurs, en rappelant que la d\u00e9cision d\u2019annuler cette transaction douteuse a \u00e9t\u00e9 prise par le chef du gouvernement de l\u2019\u00e9poque, Habib Essid.<\/p>\n<p>Ben Gharbia s\u2019\u00e9tonne qu\u2019on lui en veuille pour avoir condamn\u00e9 cette transaction, car, a-t-il rappel\u00e9, qu\u2019ils sont plusieurs \u00e0 avoir \u00e9t\u00e9 transf\u00e9r\u00e9s devant la justice pour des affaires du m\u00eame type.<\/p>\n<p>Par ailleurs, Ben Gharbia s\u2019est dit ulc\u00e9r\u00e9 de toutes les calomnies qui le ciblent depuis assez longtemps. Il a assur\u00e9 que, dor\u00e9navant, il allait se r\u00e9server le droit de prendre les mesures qui s\u2019imposent pour faire valoir ses droits, envers Yassine Brahim et ses semblables.<\/p>\n<p>Ben Gharbia a, par ailleurs, rappel\u00e9 que Yassine Brahim ne devait s\u2019en prendre qu\u2019\u00e0 lui-m\u00eame et d\u2019assumer la responsabilit\u00e9 de ses \u00e9checs au lieu d\u2019en accuser les autres.<\/p>\n<div class=\"swp_social_panel swp_horizontal_panel swp_flat_fresh swp_default_full_color swp_individual_full_color swp_other_full_color scale-100 scale-\" data-min-width=\"1100\" data-float-color=\"#ffffff\" data-float=\"bottom\" data-float-mobile=\"bottom\" data-transition=\"slide\">\n<div class=\"nc_tweetContainer swp_share_button total_shares total_sharesalt\"><span class=\"swp_count\">7 <span class=\"swp_label\">Partages<\/span><\/span><\/div>\n<\/div>\n<p><strong>Que se passe-t-il en Tunisie?<\/strong><br \/>Nous expliquons sur notre <a href=\"https:\/\/www.youtube.com\/channel\/UCRzypVq0B_yBad5eGrwBx0Q?sub_confirmation=1\" target=\"_blank\" rel=\"noopener noreferrer\">cha\u00eene YouTube<\/a> . <a href=\"https:\/\/www.youtube.com\/channel\/UCRzypVq0B_yBad5eGrwBx0Q?sub_confirmation=1\" target=\"_blank\" rel=\"noopener noreferrer\">Abonnez-vous!<\/a><\/p>\n<div class=\"mvp-org-wrap mvp-org-logo\" itemprop=\"publisher\" itemscope=\"\" itemtype=\"https:\/\/schema.org\/Organization\"><img decoding=\"async\" src=\"https:\/\/www.tunisienumerique.com\/wp-content\/uploads\/2017\/02\/logo_tunisie_numerique.png\"\/><\/div>\n<div class=\"mvp-related-posts left relative\">\n<h4 class=\"post-header\"><span class=\"post-header\">Lire aussi<\/span><\/h4>\n<\/div>\n<\/div>\n<p>Auteur: LM<br \/>\n<a href=\"https:\/\/www.tunisienumerique.com\/tunisie-affaire-de-la-banque-lazard-mehdi-ben-gharbia-repond-aux-accusations-de-yassine-brahim\/\">Cliquez ici pour lire l&rsquo;article depuis sa source.<\/a><\/p>\n","protected":false},"excerpt":{"rendered":"<p>Le repr\u00e9sentant du peuple, Mehdi Ben Gharbia, a publi\u00e9, sur sa page facebook, un post pour d\u00e9plorer que le pr\u00e9sident d\u2019AfekTounes ait fait revenir, au devant de la sc\u00e8ne, l\u2019affaire de la banque Lazard. Ben Gharbia d\u00e9plore que Yassine Brahim soit en train de l\u2019accuser d\u2019avoir tout invent\u00e9 pour lui faire du tort. Il a [&hellip;]<\/p>\n","protected":false},"author":1789,"featured_media":74476,"comment_status":"closed","ping_status":"closed","sticky":false,"template":"","format":"standard","meta":{"fifu_image_url":"","fifu_image_alt":"","footnotes":""},"categories":[73,55],"tags":[],"class_list":["post-74475","post","type-post","status-publish","format-standard","has-post-thumbnail","hentry","category-actualite","category-tunisie"],"_links":{"self":[{"href":"https:\/\/linitiative.ca\/International\/wp-json\/wp\/v2\/posts\/74475","targetHints":{"allow":["GET"]}}],"collection":[{"href":"https:\/\/linitiative.ca\/International\/wp-json\/wp\/v2\/posts"}],"about":[{"href":"https:\/\/linitiative.ca\/International\/wp-json\/wp\/v2\/types\/post"}],"author":[{"embeddable":true,"href":"https:\/\/linitiative.ca\/International\/wp-json\/wp\/v2\/users\/1789"}],"replies":[{"embeddable":true,"href":"https:\/\/linitiative.ca\/International\/wp-json\/wp\/v2\/comments?post=74475"}],"version-history":[{"count":0,"href":"https:\/\/linitiative.ca\/International\/wp-json\/wp\/v2\/posts\/74475\/revisions"}],"wp:featuredmedia":[{"embeddable":true,"href":"https:\/\/linitiative.ca\/International\/wp-json\/"}],"wp:attachment":[{"href":"https:\/\/linitiative.ca\/International\/wp-json\/wp\/v2\/media?parent=74475"}],"wp:term":[{"taxonomy":"category","embeddable":true,"href":"https:\/\/linitiative.ca\/International\/wp-json\/wp\/v2\/categories?post=74475"},{"taxonomy":"post_tag","embeddable":true,"href":"https:\/\/linitiative.ca\/International\/wp-json\/wp\/v2\/tags?post=74475"}],"curies":[{"name":"wp","href":"https:\/\/api.w.org\/{rel}","templated":true}]}}