{"id":74477,"date":"2020-01-28T16:57:20","date_gmt":"2020-01-28T21:57:20","guid":{"rendered":"https:\/\/linitiative.ca\/International\/tunisie-nomination-de-nadia-akacha-a-la-tete-du-cabinet-de-kais-saied\/"},"modified":"2020-01-28T16:57:20","modified_gmt":"2020-01-28T21:57:20","slug":"tunisie-nomination-de-nadia-akacha-a-la-tete-du-cabinet-de-kais-saied","status":"publish","type":"post","link":"https:\/\/linitiative.ca\/International\/tunisie-nomination-de-nadia-akacha-a-la-tete-du-cabinet-de-kais-saied\/","title":{"rendered":"Tunisie \u2013 Nomination de Nadia Akacha \u00e0 la t\u00eate du cabinet de Ka\u00efs Sa\u00efed"},"content":{"rendered":"<div class=\"post-cont-in left relative\">\n<p>Plusieurs sources concordantes ont annonc\u00e9, ce mardi, la nomination de Nadia Akacha, jusqu\u2019alors \u00a0conseill\u00e8re principale \u00e0 la pr\u00e9sidence, responsable des affaires juridiques, au poste de cheffe du cabinet pr\u00e9sidentiel \u00e0 la place de Tarek Betta\u00efeb qui r\u00e9int\u00e8gre son poste de diplomate.<\/p>\n<div class=\"code-block code-block-1 c3\"><ins class=\"adsbygoogle c2\" data-ad-layout=\"in-article\" data-ad-format=\"fluid\" data-ad-client=\"ca-pub-2102118777505746\" data-ad-slot=\"7301775417\"\/> <\/div>\n<p>Nadia Akacha est docteure en droit g\u00e9n\u00e9ral et ma\u00eetre assistante \u00e0 la facult\u00e9 de droit et des sciences politiques \u00e0 El Manar.<\/p>\n<div class=\"swp_social_panel swp_horizontal_panel swp_flat_fresh swp_default_full_color swp_individual_full_color swp_other_full_color scale-100 scale-\" data-min-width=\"1100\" data-float-color=\"#ffffff\" data-float=\"bottom\" data-float-mobile=\"bottom\" data-transition=\"slide\">\n<div class=\"nc_tweetContainer swp_share_button total_shares total_sharesalt\"><span class=\"swp_count\">4 <span class=\"swp_label\">Partages<\/span><\/span><\/div>\n<\/div>\n<p><strong>Que se passe-t-il en Tunisie?<\/strong><br \/>Nous expliquons sur notre <a href=\"https:\/\/www.youtube.com\/channel\/UCRzypVq0B_yBad5eGrwBx0Q?sub_confirmation=1\" target=\"_blank\" rel=\"noopener noreferrer\">cha\u00eene YouTube<\/a> . <a href=\"https:\/\/www.youtube.com\/channel\/UCRzypVq0B_yBad5eGrwBx0Q?sub_confirmation=1\" target=\"_blank\" rel=\"noopener noreferrer\">Abonnez-vous!<\/a><\/p>\n<div class=\"mvp-org-wrap mvp-org-logo\" itemprop=\"publisher\" itemscope=\"\" itemtype=\"https:\/\/schema.org\/Organization\"><img decoding=\"async\" src=\"https:\/\/www.tunisienumerique.com\/wp-content\/uploads\/2017\/02\/logo_tunisie_numerique.png\"\/><\/div>\n<div class=\"mvp-related-posts left relative\">\n<h4 class=\"post-header\"><span class=\"post-header\">Lire aussi<\/span><\/h4>\n<\/div>\n<\/div>\n<p>Auteur: LM<br \/>\n<a href=\"https:\/\/www.tunisienumerique.com\/tunisie-nomination-de-nadia-akacha-a-la-tete-du-cabinet-de-kais-saied\/\">Cliquez ici pour lire l&rsquo;article depuis sa source.<\/a><\/p>\n","protected":false},"excerpt":{"rendered":"<p>Plusieurs sources concordantes ont annonc\u00e9, ce mardi, la nomination de Nadia Akacha, jusqu\u2019alors \u00a0conseill\u00e8re principale \u00e0 la pr\u00e9sidence, responsable des affaires juridiques, au poste de cheffe du cabinet pr\u00e9sidentiel \u00e0 la place de Tarek Betta\u00efeb qui r\u00e9int\u00e8gre son poste de diplomate. Nadia Akacha est docteure en droit g\u00e9n\u00e9ral et ma\u00eetre assistante \u00e0 la facult\u00e9 de [&hellip;]<\/p>\n","protected":false},"author":1789,"featured_media":74478,"comment_status":"closed","ping_status":"closed","sticky":false,"template":"","format":"standard","meta":{"fifu_image_url":"","fifu_image_alt":"","footnotes":""},"categories":[73,55],"tags":[],"class_list":["post-74477","post","type-post","status-publish","format-standard","has-post-thumbnail","hentry","category-actualite","category-tunisie"],"_links":{"self":[{"href":"https:\/\/linitiative.ca\/International\/wp-json\/wp\/v2\/posts\/74477","targetHints":{"allow":["GET"]}}],"collection":[{"href":"https:\/\/linitiative.ca\/International\/wp-json\/wp\/v2\/posts"}],"about":[{"href":"https:\/\/linitiative.ca\/International\/wp-json\/wp\/v2\/types\/post"}],"author":[{"embeddable":true,"href":"https:\/\/linitiative.ca\/International\/wp-json\/wp\/v2\/users\/1789"}],"replies":[{"embeddable":true,"href":"https:\/\/linitiative.ca\/International\/wp-json\/wp\/v2\/comments?post=74477"}],"version-history":[{"count":0,"href":"https:\/\/linitiative.ca\/International\/wp-json\/wp\/v2\/posts\/74477\/revisions"}],"wp:featuredmedia":[{"embeddable":true,"href":"https:\/\/linitiative.ca\/International\/wp-json\/"}],"wp:attachment":[{"href":"https:\/\/linitiative.ca\/International\/wp-json\/wp\/v2\/media?parent=74477"}],"wp:term":[{"taxonomy":"category","embeddable":true,"href":"https:\/\/linitiative.ca\/International\/wp-json\/wp\/v2\/categories?post=74477"},{"taxonomy":"post_tag","embeddable":true,"href":"https:\/\/linitiative.ca\/International\/wp-json\/wp\/v2\/tags?post=74477"}],"curies":[{"name":"wp","href":"https:\/\/api.w.org\/{rel}","templated":true}]}}