{"id":74481,"date":"2020-01-28T14:50:53","date_gmt":"2020-01-28T19:50:53","guid":{"rendered":"https:\/\/linitiative.ca\/International\/retrait-des-troupes-americaines-de-lafriquequand-trump-trouble-le-sommeil-de-macron\/"},"modified":"2020-01-28T14:50:53","modified_gmt":"2020-01-28T19:50:53","slug":"retrait-des-troupes-americaines-de-lafriquequand-trump-trouble-le-sommeil-de-macron","status":"publish","type":"post","link":"https:\/\/linitiative.ca\/International\/retrait-des-troupes-americaines-de-lafriquequand-trump-trouble-le-sommeil-de-macron\/","title":{"rendered":"RETRAIT DES TROUPES AMERICAINES DE L\u2019AFRIQUE:Quand Trump trouble le sommeil de Macron"},"content":{"rendered":"<div class=\"stream-item stream-item-above-post-content\">\n<p><noscript><\/p>\n<p><a href=\"\/\/www3.smartadserver.com\/ac?jump=1&#038;nwid=2136&#038;siteid=240610&#038;pgname=rg&#038;fmtid=49046&#038;visit=m&#038;tmstp=[timestamp]&#038;out=nonrich\" target=\"_blank\" rel=\"noopener noreferrer\"><img decoding=\"async\" src=\"\/\/www3.smartadserver.com\/ac?out=nonrich&#038;nwid=2136&#038;siteid=240610&#038;pgname=rg&#038;fmtid=49046&#038;visit=m&#038;tmstp=[timestamp]\" border=\"0\" alt=\"\"\/><\/a><\/p>\n<p><\/noscript><\/div>\n<p class=\"c3\">Au moment o\u00f9 la France et ses alli\u00e9s accordaient leurs violons pour mieux faire face \u00e0 l\u2019hydre terroriste au Sahel, et demandaient aux Etats-Unis de poursuivre leur engagement dans la r\u00e9gion, l\u2019on apprenait que Washington r\u00e9fl\u00e9chissait \u00e0 r\u00e9duire sa pr\u00e9sence militaire sur le continent noir o\u00f9, de la Corne de l\u2019Afrique \u00e0 l\u2019Afrique de l\u2019Ouest, elle d\u00e9ploie quelque 6000 soldats par rotation, notamment des forces sp\u00e9ciales pr\u00e9sentes \u00e0 Djibouti, en Somalie et au Niger. A cela, il faut ajouter la logistique et le renseignement qui sont des \u00e9l\u00e9ments capitaux dans lutte contre la n\u00e9buleuse islamiste. De quoi troubler le sommeil du pr\u00e9sident fran\u00e7ais, Emmanuel Macron qui, <em>illico presto<\/em>, a d\u00e9p\u00each\u00e9 la ministre des Arm\u00e9es, Florence Parly et le conseiller Afrique de l\u2019Elys\u00e9e, Frank Paris, \u00e0 Washington pour tenter de convaincre leurs homologues am\u00e9ricains de rester au Sahel. C\u2019est dire si un retrait des troupes am\u00e9ricaines aurait de lourdes cons\u00e9quences sur la lutte contre le terrorisme au Sahel.<\/p>\n<p class=\"c3\"><strong>C\u2019est toute la zone sah\u00e9lienne qui devrait s\u2019inqui\u00e9ter<\/strong><\/p>\n<p class=\"c3\">En effet, d\u00e9j\u00e0 que le volet financier se pr\u00e9sente comme un facteur prohibitif au d\u00e9ploiement optimal de la force du G5 Sahel, o\u00f9 trouver les 45 millions de dollars annuels qu\u2019injectent les Etats-Unis en appui \u00e0 l\u2019op\u00e9ration Barkhane dans le Sahel\u00a0? Qui pour boucher ce \u00ab\u00a0<em>trou capacitaire<\/em>\u00a0\u00bb qui donne, et on peut le comprendre, des insomnies justifi\u00e9es au locataire de l\u2019Elys\u00e9e\u00a0? Au-del\u00e0, c\u2019est toute la zone sah\u00e9lienne qui devrait s\u2019inqui\u00e9ter. Car, point n\u2019est besoin de rappeler le r\u00f4le essentiel que joue le <em>pays de l\u2019Oncle Sam<\/em> dans la lutte contre le terrorisme dans le monde. C\u2019est pourquoi un retrait des Am\u00e9ricains du continent africain, laissera immanquablement un vide qui risque d\u2019\u00eatre difficile \u00e0 combler.\u00a0 Et la situation serait d\u2019autant plus dommageable qu\u2019elle risquerait de laisser le champ libre aux terroristes dont on a des raisons de croire qu\u2019ils sont, quoi qu\u2019on dise, g\u00ean\u00e9s dans leurs mouvements voire leurs op\u00e9rations par les capacit\u00e9s d\u2019\u00e9coute et de surveillance des Am\u00e9ricains. C\u2019est pourquoi il faut esp\u00e9rer que le pr\u00e9sident Macron r\u00e9ussisse \u00e0 convaincre le locataire de la Maison Blanche de renoncer \u00e0 son projet.<\/p>\n<p class=\"c3\">Cela dit, l\u2019on se demande ce qui\u00a0 se cache derri\u00e8re cette d\u00e9cision de l\u2019impr\u00e9visible et iconoclaste pr\u00e9sident am\u00e9ricain. \u00a0A-t-il \u00e9t\u00e9, d\u2019une mani\u00e8re ou d\u2019une autre, vex\u00e9 de devoir rester dans l\u2019ombre de son alli\u00e9 fran\u00e7ais qui est sous les feux de la rampe de la lutte contre le terrorisme au Sahel\u00a0? Ou alors cette d\u00e9cision serait-elle une cons\u00e9quence de sa logique du \u00ab\u00a0<em>America first\u00a0<\/em>\u00bb qui a toujours guid\u00e9 son action, en tant que \u00a0slogan de campagne\u00a0qui l\u2019a conduit \u00e0 la Maison Blanche ? \u00a0Y aurait-il d\u2019autres raisons moins publiquement avouables mais probablement motiv\u00e9es par les int\u00e9r\u00eats et la g\u00e9opolitique, qui ont pu l\u2019amener \u00e0 envisager un tel d\u00e9sengagement en Afrique pour mieux concentrer ses efforts sur d\u2019autres objectifs\u00a0?<\/p>\n<p class=\"c3\"><strong>Il est peut-\u00eatre temps de penser \u00e0 trouver une alternative<\/strong><\/p>\n<p class=\"c3\"><strong>\u00a0<\/strong>Avec Trump, aucune hypoth\u00e8se n\u2019est \u00e0 \u00e9carter. D\u2019autant que depuis son accession au pouvoir, l\u2019on a pu voir comment il est revenu sur de nombreux engagements des Etats-Unis dans le monde au point de susciter parfois la consternation. Comme ce fut, par exemple, le cas de son retrait, en 2019, apr\u00e8s en avoir fait l\u2019annonce en 2017, de l\u2019accord de Paris sur le climat, pourtant fruit de longues ann\u00e9es de tractations laborieuses. De m\u00eame que son retrait, en 2018, de l\u2019accord de Vienne sur le nucl\u00e9aire iranien, qu\u2019il a m\u00eame trait\u00e9 d\u2019\u00ab<em>accord horrible et partial\u00a0qui n\u2019aurait jamais d\u00fb \u00eatre conclu<\/em>\u00bb.<\/p>\n<p class=\"c3\">Dans cette lutte contre le terrorisme au Sahel, Trump voudrait mettre du sable dans le couscous d\u2019Emmanuel Macron qu\u2019il ne s\u2019y prendrait pas autrement. En attendant, c\u2019est une d\u00e9cision suffisamment p\u00e9rilleuse pour l\u2019Afrique, qui devrait susciter \u00a0des inqui\u00e9tudes. Car, m\u00eame si les groupes terroristes qui op\u00e8rent sur le continent noir ne repr\u00e9sentent pas <em>a priori<\/em> directement une menace pour l\u2019Am\u00e9rique, Donald Trump devrait se montrer plus solidaire en faisant preuve d\u2019un peu plus d\u2019humanisme. C\u2019est quand m\u00eame le sort de plusieurs millions d\u2019\u00e2mes qui est, ici, en jeu.<\/p>\n<p class=\"c3\">En tout \u00e9tat de cause, que Donald Trump retire ou pas, \u00e0 plus ou moins long terme, les troupes am\u00e9ricaines de l\u2019Afrique, il est peut-\u00eatre temps de penser \u00e0 trouver une alternative, en esp\u00e9rant qu\u2019un tel retrait ne cr\u00e9era pas un effet d\u2019entra\u00eenement de la part de certains de ses alli\u00e9s traditionnels comme la Grande-Bretagne.<\/p>\n<p class=\"c3\"><strong><em>\u00a0\u00ab\u00a0Le Pays\u00a0\u00bb<\/em><\/strong><\/p>\n<p class=\"c3\"><strong>\u00a0<\/strong><\/p>\n<p>Auteur: Le Pays<br \/>\n<a href=\"http:\/\/lepays.bf\/retrait-des-troupes-americaines-de-lafriquequand-trump-trouble-le-sommeil-de-macron-2\/\">Cliquez ici pour lire l&rsquo;article depuis sa source.<\/a><\/p>\n","protected":false},"excerpt":{"rendered":"<p>Au moment o\u00f9 la France et ses alli\u00e9s accordaient leurs violons pour mieux faire face \u00e0 l\u2019hydre terroriste au Sahel, et demandaient aux Etats-Unis de poursuivre leur engagement dans la r\u00e9gion, l\u2019on apprenait que Washington r\u00e9fl\u00e9chissait \u00e0 r\u00e9duire sa pr\u00e9sence militaire sur le continent noir o\u00f9, de la Corne de l\u2019Afrique \u00e0 l\u2019Afrique de l\u2019Ouest, [&hellip;]<\/p>\n","protected":false},"author":1813,"featured_media":0,"comment_status":"closed","ping_status":"closed","sticky":false,"template":"","format":"standard","meta":{"fifu_image_url":"","fifu_image_alt":"","footnotes":""},"categories":[73,81],"tags":[],"class_list":["post-74481","post","type-post","status-publish","format-standard","hentry","category-actualite","category-burkina-faso"],"_links":{"self":[{"href":"https:\/\/linitiative.ca\/International\/wp-json\/wp\/v2\/posts\/74481","targetHints":{"allow":["GET"]}}],"collection":[{"href":"https:\/\/linitiative.ca\/International\/wp-json\/wp\/v2\/posts"}],"about":[{"href":"https:\/\/linitiative.ca\/International\/wp-json\/wp\/v2\/types\/post"}],"author":[{"embeddable":true,"href":"https:\/\/linitiative.ca\/International\/wp-json\/wp\/v2\/users\/1813"}],"replies":[{"embeddable":true,"href":"https:\/\/linitiative.ca\/International\/wp-json\/wp\/v2\/comments?post=74481"}],"version-history":[{"count":0,"href":"https:\/\/linitiative.ca\/International\/wp-json\/wp\/v2\/posts\/74481\/revisions"}],"wp:attachment":[{"href":"https:\/\/linitiative.ca\/International\/wp-json\/wp\/v2\/media?parent=74481"}],"wp:term":[{"taxonomy":"category","embeddable":true,"href":"https:\/\/linitiative.ca\/International\/wp-json\/wp\/v2\/categories?post=74481"},{"taxonomy":"post_tag","embeddable":true,"href":"https:\/\/linitiative.ca\/International\/wp-json\/wp\/v2\/tags?post=74481"}],"curies":[{"name":"wp","href":"https:\/\/api.w.org\/{rel}","templated":true}]}}