{"id":74482,"date":"2020-01-28T14:54:51","date_gmt":"2020-01-28T19:54:51","guid":{"rendered":"https:\/\/linitiative.ca\/International\/liberte-provisoire-pour-sanogo-et-ses-co-detenusvers-un-classement-sans-suite-du-dossier-des-berets-rouges\/"},"modified":"2020-01-28T14:54:51","modified_gmt":"2020-01-28T19:54:51","slug":"liberte-provisoire-pour-sanogo-et-ses-co-detenusvers-un-classement-sans-suite-du-dossier-des-berets-rouges","status":"publish","type":"post","link":"https:\/\/linitiative.ca\/International\/liberte-provisoire-pour-sanogo-et-ses-co-detenusvers-un-classement-sans-suite-du-dossier-des-berets-rouges\/","title":{"rendered":"LIBERTE PROVISOIRE POUR SANOGO ET SES CO-DETENUS:Vers un classement sans suite du dossier des B\u00e9rets rouges ?"},"content":{"rendered":"<div class=\"stream-item stream-item-above-post-content\">\n<p><noscript><\/p>\n<p><a href=\"\/\/www3.smartadserver.com\/ac?jump=1&#038;nwid=2136&#038;siteid=240610&#038;pgname=rg&#038;fmtid=49046&#038;visit=m&#038;tmstp=[timestamp]&#038;out=nonrich\" target=\"_blank\" rel=\"noopener noreferrer\"><img decoding=\"async\" src=\"\/\/www3.smartadserver.com\/ac?out=nonrich&#038;nwid=2136&#038;siteid=240610&#038;pgname=rg&#038;fmtid=49046&#038;visit=m&#038;tmstp=[timestamp]\" border=\"0\" alt=\"\"\/><\/a><\/p>\n<p><\/noscript><\/div>\n<p class=\"c3\">Maintes fois rejet\u00e9e, la demande de libert\u00e9 provisoire de l\u2019ex-chef de la junte malienne et ses co-accus\u00e9s, a \u00e9t\u00e9 finalement agr\u00e9\u00e9e. Ainsi donc, le capitaine Amadou Haya Sanogo, puisque c\u2019est de lui qu\u2019il s\u2019agit, et une quinzaine de ses compagnons d\u2019armes dans les liens de la d\u00e9tention depuis plus de deux ans, ont \u00e9t\u00e9 remis en libert\u00e9. Accus\u00e9s d\u2019avoir ordonn\u00e9 l\u2019assassinat de 21 B\u00e9rets rouges retrouv\u00e9s dans une fosse commune en 2013, les tombeurs d\u2019Amadou Toumani Tour\u00e9 (ATT) doivent attendre le jugement au fond de cette affaire qui, non seulement avait provoqu\u00e9 col\u00e8re et indignation, mais aussi a contribu\u00e9 \u00e0 fragiliser l\u2019arm\u00e9e gagn\u00e9e d\u00e9sormais par la m\u00e9fiance. La libert\u00e9 provisoire de Sanogo, faut-il le rappeler, intervient au moment o\u00f9 les autorit\u00e9s maliennes, de guerre lasse, annoncent des n\u00e9gociations avec des groupes arm\u00e9s, en l\u2019occurrence Iyad Ag Ghali et Amadou Koufa. Faut-il y voir une volont\u00e9 de Bamako de s\u2019inscrire dans une logique d\u2019apaisement en mettant \u00e0 contribution toutes les intelligences dans la perspective d\u2019un retour de la paix\u00a0? Cela y ressemble fort.<\/p>\n<p class=\"c3\">D\u2019autant que le proc\u00e8s de Sanogo rev\u00eat pour beaucoup, une dimension politique comme l\u2019ont, nagu\u00e8re, relev\u00e9 les syndicats des magistrats du Mali, qui, dans un communiqu\u00e9, d\u00e9non\u00e7aient l\u2019intrusion sans cesse du pouvoir ex\u00e9cutif. Si fait que pr\u00e9vu pour s\u2019ouvrir en d\u00e9but janvier courant, ce proc\u00e8s, sur d\u00e9cision du pouvoir, a \u00e9t\u00e9 report\u00e9 <em>sine die<\/em> jusqu\u2019\u00e0 ce qu\u2019intervienne cette d\u00e9cision de la chambre d\u2019accusation de la Cour d\u2019appel du Mali. S\u2019achemine-t-on donc vers un classement sans suite du dossier au nom de la concorde et de la r\u00e9conciliation nationales\u00a0? Difficile pour l\u2019instant de r\u00e9pondre \u00e0 cette question.<\/p>\n<p class=\"c3\"><strong>Sanogo et ses hommes ont \u00e9t\u00e9\u00a0 \u00e0 l\u2019origine de tous les malheurs que vit aujourd\u2019hui le Mali<\/strong><\/p>\n<p class=\"c3\">Pour le moins, on sait que du c\u00f4t\u00e9 des parents des victimes, la lib\u00e9ration de Sanogo et compagnie provoque col\u00e8re et incompr\u00e9hension au point que certains n\u2019h\u00e9sitent pas \u00e0 parler de prime \u00e0 l\u2019impunit\u00e9. Ont-ils vraiment tort\u00a0? Assur\u00e9ment, non\u00a0! Car, voil\u00e0 des soldats qui ont tu\u00e9 et massacr\u00e9 leurs fr\u00e8res d\u2019armes pour des raisons bassement \u00e9go\u00efstes et \u00e9gotistes et qui, finalement, pourraient profiter de la situation de crise que vit le Mali, dont on oublie parfois qu\u2019ils ont \u00e9t\u00e9 les auteurs. Rappelons que tout a commenc\u00e9 le 22 mars 2012, lorsque des soldats mutins du camp de Kati, en l\u2019occurrence des B\u00e9rets verts, ont perp\u00e9tr\u00e9 un coup de force contre le pr\u00e9sident ATT qui \u00e9tait \u00e0 trois mois de la fin de son mandat et pr\u00eat \u00e0 faire valoir ses droits \u00e0 la retraite. La suite, on la conna\u00eet. Les forces arm\u00e9es maliennes ayant pass\u00e9 le temps \u00e0 se combattre pour le leadership, notamment entre B\u00e9rets verts et B\u00e9rets rouges, les terroristes ont profit\u00e9 de la situation pour mettre sous coupe r\u00e9gl\u00e9e le septentrion du Mali avant d\u2019en \u00eatre chass\u00e9s plus tard gr\u00e2ce \u00e0 l\u2019intervention des troupes fran\u00e7aises. C\u2019est dire donc que Sanogo et ses hommes ont \u00e9t\u00e9\u00a0 \u00e0 l\u2019origine de tous les malheurs que vit aujourd\u2019hui le Mali.<\/p>\n<p class=\"c3\"><strong>\u00a0<\/strong><\/p>\n<p class=\"c3\"><strong>B.O<\/strong><\/p>\n<p>Auteur: Le Pays<br \/>\n<a href=\"http:\/\/lepays.bf\/liberte-provisoire-pour-sanogo-et-ses-co-detenusvers-un-classement-sans-suite-du-dossier-des-berets-rouges\/\">Cliquez ici pour lire l&rsquo;article depuis sa source.<\/a><\/p>\n","protected":false},"excerpt":{"rendered":"<p>Maintes fois rejet\u00e9e, la demande de libert\u00e9 provisoire de l\u2019ex-chef de la junte malienne et ses co-accus\u00e9s, a \u00e9t\u00e9 finalement agr\u00e9\u00e9e. Ainsi donc, le capitaine Amadou Haya Sanogo, puisque c\u2019est de lui qu\u2019il s\u2019agit, et une quinzaine de ses compagnons d\u2019armes dans les liens de la d\u00e9tention depuis plus de deux ans, ont \u00e9t\u00e9 remis [&hellip;]<\/p>\n","protected":false},"author":1813,"featured_media":0,"comment_status":"closed","ping_status":"closed","sticky":false,"template":"","format":"standard","meta":{"fifu_image_url":"","fifu_image_alt":"","footnotes":""},"categories":[73,81],"tags":[],"class_list":["post-74482","post","type-post","status-publish","format-standard","hentry","category-actualite","category-burkina-faso"],"_links":{"self":[{"href":"https:\/\/linitiative.ca\/International\/wp-json\/wp\/v2\/posts\/74482","targetHints":{"allow":["GET"]}}],"collection":[{"href":"https:\/\/linitiative.ca\/International\/wp-json\/wp\/v2\/posts"}],"about":[{"href":"https:\/\/linitiative.ca\/International\/wp-json\/wp\/v2\/types\/post"}],"author":[{"embeddable":true,"href":"https:\/\/linitiative.ca\/International\/wp-json\/wp\/v2\/users\/1813"}],"replies":[{"embeddable":true,"href":"https:\/\/linitiative.ca\/International\/wp-json\/wp\/v2\/comments?post=74482"}],"version-history":[{"count":0,"href":"https:\/\/linitiative.ca\/International\/wp-json\/wp\/v2\/posts\/74482\/revisions"}],"wp:attachment":[{"href":"https:\/\/linitiative.ca\/International\/wp-json\/wp\/v2\/media?parent=74482"}],"wp:term":[{"taxonomy":"category","embeddable":true,"href":"https:\/\/linitiative.ca\/International\/wp-json\/wp\/v2\/categories?post=74482"},{"taxonomy":"post_tag","embeddable":true,"href":"https:\/\/linitiative.ca\/International\/wp-json\/wp\/v2\/tags?post=74482"}],"curies":[{"name":"wp","href":"https:\/\/api.w.org\/{rel}","templated":true}]}}