{"id":74483,"date":"2020-01-28T15:03:55","date_gmt":"2020-01-28T20:03:55","guid":{"rendered":"https:\/\/linitiative.ca\/International\/nouvelle-attaque-meurtriere-au-burkina-une-therapie-de-choc-simpose\/"},"modified":"2020-01-28T15:03:55","modified_gmt":"2020-01-28T20:03:55","slug":"nouvelle-attaque-meurtriere-au-burkina-une-therapie-de-choc-simpose","status":"publish","type":"post","link":"https:\/\/linitiative.ca\/International\/nouvelle-attaque-meurtriere-au-burkina-une-therapie-de-choc-simpose\/","title":{"rendered":"NOUVELLE ATTAQUE MEURTRIERE AU BURKINA: Une th\u00e9rapie de choc s\u2019impose"},"content":{"rendered":"<div class=\"stream-item stream-item-above-post-content\">\n<p><noscript><\/p>\n<p><a href=\"\/\/www3.smartadserver.com\/ac?jump=1&#038;nwid=2136&#038;siteid=240610&#038;pgname=rg&#038;fmtid=49046&#038;visit=m&#038;tmstp=[timestamp]&#038;out=nonrich\" target=\"_blank\" rel=\"noopener noreferrer\"><img decoding=\"async\" src=\"\/\/www3.smartadserver.com\/ac?out=nonrich&#038;nwid=2136&#038;siteid=240610&#038;pgname=rg&#038;fmtid=49046&#038;visit=m&#038;tmstp=[timestamp]\" border=\"0\" alt=\"\"\/><\/a><\/p>\n<p><\/noscript><\/div>\n<p class=\"c3\">La s\u00e9rie noire continue au Burkina Faso.\u00a0 10 \u00e0 70 morts, selon les sources. Tel serait\u00a0 le bilan macabre de la derni\u00e8re incursion meurtri\u00e8re des forces du mal dans le Nord du Burkina. Selon des t\u00e9moignages, ce samedi 24 janvier, les assaillants, avant de passer \u00e0 l\u2019acte, auraient fait le tri entre femmes et hommes et m\u00eame contr\u00f4l\u00e9\u00a0 les pi\u00e8ces d\u2019identit\u00e9, comme s\u2019ils recherchaient une cat\u00e9gorie bien pr\u00e9cise de personnes. La question que tout le monde se pose apr\u00e8s cet \u00e9ni\u00e8me massacre de populations civiles, est la suivante\u00a0:<em>\u00a0<\/em>que cache cette nouvelle strat\u00e9gie des Hommes arm\u00e9s non identifi\u00e9s (HANI)\u00a0 qui nous attaquent\u00a0?<\/p>\n<p class=\"c3\">Ces massacres \u00e0 grande \u00e9chelle des populations peuvent d\u2019abord \u00eatre interpr\u00e9t\u00e9es comme des actions de repr\u00e9sailles face \u00e0 la mont\u00e9e en puissance des Forces de d\u00e9fense et de s\u00e9curit\u00e9 (FDS) burkinab\u00e8. L\u2019on a, en effet, en m\u00e9moire que les derni\u00e8res tentatives des terroristes de s\u2019attaquer \u00e0 des garnisons militaires burkinab\u00e8, se sont sold\u00e9es par des \u00e9checs cuisants qui ont laiss\u00e9 sur le carreau bien des combattants fanatis\u00e9s.<\/p>\n<p class=\"c3\"><strong>En d\u00e9sespoir de cause, les groupes arm\u00e9s s\u2019en prennent aux\u00a0\u00a0 civils<\/strong><\/p>\n<p class=\"c3\">L\u2019exemple le plus illustratif est l\u2019attaque du poste avanc\u00e9 d\u2019Arbinda o\u00f9 plus de 80 assaillants avaient trouv\u00e9 la mort. L\u2019on pourrait penser donc qu\u2019en d\u00e9sespoir de cause, les groupes arm\u00e9s s\u2019en prennent aux\u00a0\u00a0 civils qu\u2019ils soup\u00e7onnent de fournir des informations aux forces arm\u00e9es nationales.<\/p>\n<p class=\"c3\">Une autre explication de ces massacres serait que les bandes arm\u00e9es qui sont \u00e0 la recherche d\u2019un territoire, travaillent \u00e0 vider la zone sah\u00e9lienne, plus pr\u00e9cis\u00e9ment le Soum, de ses habitants. Elles cr\u00e9eraient ainsi \u00e0 leur profit un corridor o\u00f9 elles pourraient s\u2019adonner \u00e0 toutes sortes de trafics illicites qui, on le sait, constituent l\u2019une des mamelles nourrici\u00e8res du terrorisme dans la bande sah\u00e9lo-saharienne.<\/p>\n<p class=\"c3\">Par ailleurs, dans ce changement de strat\u00e9gie des groupes terroristes, l\u2019on ne peut occulter l\u2019ambition \u00e0 peine dissimul\u00e9e d\u2019asphyxier l\u2019\u00e9conomie de la zone. En effet, apr\u00e8s avoir perturb\u00e9 le bon d\u00e9roulement de la saison pluvieuse en r\u00e9duisant les activit\u00e9s champ\u00eatres \u00e0 la portion congrue\u00a0 et sci\u00e9 l\u2019essor de l\u2019\u00e9levage par des rapts de troupeaux entiers, ils s\u2019attaquent aux march\u00e9s qui sont les points n\u00e9vralgiques des \u00e9changes entre producteurs et entre les villes et les campagnes.<\/p>\n<p class=\"c3\">Une autre explication et pas des moindres, au regard du <em>modus operandi<\/em> qui a consist\u00e9 \u00e0 \u00e9pargner les femmes, \u00a0est qu\u2019il n\u2019est pas exclu que les terroristes ambitionnent de se cr\u00e9er des harems de femmes en vue de les r\u00e9duire en\u00a0 esclaves sexuelles. La pratique est monnaie courante dans ce milieu avec les enl\u00e8vements fr\u00e9quents de femmes dont nous ont rendu coutumiers, par exemple, les combattants de Boko Haram au Nigeria. Plus pr\u00e8s de nous, l\u2019on se rappelle que les FDS burkinab\u00e8 \u00e9taient intervenues dans le Loroum pour lib\u00e9rer plus d\u2019une vingtaine de femmes qui avaient \u00e9t\u00e9 enlev\u00e9es et r\u00e9duites en esclaves sexuelles.<\/p>\n<p class=\"c3\">Enfin, ce massacre d\u2019hommes pourrait \u00eatre mis en parall\u00e8le avec le recrutement annonc\u00e9 par le gouvernement, de volontaires pour appuyer les FDS. En tout cas, les terroristes chercheraient \u00e0 dissuader les populations de s\u2019engager dans cet enr\u00f4lement volontaire qu\u2019ils ne s\u2019y prendraient pas autrement.<\/p>\n<p class=\"c3\"><strong>Il faut que les strat\u00e8ges militaires anticipent les mutations possibles des strat\u00e9gies des forces du mal<\/strong><\/p>\n<p class=\"c3\">Cela dit, quelles que soient les vis\u00e9es de ces massacres \u00e0 grande \u00e9chelle des populations civiles, la certitude est d\u00e9sormais d\u00e9finitivement \u00e9tablie que ces groupes terroristes ne combattent pas au nom d\u2019Allah comme ils le font croire\u00a0; tant ils tuent indistinctement musulmans et adeptes d\u2019autres religions. Sans risque de se tromper, l\u2019on peut dire que ceux qui attaquent le Burkina Faso, sont des hordes de criminels sans foi ni loi qui veulent cr\u00e9er un chaos favorable au d\u00e9veloppement de toutes sortes de contrebandes.<\/p>\n<p class=\"c3\">Comment arr\u00eater cette course folle \u00e0 l\u2019ab\u00eeme que nous imposent ces hommes qui ont vendu leur \u00e2me au diable\u00a0?\u00a0\u00a0 Telle est la question qui se pose. L\u2019unanimit\u00e9 est faite qu\u2019il faut \u00a0\u00a0une th\u00e9rapie de choc. Et celle-ci doit commencer par l\u2019arm\u00e9e burkinab\u00e8 qui doit prendre pleinement conscience que sa vocation premi\u00e8re n\u2019est pas de se prot\u00e9ger mais de prot\u00e9ger les populations civiles. Elle \u00a0se doit donc d\u2019\u00eatre proactive en augmentant ses moyens de surveillance du territoire et en augmentant et r\u00e9adaptant ses capacit\u00e9s de mobilit\u00e9 pour d\u00e9sorganiser les strat\u00e9gies de l\u2019adversaire et l\u2019emp\u00eacher d\u2019agir. Pour ce dernier massacre en date, l\u2019on peut d\u2019ailleurs se demander pourquoi les FDS ne sont pas intervenues alors que l\u2019alerte avait \u00e9t\u00e9 donn\u00e9e que le village \u00e9tait assi\u00e9g\u00e9 depuis plusieurs jours.<\/p>\n<p class=\"c3\">Une autre solution serait que les populations s\u2019organisent elles-m\u00eames pour s\u00e9curiser les march\u00e9s. En mettant en place un dispositif d\u2019alerte et de riposte en attendant qu\u2019interviennent les FDS, elles pourraient ainsi amoindrir les bilans de ces ex\u00e9cutions et\u00a0 donner du temps \u00a0aux couches les plus vuln\u00e9rables, notamment les femmes et les enfants, de se mettre \u00e0 l\u2019abri.<\/p>\n<p class=\"c3\">Mais au-del\u00e0 de ces actions sur le terrain, il faut surtout que les strat\u00e8ges militaires au niveau national, anticipent, par la r\u00e9flexion, les mutations possibles des strat\u00e9gies des forces du mal pour mieux les pr\u00e9venir car, tout laisse croire que celles-ci peuvent aller dans tous les sens et sans limites. En tout cas, faute d\u2019une th\u00e9rapie de choc, il faut craindre le chaos au Burkina, comme on le voit en Afghanistan.<\/p>\n<p class=\"c3\"><strong>\u00a0<\/strong><\/p>\n<p class=\"c3\"><strong><em>\u00ab\u00a0Le Pays\u00a0\u00bb<\/em><\/strong><\/p>\n<p>Auteur: Le Pays<br \/>\n<a href=\"http:\/\/lepays.bf\/nouvelle-attaque-meurtriere-au-burkina-une-therapie-de-choc-simpose\/\">Cliquez ici pour lire l&rsquo;article depuis sa source.<\/a><\/p>\n","protected":false},"excerpt":{"rendered":"<p>La s\u00e9rie noire continue au Burkina Faso.\u00a0 10 \u00e0 70 morts, selon les sources. Tel serait\u00a0 le bilan macabre de la derni\u00e8re incursion meurtri\u00e8re des forces du mal dans le Nord du Burkina. Selon des t\u00e9moignages, ce samedi 24 janvier, les assaillants, avant de passer \u00e0 l\u2019acte, auraient fait le tri entre femmes et hommes [&hellip;]<\/p>\n","protected":false},"author":1813,"featured_media":0,"comment_status":"closed","ping_status":"closed","sticky":false,"template":"","format":"standard","meta":{"fifu_image_url":"","fifu_image_alt":"","footnotes":""},"categories":[73,81],"tags":[],"class_list":["post-74483","post","type-post","status-publish","format-standard","hentry","category-actualite","category-burkina-faso"],"_links":{"self":[{"href":"https:\/\/linitiative.ca\/International\/wp-json\/wp\/v2\/posts\/74483","targetHints":{"allow":["GET"]}}],"collection":[{"href":"https:\/\/linitiative.ca\/International\/wp-json\/wp\/v2\/posts"}],"about":[{"href":"https:\/\/linitiative.ca\/International\/wp-json\/wp\/v2\/types\/post"}],"author":[{"embeddable":true,"href":"https:\/\/linitiative.ca\/International\/wp-json\/wp\/v2\/users\/1813"}],"replies":[{"embeddable":true,"href":"https:\/\/linitiative.ca\/International\/wp-json\/wp\/v2\/comments?post=74483"}],"version-history":[{"count":0,"href":"https:\/\/linitiative.ca\/International\/wp-json\/wp\/v2\/posts\/74483\/revisions"}],"wp:attachment":[{"href":"https:\/\/linitiative.ca\/International\/wp-json\/wp\/v2\/media?parent=74483"}],"wp:term":[{"taxonomy":"category","embeddable":true,"href":"https:\/\/linitiative.ca\/International\/wp-json\/wp\/v2\/categories?post=74483"},{"taxonomy":"post_tag","embeddable":true,"href":"https:\/\/linitiative.ca\/International\/wp-json\/wp\/v2\/tags?post=74483"}],"curies":[{"name":"wp","href":"https:\/\/api.w.org\/{rel}","templated":true}]}}