{"id":74484,"date":"2020-01-28T16:50:16","date_gmt":"2020-01-28T21:50:16","guid":{"rendered":"https:\/\/linitiative.ca\/International\/coronavirus-le-mozambique-suspend-la-delivrance-des-visas-aux-chinois\/"},"modified":"2020-01-28T16:50:16","modified_gmt":"2020-01-28T21:50:16","slug":"coronavirus-le-mozambique-suspend-la-delivrance-des-visas-aux-chinois","status":"publish","type":"post","link":"https:\/\/linitiative.ca\/International\/coronavirus-le-mozambique-suspend-la-delivrance-des-visas-aux-chinois\/","title":{"rendered":"Coronavirus: le Mozambique suspend la d\u00e9livrance des visas aux Chinois"},"content":{"rendered":"<div readability=\"32\">\n<p>Publi\u00e9 le 28.01.2020 \u00e0 22h50 par AFP<\/p>\n<\/div>\n<div readability=\"58\">\n<p>Le gouvernement du Mozambique a annonc\u00e9 mardi la suspension de la d\u00e9livrance des visas d\u2019entr\u00e9e sur son territoire aux citoyens de Chine, en raison de l\u2019\u00e9pid\u00e9mie de pneumonie virale qui y a d\u00e9j\u00e0 fait plus de 100 morts.<\/p>\n<p>\u00ab\u00a0Le conseil des ministres a d\u00e9cid\u00e9 de suspendre les visas d\u2019entr\u00e9e dans le pays aux citoyens de Chine \u00e0 cause du coronavirus. Cette mesure pr\u00e9ventive vise \u00e0 emp\u00eacher le virus de p\u00e9n\u00e9trer le pays\u00a0\u00bb, a d\u00e9clar\u00e9 sa porte-parole, Helena Khida, \u00e0 la presse \u00e0 l\u2019issue de la r\u00e9union.<\/p>\n<p>\u00ab\u00a0Dans le m\u00eame but, les visas destin\u00e9s aux Mozambicains d\u00e9sireux de se rendre en Chine sont \u00e9galement suspendus jusqu\u2019\u00e0 ce que la situation se normalise\u00a0\u00bb.<\/p>\n<p>Depuis le d\u00e9but de l\u2019\u00e9pid\u00e9mie de coronavirus de nombreux pays ont recommand\u00e9 \u00e0 leurs ressortissants de reporter leurs d\u00e9placements non indispensables en Chine.<\/p>\n<p>En Chine m\u00eame, le dernier bilan officiel fait \u00e9tat de 106 morts, pour plus de 4.500 personnes contamin\u00e9es depuis l\u2019identification de ce nouveau type de pneumonie au d\u00e9but du mois, surtout autour de la ville de Wuhan (centre).<\/p>\n<p>Une soixantaine de cas ont \u00e9galement \u00e9t\u00e9 signal\u00e9s dans une quinzaine de pays hors de Chine.<\/p>\n<\/div>\n<p>Auteur: AFP<br \/>\n<a href=\"https:\/\/www.journalducameroun.com\/coronavirus-le-mozambique-suspend-la-delivrance-des-visas-aux-chinois\/\">Cliquez ici pour lire l&rsquo;article depuis sa source.<\/a><\/p>\n","protected":false},"excerpt":{"rendered":"<p>Publi\u00e9 le 28.01.2020 \u00e0 22h50 par AFP Le gouvernement du Mozambique a annonc\u00e9 mardi la suspension de la d\u00e9livrance des visas d\u2019entr\u00e9e sur son territoire aux citoyens de Chine, en raison de l\u2019\u00e9pid\u00e9mie de pneumonie virale qui y a d\u00e9j\u00e0 fait plus de 100 morts. \u00ab\u00a0Le conseil des ministres a d\u00e9cid\u00e9 de suspendre les visas [&hellip;]<\/p>\n","protected":false},"author":1965,"featured_media":0,"comment_status":"closed","ping_status":"closed","sticky":false,"template":"","format":"standard","meta":{"fifu_image_url":"","fifu_image_alt":"","footnotes":""},"categories":[73,82],"tags":[],"class_list":["post-74484","post","type-post","status-publish","format-standard","hentry","category-actualite","category-cameroun"],"_links":{"self":[{"href":"https:\/\/linitiative.ca\/International\/wp-json\/wp\/v2\/posts\/74484","targetHints":{"allow":["GET"]}}],"collection":[{"href":"https:\/\/linitiative.ca\/International\/wp-json\/wp\/v2\/posts"}],"about":[{"href":"https:\/\/linitiative.ca\/International\/wp-json\/wp\/v2\/types\/post"}],"author":[{"embeddable":true,"href":"https:\/\/linitiative.ca\/International\/wp-json\/wp\/v2\/users\/1965"}],"replies":[{"embeddable":true,"href":"https:\/\/linitiative.ca\/International\/wp-json\/wp\/v2\/comments?post=74484"}],"version-history":[{"count":0,"href":"https:\/\/linitiative.ca\/International\/wp-json\/wp\/v2\/posts\/74484\/revisions"}],"wp:attachment":[{"href":"https:\/\/linitiative.ca\/International\/wp-json\/wp\/v2\/media?parent=74484"}],"wp:term":[{"taxonomy":"category","embeddable":true,"href":"https:\/\/linitiative.ca\/International\/wp-json\/wp\/v2\/categories?post=74484"},{"taxonomy":"post_tag","embeddable":true,"href":"https:\/\/linitiative.ca\/International\/wp-json\/wp\/v2\/tags?post=74484"}],"curies":[{"name":"wp","href":"https:\/\/api.w.org\/{rel}","templated":true}]}}