{"id":74485,"date":"2020-01-28T17:50:02","date_gmt":"2020-01-28T22:50:02","guid":{"rendered":"https:\/\/linitiative.ca\/International\/theo-klein-incarnation-du-judaisme-liberal-en-france\/"},"modified":"2020-01-28T17:50:02","modified_gmt":"2020-01-28T22:50:02","slug":"theo-klein-incarnation-du-judaisme-liberal-en-france","status":"publish","type":"post","link":"https:\/\/linitiative.ca\/International\/theo-klein-incarnation-du-judaisme-liberal-en-france\/","title":{"rendered":"Th\u00e9o Klein, incarnation du juda\u00efsme lib\u00e9ral en France"},"content":{"rendered":"<div readability=\"32\">\n<p>Publi\u00e9 le 28.01.2020 \u00e0 23h50 par AFP<\/p>\n<\/div>\n<div readability=\"147\">\n<p>Ancien pr\u00e9sident du Crif et figure embl\u00e9matique de la diaspora, Th\u00e9odore Klein, qui s\u2019est \u00e9teint \u00e0 l\u2019\u00e2ge de 99 ans, a \u00e9t\u00e9 l\u2019un des principaux repr\u00e9sentants du juda\u00efsme lib\u00e9ral en France \u00e0 la fin du XXe si\u00e8cle.<\/p>\n<p>Celui qu\u2019on surnommait \u00ab\u00a0un sioniste \u00e0 part\u00a0\u00bb avait pr\u00e9sid\u00e9 de 1983 \u00e0 1989 le Conseil repr\u00e9sentatif des institutions juives de France (Crif). C\u2019est lui qui fut \u00e0 l\u2019origine du fameux d\u00eener annuel de l\u2019institution, qui r\u00e9unit notamment le Premier ministre ou le chef de l\u2019Etat. Il avait aussi pr\u00e9sid\u00e9 le Congr\u00e8s juif europ\u00e9en.<\/p>\n<p>El\u00e9gant, cheveux souvent en d\u00e9sordre, ce s\u00e9ducteur \u00e0 l\u2019allure d\u2019intellectuel contestataire n\u2019a jamais cess\u00e9 de se faire l\u2019avocat des valeurs la\u00efques et r\u00e9publicaines fran\u00e7aises. \u00ab\u00a0Le lieu de ma culture est la France, le lieu de ma spiritualit\u00e9 est Isra\u00ebl\u00a0\u00bb, soulignait-il.<\/p>\n<p>N\u00e9 le 25 juin 1920 \u00e0 Paris, cet arri\u00e8re-petit fils du grand rabbin de Colmar et fils d\u2019un m\u00e9decin a \u00e9t\u00e9 scout chez les \u00e9claireurs isra\u00e9lites.<\/p>\n<p>Pendant l\u2019Occupation, la famille se cache. Son p\u00e8re, membre du consistoire, reste \u00e0 Paris. Th\u00e9odore devient, lui, dans les ann\u00e9es 1942-1944, l\u2019un des responsables de la R\u00e9sistance juive en France.<\/p>\n<p>Apr\u00e8s Sciences-Po, il \u00e9tudie le droit avant de devenir avocat \u00e0 la cour d\u2019appel de Paris en 1945 et au barreau de J\u00e9rusalem \u00e0 partir de 1970. Il dirigera par la suite un des grands cabinets d\u2019affaires parisien, surplombant les Champs-Elys\u00e9es.<\/p>\n<p>C\u2019est au d\u00e9but des ann\u00e9es 50 qu\u2019il va pour la premi\u00e8re fois en Isra\u00ebl: \u00ab\u00a0J\u2019ai eu le sentiment de rentrer chez moi. Cela peut para\u00eetre stupide. C\u2019est comme \u00e7a. J\u2019ai une double nationalit\u00e9, que j\u2019assume et qui me donne un \u00e9quilibre parfait\u00a0\u00bb.<\/p>\n<p>\u00ab\u00a0Th\u00e9o Klein \u00e9tait r\u00e9publicain dans son rapport \u00e0 la France, lib\u00e9ral dans son rapport au juda\u00efsme, humaniste et ouvert dans son rapport \u00e0 l\u2019autre\u00a0\u00bb, a r\u00e9sum\u00e9 le pr\u00e9sident de SOS Racisme Dominique Sopo en lui rendant hommage mardi.<\/p>\n<p>\u2013 Ami de Shimon Peres \u2013<\/p>\n<p>Th\u00e9o Klein a souvent tenu des positions critiques contre la politique ext\u00e9rieure d\u2019Isra\u00ebl et ses soutiens, en particulier le philosophe Alain Finkielkraut. \u00ab\u00a0Je me bats pour que la reconnaissance de la Palestine vienne du gouvernement d\u2019Isra\u00ebl et ne soit pas impos\u00e9e \u00e0 son peuple par une pression ext\u00e9rieure\u00a0\u00bb, estimait-il en 2002.<\/p>\n<p>L\u2019ancien ministre socialiste des Affaires \u00e9trang\u00e8res Hubert V\u00e9drine avait estim\u00e9, toujours en 2002, que \u00ab\u00a0son autorit\u00e9 morale incontestable lui permettait de contredire tranquillement beaucoup d\u2019assertions martel\u00e9es par la droite isra\u00e9lienne\u00a0\u00bb.<\/p>\n<p>En 1988, il avait \u00e9crit avec Hamadi Essid, chef de la mission de la Ligue arabe de Paris, \u00ab\u00a0Deux v\u00e9rit\u00e9s en face\u00a0\u00bb, un ouvrage dans lequel chacun donnait sa vision du conflit isra\u00e9lo-arabe.<\/p>\n<p>En 2012, il avait d\u00e9nonc\u00e9 l\u2019engagement d\u2019un de ses successeurs \u00e0 la t\u00eate du Crif, Richard Prasquier, contre le journaliste de France 2 Charles Enderlin pour un reportage en 2000 sur la mort d\u2019un enfant palestinien \u00e0 Gaza, au d\u00e9but de la seconde Intifada.<\/p>\n<p>P\u00e8re de quatre enfants, ce passionn\u00e9 de textes h\u00e9bra\u00efques ainsi que d\u2019histoire et de g\u00e9ographie de la Terre sainte a, plusieurs ann\u00e9es, pr\u00e9sid\u00e9 le mus\u00e9e d\u2019art et d\u2019histoire du juda\u00efsme, \u00e0 Paris.<\/p>\n<p>Ses rapports avec les rabbins \u00e9taient compliqu\u00e9s, certains le traitant de \u00ab\u00a0gauchiste\u00a0\u00bb. Th\u00e9o Klein, proche des socialistes, n\u2019a jamais cach\u00e9 qu\u2019il \u00e9tait libre penseur et agnostique. \u00ab\u00a0Dieu ne m\u2019a jamais tourment\u00e9, il faisait partie du paysage, \u00e0 la fois omnipr\u00e9sent et absent\u00a0\u00bb, disait cet ami de l\u2019ancien leader travailliste isra\u00e9lien et pr\u00e9sident Shimon Peres, tout en ajoutant qu&rsquo;\u00a0\u00bbon peut lire la Torah sans \u00eatre croyant\u00a0\u00bb.<\/p>\n<p>Evoquant en 2001 les violences commises en France contre des membres de la communaut\u00e9 juive, Th\u00e9o Klein avait estim\u00e9 que \u00ab\u00a0le ph\u00e9nom\u00e8ne de violence dans les banlieues ne concerne pas seulement les juifs. Toutes les frustrations se traduisent par des violences\u00a0\u00bb. \u00ab\u00a0Avant d\u2019employer le mot antis\u00e9mitisme, avait-il soulign\u00e9, il faut y r\u00e9fl\u00e9chir \u00e0 deux fois\u00a0\u00bb.<\/p>\n<p>\u00ab\u00a0Je ne suis pas juif parce qu\u2019il y aurait eu la Shoah et que j\u2019aurais pu \u00eatre parmi les victimes\u00a0\u00bb, assurait-il. Il savait que ses opinions divisaient les Juifs de France : \u00ab\u00a0Certains tournent la t\u00eate quand ils me voient. Mais il y en a d\u2019autres qui me disent merci (pas toujours \u00e0 haute voix)\u00a0\u00bb.<\/p>\n<\/div>\n<p>Auteur: AFP<br \/>\n<a href=\"https:\/\/www.journalducameroun.com\/theo-klein-incarnation-du-judaisme-liberal-en-france\/\">Cliquez ici pour lire l&rsquo;article depuis sa source.<\/a><\/p>\n","protected":false},"excerpt":{"rendered":"<p>Publi\u00e9 le 28.01.2020 \u00e0 23h50 par AFP Ancien pr\u00e9sident du Crif et figure embl\u00e9matique de la diaspora, Th\u00e9odore Klein, qui s\u2019est \u00e9teint \u00e0 l\u2019\u00e2ge de 99 ans, a \u00e9t\u00e9 l\u2019un des principaux repr\u00e9sentants du juda\u00efsme lib\u00e9ral en France \u00e0 la fin du XXe si\u00e8cle. Celui qu\u2019on surnommait \u00ab\u00a0un sioniste \u00e0 part\u00a0\u00bb avait pr\u00e9sid\u00e9 de 1983 [&hellip;]<\/p>\n","protected":false},"author":1965,"featured_media":0,"comment_status":"closed","ping_status":"closed","sticky":false,"template":"","format":"standard","meta":{"fifu_image_url":"","fifu_image_alt":"","footnotes":""},"categories":[73,82],"tags":[],"class_list":["post-74485","post","type-post","status-publish","format-standard","hentry","category-actualite","category-cameroun"],"_links":{"self":[{"href":"https:\/\/linitiative.ca\/International\/wp-json\/wp\/v2\/posts\/74485","targetHints":{"allow":["GET"]}}],"collection":[{"href":"https:\/\/linitiative.ca\/International\/wp-json\/wp\/v2\/posts"}],"about":[{"href":"https:\/\/linitiative.ca\/International\/wp-json\/wp\/v2\/types\/post"}],"author":[{"embeddable":true,"href":"https:\/\/linitiative.ca\/International\/wp-json\/wp\/v2\/users\/1965"}],"replies":[{"embeddable":true,"href":"https:\/\/linitiative.ca\/International\/wp-json\/wp\/v2\/comments?post=74485"}],"version-history":[{"count":0,"href":"https:\/\/linitiative.ca\/International\/wp-json\/wp\/v2\/posts\/74485\/revisions"}],"wp:attachment":[{"href":"https:\/\/linitiative.ca\/International\/wp-json\/wp\/v2\/media?parent=74485"}],"wp:term":[{"taxonomy":"category","embeddable":true,"href":"https:\/\/linitiative.ca\/International\/wp-json\/wp\/v2\/categories?post=74485"},{"taxonomy":"post_tag","embeddable":true,"href":"https:\/\/linitiative.ca\/International\/wp-json\/wp\/v2\/tags?post=74485"}],"curies":[{"name":"wp","href":"https:\/\/api.w.org\/{rel}","templated":true}]}}