{"id":74487,"date":"2020-01-28T17:50:05","date_gmt":"2020-01-28T22:50:05","guid":{"rendered":"https:\/\/linitiative.ca\/International\/des-soudanais-manifestent-contre-lenvoi-de-proches-combattre-en-libye-et-au-yemen\/"},"modified":"2020-01-28T17:50:05","modified_gmt":"2020-01-28T22:50:05","slug":"des-soudanais-manifestent-contre-lenvoi-de-proches-combattre-en-libye-et-au-yemen","status":"publish","type":"post","link":"https:\/\/linitiative.ca\/International\/des-soudanais-manifestent-contre-lenvoi-de-proches-combattre-en-libye-et-au-yemen\/","title":{"rendered":"Des Soudanais manifestent contre l\u2019envoi de proches combattre en Libye et au Y\u00e9men"},"content":{"rendered":"<div readability=\"32\">\n<p>Publi\u00e9 le 28.01.2020 \u00e0 23h50 par AFP<\/p>\n<\/div>\n<div readability=\"122\">\n<p>Des dizaines de Soudanais ont manifest\u00e9 mardi \u00e0 Khartoum pour r\u00e9clamer le retour au pays de proches recrut\u00e9s selon eux par une entreprise des Emirats arabes unis comme gardes de s\u00e9curit\u00e9 mais envoy\u00e9s par la suite combattre en Libye et au Y\u00e9men.<\/p>\n<p>Des groupes d\u2019hommes et de femmes se sont rassembl\u00e9s devant le minist\u00e8re des Affaires \u00e9trang\u00e8res, portant des banderoles sur lesquelles on pouvait lire \u00ab\u00a0nos fils ne sont pas \u00e0 vendre\u00a0\u00bb ou \u00ab\u00a0ramenez nos fils\u00a0\u00bb.<\/p>\n<p>Plusieurs manifestants ont d\u00e9clar\u00e9 \u00e0 l\u2019AFP que leurs proches avaient obtenu des visas pour les Emirats arabes unis \u00e0 la suite d\u2019annonces dans les journaux soudanais pour le recrutement de gardes de s\u00e9curit\u00e9 pour le compte d\u2019une compagnie \u00e9miratie appel\u00e9e Black Shield.<\/p>\n<p>\u00ab\u00a0Mon fr\u00e8re s\u2019est rendu aux Emirats le 20 ao\u00fbt, mais depuis six jours, nous avons perdu le contact avec lui\u00a0\u00bb, explique Salma Mohamed, une manifestante.<\/p>\n<p>\u00ab\u00a0Nous avons vu sur les r\u00e9seaux sociaux qu\u2019il avait \u00e9t\u00e9 transf\u00e9r\u00e9 avec d\u2019autres personnes en Libye ou au Y\u00e9men. Nous n\u2019avons aucune information sur son sort, nous voulons qu\u2019il revienne\u00a0\u00bb.<\/p>\n<p>\u00ab\u00a0Mon fils s\u2019est rendu en septembre aux Emirats arabes unis. Nous avons perdu le contact avec lui depuis dix jours\u00a0\u00bb, a d\u00e9clar\u00e9 un autre manifestant, Imad Osmane.<\/p>\n<p>\u00ab\u00a0Il s\u2019est ensuite manifest\u00e9 pour nous annoncer qu\u2019il avait \u00e9t\u00e9 ramen\u00e9 avec d\u2019autres de Ras Lanouf (Libye) \u00e0 Abou Dhabi\u00a0\u00bb, la capitale des Emirats.<\/p>\n<p>De son c\u00f4t\u00e9, le minist\u00e8re des Affaires \u00e9trang\u00e8res a assur\u00e9 dans un communiqu\u00e9 qu\u2019il \u00e9tait en contact avec Abou Dhabi pour r\u00e9gler la question \u00ab\u00a0concernant le recrutement de citoyens soudanais comme gardes de s\u00e9curit\u00e9 par une entreprise priv\u00e9e des Emirats\u00a0\u00bb.<\/p>\n<p>\u00ab\u00a0Les familles affirment que leurs contrats ont \u00e9t\u00e9 viol\u00e9s, certains d\u2019entre eux ayant \u00e9t\u00e9 transf\u00e9r\u00e9s par l\u2019entreprise vers des champs p\u00e9troliers libyens\u00a0\u00bb, ajoute le minist\u00e8re.<\/p>\n<p>Mardi soir, une cinquantaine de jeunes gens revenus d\u2019Abou Dhabi ont tenu un sit-in devant l\u2019ambassade des Emirats \u00e0 Khartoum.<\/p>\n<p>\u2013 Sit-in \u2013<\/p>\n<p>Ils n\u2019ont pas dit s\u2019ils revenaient de Libye ou du Y\u00e9men mais ils ont promis qu\u2019ils maintiendraient leur sit-in jusqu\u2019\u00e0 ce que tous ceux qui ont \u00e9t\u00e9 recrut\u00e9s par l\u2019entreprise \u00e9miratie reviennent au Soudan.<\/p>\n<p>Selon un rapport publi\u00e9 en d\u00e9cembre par l\u2019ONU, cinq groupes arm\u00e9s soudanais et quatre groupes arm\u00e9s tchadiens ont fourni des milliers d\u2019hommes pour combattre en Libye.<\/p>\n<p>Un rapport distinct de l\u2019ONU sur le Soudan publi\u00e9 en janvier affirme que de nombreux combattants arabes du Darfour, r\u00e9gion de l\u2019ouest du Soudan en proie \u00e0 une guerre civile depuis 2003, et du Tchad voisin combattent comme \u00ab\u00a0mercenaires\u00a0\u00bb \u00e0 titre individuel en Libye.<\/p>\n<p>La Libye est en proie au chaos depuis la chute du r\u00e9gime de Mouammar Kadhafi en 2011.<\/p>\n<p>Deux autorit\u00e9s rivales se disputent le pouvoir, le Gouvernement d\u2019union nationale (GNA) dirig\u00e9 par Fayez al-Sarraj, reconnu par l\u2019ONU et bas\u00e9 \u00e0 Tripoli, dans l\u2019ouest, et un pouvoir incarn\u00e9 par Khalifa Haftar dans l\u2019est du pays.<\/p>\n<p>Depuis le 4 avril 2019, la guerre est aux portes de Tripoli: \u00e0 cette date, le mar\u00e9chal Haftar, soutenu par la Russie, les Emirats arabes unis et l\u2019Egypte, a lanc\u00e9 une offensive sur la capitale, si\u00e8ge du GNA, de son c\u00f4t\u00e9 appuy\u00e9 par la Turquie.<\/p>\n<p>Plus de 2.000 combattants et plus de 280 civils ont \u00e9t\u00e9 tu\u00e9s, d\u2019apr\u00e8s l\u2019ONU. Pr\u00e8s de 150.000 Libyens ont \u00e9t\u00e9 d\u00e9plac\u00e9s.<\/p>\n<p>Un cessez-le-feu instaur\u00e9 le 12 janvier \u00e0 l\u2019initiative de Moscou et Ankara, reste pr\u00e9caire, les deux parties s\u2019accusant de violer la tr\u00eave.<\/p>\n<\/div>\n<p>Auteur: AFP<br \/>\n<a href=\"https:\/\/www.journalducameroun.com\/des-soudanais-manifestent-contre-lenvoi-de-proches-combattre-en-libye-et-au-yemen\/\">Cliquez ici pour lire l&rsquo;article depuis sa source.<\/a><\/p>\n","protected":false},"excerpt":{"rendered":"<p>Publi\u00e9 le 28.01.2020 \u00e0 23h50 par AFP Des dizaines de Soudanais ont manifest\u00e9 mardi \u00e0 Khartoum pour r\u00e9clamer le retour au pays de proches recrut\u00e9s selon eux par une entreprise des Emirats arabes unis comme gardes de s\u00e9curit\u00e9 mais envoy\u00e9s par la suite combattre en Libye et au Y\u00e9men. Des groupes d\u2019hommes et de femmes [&hellip;]<\/p>\n","protected":false},"author":1965,"featured_media":0,"comment_status":"closed","ping_status":"closed","sticky":false,"template":"","format":"standard","meta":{"fifu_image_url":"","fifu_image_alt":"","footnotes":""},"categories":[73,82],"tags":[],"class_list":["post-74487","post","type-post","status-publish","format-standard","hentry","category-actualite","category-cameroun"],"_links":{"self":[{"href":"https:\/\/linitiative.ca\/International\/wp-json\/wp\/v2\/posts\/74487","targetHints":{"allow":["GET"]}}],"collection":[{"href":"https:\/\/linitiative.ca\/International\/wp-json\/wp\/v2\/posts"}],"about":[{"href":"https:\/\/linitiative.ca\/International\/wp-json\/wp\/v2\/types\/post"}],"author":[{"embeddable":true,"href":"https:\/\/linitiative.ca\/International\/wp-json\/wp\/v2\/users\/1965"}],"replies":[{"embeddable":true,"href":"https:\/\/linitiative.ca\/International\/wp-json\/wp\/v2\/comments?post=74487"}],"version-history":[{"count":0,"href":"https:\/\/linitiative.ca\/International\/wp-json\/wp\/v2\/posts\/74487\/revisions"}],"wp:attachment":[{"href":"https:\/\/linitiative.ca\/International\/wp-json\/wp\/v2\/media?parent=74487"}],"wp:term":[{"taxonomy":"category","embeddable":true,"href":"https:\/\/linitiative.ca\/International\/wp-json\/wp\/v2\/categories?post=74487"},{"taxonomy":"post_tag","embeddable":true,"href":"https:\/\/linitiative.ca\/International\/wp-json\/wp\/v2\/tags?post=74487"}],"curies":[{"name":"wp","href":"https:\/\/api.w.org\/{rel}","templated":true}]}}