{"id":74488,"date":"2020-01-28T18:04:19","date_gmt":"2020-01-28T23:04:19","guid":{"rendered":"https:\/\/linitiative.ca\/International\/municipales-et-legislatives-les-partis-recoivent-lappui-de-letat-ce-jour\/"},"modified":"2020-01-28T18:04:19","modified_gmt":"2020-01-28T23:04:19","slug":"municipales-et-legislatives-les-partis-recoivent-lappui-de-letat-ce-jour","status":"publish","type":"post","link":"https:\/\/linitiative.ca\/International\/municipales-et-legislatives-les-partis-recoivent-lappui-de-letat-ce-jour\/","title":{"rendered":"Municipales et l\u00e9gislatives : Les partis re\u00e7oivent l\u2019appui de l\u2019Etat ce jour"},"content":{"rendered":"<div readability=\"32\">\n<p>Publi\u00e9 le 29.01.2020 \u00e0 00h06 par Christian Djimadeu<\/p>\n<\/div>\n<div readability=\"49\">\n<h2 class=\"c3\">Un communiqu\u00e9 du ministre de l\u2019Administration territoriale leur demande de se pr\u00e9senter \u00a0dans ses services ce 29 janvier d\u00e8s 14 heures.<\/h2>\n<p class=\"c4\">Tous les partis politiques en lice aux \u00e9lections l\u00e9gislatives et municipales recevront ce jour la premi\u00e8re tranche du financement public qui leur est destin\u00e9.<\/p>\n<p class=\"c4\">Le ministre de l\u2019Administration territorial Paul Atanga Nji pr\u00e9cise que : \u00ab la premi\u00e8re tranche dudit financement leur sera servie au prorata des listes pr\u00e9sent\u00e9es, et d\u00e9finitivement accept\u00e9es \u00bb.<\/p>\n<p class=\"c4\">Quant \u00e0 la seconde, il annonce qu\u2019elle sera remise apr\u00e8s la proclamation des r\u00e9sultats du double scrutin du 9 f\u00e9vrier prochain.<\/p>\n<p class=\"c4\">Les diff\u00e9rents responsables des partis sont attendus munis de leurs pi\u00e8ces officielles. Ils seront re\u00e7u d\u00e8s 14 heures \u00e0 la porte 317.<\/p>\n<p class=\"c4\">Le financement arrive en pleine campagne \u00e9lectorale au moment o\u00f9 les partis avaient d\u00e9j\u00e0 boucl\u00e9 leur plan de d\u00e9ploiement. Beaucoup sont dans les profondeurs du pays \u00e0 la conqu\u00eate des \u00e9lecteurs.<\/p>\n<\/div>\n<p>Auteur: Christian DJIMADEU<br \/>\n<a href=\"https:\/\/www.journalducameroun.com\/municipales-et-legislatives-les-partis-recoivent-leur-financement-ce-mercredi_cameroun\/\">Cliquez ici pour lire l&rsquo;article depuis sa source.<\/a><\/p>\n","protected":false},"excerpt":{"rendered":"<p>Publi\u00e9 le 29.01.2020 \u00e0 00h06 par Christian Djimadeu Un communiqu\u00e9 du ministre de l\u2019Administration territoriale leur demande de se pr\u00e9senter \u00a0dans ses services ce 29 janvier d\u00e8s 14 heures. Tous les partis politiques en lice aux \u00e9lections l\u00e9gislatives et municipales recevront ce jour la premi\u00e8re tranche du financement public qui leur est destin\u00e9. Le ministre [&hellip;]<\/p>\n","protected":false},"author":1965,"featured_media":0,"comment_status":"closed","ping_status":"closed","sticky":false,"template":"","format":"standard","meta":{"fifu_image_url":"","fifu_image_alt":"","footnotes":""},"categories":[73,82],"tags":[],"class_list":["post-74488","post","type-post","status-publish","format-standard","hentry","category-actualite","category-cameroun"],"_links":{"self":[{"href":"https:\/\/linitiative.ca\/International\/wp-json\/wp\/v2\/posts\/74488","targetHints":{"allow":["GET"]}}],"collection":[{"href":"https:\/\/linitiative.ca\/International\/wp-json\/wp\/v2\/posts"}],"about":[{"href":"https:\/\/linitiative.ca\/International\/wp-json\/wp\/v2\/types\/post"}],"author":[{"embeddable":true,"href":"https:\/\/linitiative.ca\/International\/wp-json\/wp\/v2\/users\/1965"}],"replies":[{"embeddable":true,"href":"https:\/\/linitiative.ca\/International\/wp-json\/wp\/v2\/comments?post=74488"}],"version-history":[{"count":0,"href":"https:\/\/linitiative.ca\/International\/wp-json\/wp\/v2\/posts\/74488\/revisions"}],"wp:attachment":[{"href":"https:\/\/linitiative.ca\/International\/wp-json\/wp\/v2\/media?parent=74488"}],"wp:term":[{"taxonomy":"category","embeddable":true,"href":"https:\/\/linitiative.ca\/International\/wp-json\/wp\/v2\/categories?post=74488"},{"taxonomy":"post_tag","embeddable":true,"href":"https:\/\/linitiative.ca\/International\/wp-json\/wp\/v2\/tags?post=74488"}],"curies":[{"name":"wp","href":"https:\/\/api.w.org\/{rel}","templated":true}]}}