{"id":74491,"date":"2020-01-28T13:58:34","date_gmt":"2020-01-28T18:58:34","guid":{"rendered":"https:\/\/linitiative.ca\/International\/la-date-de-souscription-des-nouvelles-actions-de-la-bicec-reportee\/"},"modified":"2020-01-28T13:58:34","modified_gmt":"2020-01-28T18:58:34","slug":"la-date-de-souscription-des-nouvelles-actions-de-la-bicec-reportee","status":"publish","type":"post","link":"https:\/\/linitiative.ca\/International\/la-date-de-souscription-des-nouvelles-actions-de-la-bicec-reportee\/","title":{"rendered":"La date de souscription des nouvelles actions de la Bicec report\u00e9e"},"content":{"rendered":"<div class=\"featured-area featured-area-inner\"><img loading=\"lazy\" decoding=\"async\" width=\"780\" height=\"405\" src=\"https:\/\/i2.wp.com\/ecomatin.net\/wp-content\/uploads\/2020\/01\/Bicec.png?resize=780%2C405&#038;ssl=1&#038;is-pending-load=1\" class=\"attachment-jannah-image-post size-jannah-image-post wp-post-image jetpack-lazy-image\" alt=\"\" srcset=\"data:image\/gif;base64,R0lGODlhAQABAIAAAAAAAP\/\/\/yH5BAEAAAAALAAAAAABAAEAAAIBRAA7\"\/><\/div>\n<div class=\"entry-content entry clearfix\" readability=\"64.4014732965\">\n<p class=\"yiv1402076893MsoNormal\">Selon un communiqu\u00e9 de la Banque Internationale du Cameroun pour l\u2019\u00c9pargne et le Cr\u00e9dit (Bicec) que votre journal publie, celle-ci \u00ab accorde un d\u00e9lai suppl\u00e9mentaire aux actionnaires nationaux pour participer \u00e0 l\u2019augmentation de capital \u00bb.<\/p>\n<p class=\"yiv1402076893MsoNormal\">\u00ab Conform\u00e9ment \u00e0 l\u2019avis d\u2019\u00e9mission d\u2019actions nouvelles publi\u00e9 le 24 d\u00e9cembre 2019, la Bicec a annonc\u00e9 une augmentation de son capital pour un montant nominal de 37 080 000 000 de Fcfa. Cette augmentation de capital est exclusivement r\u00e9serv\u00e9e aux actionnaires actuels de la Bicec, dans le respect des lois et r\u00e8glements applicables de la R\u00e9publique du Cameroun \u00bb, rappelle la Bicec.<\/p>\n<p class=\"yiv1402076893MsoNormal\">La banque ajoute que m\u00eame si le Groupe BCP et l\u2019\u00c9tat du Cameroun ont d\u2019ores et d\u00e9j\u00e0 confirm\u00e9 leur volont\u00e9 de participer \u00e0 cette op\u00e9ration strat\u00e9gique, \u00ab les deux actionnaires de r\u00e9f\u00e9rence de la Bicec ont d\u00e9cid\u00e9 de proroger jusqu\u2019au 31 mars 2020 la date de cl\u00f4ture des souscriptions initialement pr\u00e9vue le 19 janvier 2020 \u00bb.<\/p>\n<p class=\"yiv1402076893MsoNormal\">Selon la banque, ce report vise \u00e0 \u00ab favoriser la participation des actionnaires nationaux de Bicec \u00e0 cette importante op\u00e9ration \u00bb.<\/p>\n<p class=\"yiv1402076893MsoNormal\">Cette option de travailler \u00e0 l\u2019augmentation de la part des nationaux dans le capital de la banque n\u2019est pas nouvelle. Elle est m\u00eame l\u2019un des marqueurs de la vie de cette institution bancaire de ces derniers mois.<\/p>\n<p class=\"yiv1402076893MsoNormal\">\u00ab EcoMatin \u00bb a r\u00e9v\u00e9l\u00e9, il y a quelques mois, l\u2019option clairement prise par le gouvernement, dans le cadre du rachat de cette banque par les Marocains, d\u2019augmenter la part des Camerounais dans le capital de la banque.<\/p>\n<div class=\"sharedaddy sd-sharing-enabled robots-nocontent sd-block sd-social sd-social-icon-text sd-sharing\">\n<h3 class=\"sd-title\">Partager\u00a0:<\/h3>\n<\/div>\n<p><h3 class=\"jp-relatedposts-headline\"><em>Articles similaires<\/em><\/h3>\n<\/p>\n<div class=\"stream-item stream-item-below-post-content\"><a href=\"https:\/\/www.facebook.com\/canalpluscmr\/\" title=\"\" target=\"_blank\" rel=\"noopener noreferrer\"><img loading=\"lazy\" decoding=\"async\" src=\"https:\/\/ecomatin.net\/wp-content\/uploads\/2020\/01\/ecomatin-H1260-xL-6222-px.png\" alt=\"\" width=\"728\" height=\"90\"\/><\/a><\/div>\n<\/div>\n<div class=\"toggle-post-content clearfix\"><a id=\"toggle-post-button\" class=\"button\" href=\"#\">Afficher plus <\/a><\/div>\n<p>Auteur: Nasser Ngoume<br \/>\n<a href=\"https:\/\/ecomatin.net\/la-date-de-souscription-des-nouvelles-actions-de-la-bicec-reportee\/\">Cliquez ici pour lire l&rsquo;article depuis sa source.<\/a><\/p>\n","protected":false},"excerpt":{"rendered":"<p>Selon un communiqu\u00e9 de la Banque Internationale du Cameroun pour l\u2019\u00c9pargne et le Cr\u00e9dit (Bicec) que votre journal publie, celle-ci \u00ab accorde un d\u00e9lai suppl\u00e9mentaire aux actionnaires nationaux pour participer \u00e0 l\u2019augmentation de capital \u00bb. \u00ab Conform\u00e9ment \u00e0 l\u2019avis d\u2019\u00e9mission d\u2019actions nouvelles publi\u00e9 le 24 d\u00e9cembre 2019, la Bicec a annonc\u00e9 une augmentation de son [&hellip;]<\/p>\n","protected":false},"author":1969,"featured_media":0,"comment_status":"closed","ping_status":"closed","sticky":false,"template":"","format":"standard","meta":{"fifu_image_url":"","fifu_image_alt":"","footnotes":""},"categories":[82,78],"tags":[],"class_list":["post-74491","post","type-post","status-publish","format-standard","hentry","category-cameroun","category-economie"],"_links":{"self":[{"href":"https:\/\/linitiative.ca\/International\/wp-json\/wp\/v2\/posts\/74491","targetHints":{"allow":["GET"]}}],"collection":[{"href":"https:\/\/linitiative.ca\/International\/wp-json\/wp\/v2\/posts"}],"about":[{"href":"https:\/\/linitiative.ca\/International\/wp-json\/wp\/v2\/types\/post"}],"author":[{"embeddable":true,"href":"https:\/\/linitiative.ca\/International\/wp-json\/wp\/v2\/users\/1969"}],"replies":[{"embeddable":true,"href":"https:\/\/linitiative.ca\/International\/wp-json\/wp\/v2\/comments?post=74491"}],"version-history":[{"count":0,"href":"https:\/\/linitiative.ca\/International\/wp-json\/wp\/v2\/posts\/74491\/revisions"}],"wp:attachment":[{"href":"https:\/\/linitiative.ca\/International\/wp-json\/wp\/v2\/media?parent=74491"}],"wp:term":[{"taxonomy":"category","embeddable":true,"href":"https:\/\/linitiative.ca\/International\/wp-json\/wp\/v2\/categories?post=74491"},{"taxonomy":"post_tag","embeddable":true,"href":"https:\/\/linitiative.ca\/International\/wp-json\/wp\/v2\/tags?post=74491"}],"curies":[{"name":"wp","href":"https:\/\/api.w.org\/{rel}","templated":true}]}}