{"id":74493,"date":"2020-01-28T15:21:13","date_gmt":"2020-01-28T20:21:13","guid":{"rendered":"https:\/\/linitiative.ca\/International\/election-2020-alice-sadio-demissionne-de-lafp\/"},"modified":"2020-01-28T15:21:13","modified_gmt":"2020-01-28T20:21:13","slug":"election-2020-alice-sadio-demissionne-de-lafp","status":"publish","type":"post","link":"https:\/\/linitiative.ca\/International\/election-2020-alice-sadio-demissionne-de-lafp\/","title":{"rendered":"Election 2020: Alice Sadio d\u00e9missionne de l\u2019AFP"},"content":{"rendered":"<div readability=\"37\">\n<p class=\"yiv0439454893ydp915726e6MsoNormal\">C\u2019est par une lettre adress\u00e9e au bureau politique de son parti, que la Pr\u00e9sidente de l\u2019<strong>Alliance des Forces Progressistes<\/strong> (AFP) a rendu publique sa d\u00e9cision de d\u00e9missionner de la t\u00eate de l\u2019AFP. <strong>Alice Sadio<\/strong> pr\u00e9cise en outre qu\u2019elle d\u00e9missionne du parti, et perd donc ainsi sa qualit\u00e9 de membre. \u00ab<em>J\u2019ai d\u00e9cid\u00e9, en \u00e2me et conscience, de d\u00e9missionner de mes fonctions de Pr\u00e9sidente nationale de l\u2019Alliance des Forces Progressistes, de Secr\u00e9taire g\u00e9n\u00e9rale de la plateforme pour la nouvelle R\u00e9publique, de ma qualit\u00e9 de militante de l\u2019AFP<\/em>\u00bb, \u00e9crit Alice Sadio qui ajoute que \u00ab<em>cette d\u00e9cision prend effet \u00e0 compter de ce jour, 28 janvier 2020<\/em>\u00bb.<\/p>\n<p class=\"yiv0439454893ydp915726e6MsoNormal\">\u00ab<em>Conform\u00e9ment aux dispositions statutaires, le 1<sup>er<\/sup>\u00a0Vice-Pr\u00e9sident ou tout autre membre coopt\u00e9 par le bureau politique assurera l\u2019int\u00e9rim jusqu\u2019\u00e0 la convocation du prochain congr\u00e8s \u00e9lectif, diff\u00e9r\u00e9 du fait de la convocation du corps \u00e9lectoral et de la d\u00e9cision du parti d\u2019y prendre part<\/em>\u00bb, \u00e9crit encore la femme politique.<\/p>\n<p class=\"yiv0439454893ydp915726e6MsoNormal\">Pas un mot donc sur les raisons de ce d\u00e9part qui risque de faire beaucoup de mal \u00e0 ce parti engag\u00e9 dans le double scrutin l\u00e9gislatif et municipal du 9 f\u00e9vrier prochain, alors que la campagne \u00e9lectorale bat son plein.<\/p>\n<p class=\"yiv0439454893ydp915726e6MsoNormal\">Ainsi se referme le s\u00e9jour au sein de l\u2019AFP pour cette femme de convictions, au caract\u00e8re bien tremp\u00e9, qui s\u2019\u00e9tait encore fait remarquer lors du Grand dialogue national dont elle avait bruyamment claqu\u00e9 la porte en octobre dernier.<\/p>\n<\/div>\n<div class=\"sharedaddy sd-sharing-enabled robots-nocontent sd-block sd-social sd-social-icon-text sd-sharing\">\n<h3 class=\"sd-title\">Partager\u00a0:<\/h3>\n<\/div>\n<p><h3 class=\"jp-relatedposts-headline\"><em>Articles similaires<\/em><\/h3>\n<\/p>\n<div class=\"stream-item stream-item-below-post-content\"><a href=\"https:\/\/www.facebook.com\/canalpluscmr\/\" title=\"\" target=\"_blank\" rel=\"noopener noreferrer\"><img loading=\"lazy\" decoding=\"async\" src=\"https:\/\/ecomatin.net\/wp-content\/uploads\/2020\/01\/ecomatin-H1260-xL-6222-px.png\" alt=\"\" width=\"728\" height=\"90\"\/><\/a><\/div>\n<p>Auteur: Nasser Ngoume<br \/>\n<a href=\"https:\/\/ecomatin.net\/election-2020-alice-sadio-demissionne-de-lafp\/\">Cliquez ici pour lire l&rsquo;article depuis sa source.<\/a><\/p>\n","protected":false},"excerpt":{"rendered":"<p>C\u2019est par une lettre adress\u00e9e au bureau politique de son parti, que la Pr\u00e9sidente de l\u2019Alliance des Forces Progressistes (AFP) a rendu publique sa d\u00e9cision de d\u00e9missionner de la t\u00eate de l\u2019AFP. Alice Sadio pr\u00e9cise en outre qu\u2019elle d\u00e9missionne du parti, et perd donc ainsi sa qualit\u00e9 de membre. \u00abJ\u2019ai d\u00e9cid\u00e9, en \u00e2me et conscience, [&hellip;]<\/p>\n","protected":false},"author":1969,"featured_media":74494,"comment_status":"closed","ping_status":"closed","sticky":false,"template":"","format":"standard","meta":{"fifu_image_url":"","fifu_image_alt":"","footnotes":""},"categories":[82,78],"tags":[],"class_list":["post-74493","post","type-post","status-publish","format-standard","has-post-thumbnail","hentry","category-cameroun","category-economie"],"_links":{"self":[{"href":"https:\/\/linitiative.ca\/International\/wp-json\/wp\/v2\/posts\/74493","targetHints":{"allow":["GET"]}}],"collection":[{"href":"https:\/\/linitiative.ca\/International\/wp-json\/wp\/v2\/posts"}],"about":[{"href":"https:\/\/linitiative.ca\/International\/wp-json\/wp\/v2\/types\/post"}],"author":[{"embeddable":true,"href":"https:\/\/linitiative.ca\/International\/wp-json\/wp\/v2\/users\/1969"}],"replies":[{"embeddable":true,"href":"https:\/\/linitiative.ca\/International\/wp-json\/wp\/v2\/comments?post=74493"}],"version-history":[{"count":0,"href":"https:\/\/linitiative.ca\/International\/wp-json\/wp\/v2\/posts\/74493\/revisions"}],"wp:featuredmedia":[{"embeddable":true,"href":"https:\/\/linitiative.ca\/International\/wp-json\/"}],"wp:attachment":[{"href":"https:\/\/linitiative.ca\/International\/wp-json\/wp\/v2\/media?parent=74493"}],"wp:term":[{"taxonomy":"category","embeddable":true,"href":"https:\/\/linitiative.ca\/International\/wp-json\/wp\/v2\/categories?post=74493"},{"taxonomy":"post_tag","embeddable":true,"href":"https:\/\/linitiative.ca\/International\/wp-json\/wp\/v2\/tags?post=74493"}],"curies":[{"name":"wp","href":"https:\/\/api.w.org\/{rel}","templated":true}]}}