{"id":74495,"date":"2020-01-28T15:41:46","date_gmt":"2020-01-28T20:41:46","guid":{"rendered":"https:\/\/linitiative.ca\/International\/le-president-paul-biya-les-elections-et-ecomatin\/"},"modified":"2020-01-28T15:41:46","modified_gmt":"2020-01-28T20:41:46","slug":"le-president-paul-biya-les-elections-et-ecomatin","status":"publish","type":"post","link":"https:\/\/linitiative.ca\/International\/le-president-paul-biya-les-elections-et-ecomatin\/","title":{"rendered":"Le Pr\u00e9sident Paul Biya, les \u00e9lections et \u00abEcoMatin\u00bb"},"content":{"rendered":"<div class=\"featured-area featured-area-inner\"><img loading=\"lazy\" decoding=\"async\" width=\"780\" height=\"405\" src=\"https:\/\/i0.wp.com\/ecomatin.net\/wp-content\/uploads\/2020\/01\/IMG_20200128_215300.jpg?resize=780%2C405&#038;ssl=1&#038;is-pending-load=1\" class=\"attachment-jannah-image-post size-jannah-image-post wp-post-image jetpack-lazy-image\" alt=\"\" srcset=\"data:image\/gif;base64,R0lGODlhAQABAIAAAAAAAP\/\/\/yH5BAEAAAAALAAAAAABAAEAAAIBRAA7\"\/><\/div>\n<div class=\"entry-content entry clearfix\" readability=\"66.9470529471\">\n<p>\u00ab<em>Ce ne sont ni les r\u00e9seaux sociaux, ni tel ou tel organe de presse qui peuvent changer les r\u00e9sultats d\u2019une \u00e9lection (\u2026)<\/em>\u00bb Le Pr\u00e9sident <strong>Paul Biya<\/strong>, auteur de cette phrase, a \u00e9videmment raison. Mais l\u2019observation pr\u00e9sidentielle pourrait \u00eatre suspect\u00e9e d\u2019impertinence, car nul organe de presse ne s\u2019est jamais donn\u00e9 pour mission de modifier les r\u00e9sultats d\u2019une \u00e9lection. Comment y parviendrait-il d\u2019ailleurs m\u00eame si tel avait \u00e9t\u00e9 son but?<\/p>\n<p>A <strong>EcoMatin<\/strong>, nous pensons que notre mission, en comp\u00e9tition \u00e9lectorale, est d\u2019assurer le service public de l\u2019information, c\u2019est \u00e0 dire aider, par l\u2019information, le citoyen, \u00e9lecteur ou non, \u00e0 r\u00e9pondre aux questions qu\u2019il se pose l\u00e9gitimement\u00a0: les r\u00e8gles de la comp\u00e9tition sont-elles consensuelles ? Equitables\u00a0? Le processus \u00e9lectoral est-il transparent\u00a0? Sinc\u00e8re\u00a0? Que proposent les candidats\u00a0? Ces propositions sont-elles \u00e0 la hauteur des enjeux de l\u2019ensemble du corps social\u00a0? Le d\u00e9roulement du scrutin a-t-il \u00e9t\u00e9 conforme aux r\u00e8gles de la comp\u00e9tition\u00a0? Etc. Surtout, en tant qu\u2019organe sp\u00e9cialis\u00e9 dans l\u2019information \u00e9conomique et financi\u00e8re, d\u2019aider les cr\u00e9ateurs de richesse \u00e0 anticiper sur les enjeux et les contraintes que charrient une comp\u00e9tition \u00e9lectorale.<\/p>\n<p>C\u2019est \u00e0 cet exercice que s\u2019oblige <strong>\u00abEcoMatin\u00bb<\/strong> depuis la convocation, le 10 novembre 2019, du corps \u00e9lectoral par le chef de l\u2019Etat, en vue du double scrutin l\u00e9gislatif et municipal du 9 f\u00e9vrier prochain. Sur son <strong>support tablo\u00efd<\/strong> que vous tenez en main et sur son <strong>site Web,<\/strong> <a href=\"http:\/\/www.ecomatin.net\"><strong>www.ecomatin.net<\/strong><\/a> la r\u00e9daction de votre journal rend compte, sans discontinuer de tous les faits et chiffres significatifs de ce double scrutin qui donnera au pays, <strong>ses premiers \u00e9lus<\/strong> de l\u2019Etat effectivement d\u00e9centralis\u00e9. Merci de la confiance que vous nous renouvelez chaque jour\u00a0!<\/p>\n<p>*\u00c9ditorial paru dans l\u2019\u00e9dition EcoMatin 306 du mercredi 29 janvier 2020 actuellement en kiosque.<\/p>\n<div class=\"sharedaddy sd-sharing-enabled robots-nocontent sd-block sd-social sd-social-icon-text sd-sharing\">\n<h3 class=\"sd-title\">Partager\u00a0:<\/h3>\n<\/div>\n<p><h3 class=\"jp-relatedposts-headline\"><em>Articles similaires<\/em><\/h3>\n<\/p>\n<div class=\"stream-item stream-item-below-post-content\"><a href=\"https:\/\/www.facebook.com\/canalpluscmr\/\" title=\"\" target=\"_blank\" rel=\"noopener noreferrer\"><img loading=\"lazy\" decoding=\"async\" src=\"https:\/\/ecomatin.net\/wp-content\/uploads\/2020\/01\/ecomatin-H1260-xL-6222-px.png\" alt=\"\" width=\"728\" height=\"90\"\/><\/a><\/div>\n<\/div>\n<div class=\"toggle-post-content clearfix\"><a id=\"toggle-post-button\" class=\"button\" href=\"#\">Afficher plus <\/a><\/div>\n<p>Auteur: Nasser Ngoume<br \/>\n<a href=\"https:\/\/ecomatin.net\/le-president-paul-biya-les-elections-et-ecomatin\/\">Cliquez ici pour lire l&rsquo;article depuis sa source.<\/a><\/p>\n","protected":false},"excerpt":{"rendered":"<p>\u00abCe ne sont ni les r\u00e9seaux sociaux, ni tel ou tel organe de presse qui peuvent changer les r\u00e9sultats d\u2019une \u00e9lection (\u2026)\u00bb Le Pr\u00e9sident Paul Biya, auteur de cette phrase, a \u00e9videmment raison. Mais l\u2019observation pr\u00e9sidentielle pourrait \u00eatre suspect\u00e9e d\u2019impertinence, car nul organe de presse ne s\u2019est jamais donn\u00e9 pour mission de modifier les r\u00e9sultats [&hellip;]<\/p>\n","protected":false},"author":1969,"featured_media":0,"comment_status":"closed","ping_status":"closed","sticky":false,"template":"","format":"standard","meta":{"fifu_image_url":"","fifu_image_alt":"","footnotes":""},"categories":[82,78],"tags":[],"class_list":["post-74495","post","type-post","status-publish","format-standard","hentry","category-cameroun","category-economie"],"_links":{"self":[{"href":"https:\/\/linitiative.ca\/International\/wp-json\/wp\/v2\/posts\/74495","targetHints":{"allow":["GET"]}}],"collection":[{"href":"https:\/\/linitiative.ca\/International\/wp-json\/wp\/v2\/posts"}],"about":[{"href":"https:\/\/linitiative.ca\/International\/wp-json\/wp\/v2\/types\/post"}],"author":[{"embeddable":true,"href":"https:\/\/linitiative.ca\/International\/wp-json\/wp\/v2\/users\/1969"}],"replies":[{"embeddable":true,"href":"https:\/\/linitiative.ca\/International\/wp-json\/wp\/v2\/comments?post=74495"}],"version-history":[{"count":0,"href":"https:\/\/linitiative.ca\/International\/wp-json\/wp\/v2\/posts\/74495\/revisions"}],"wp:attachment":[{"href":"https:\/\/linitiative.ca\/International\/wp-json\/wp\/v2\/media?parent=74495"}],"wp:term":[{"taxonomy":"category","embeddable":true,"href":"https:\/\/linitiative.ca\/International\/wp-json\/wp\/v2\/categories?post=74495"},{"taxonomy":"post_tag","embeddable":true,"href":"https:\/\/linitiative.ca\/International\/wp-json\/wp\/v2\/tags?post=74495"}],"curies":[{"name":"wp","href":"https:\/\/api.w.org\/{rel}","templated":true}]}}