{"id":74512,"date":"2020-01-29T05:00:00","date_gmt":"2020-01-29T10:00:00","guid":{"rendered":"https:\/\/linitiative.ca\/International\/france-les-actes-antimusulmans-ont-augmente-de-moitie\/"},"modified":"2020-01-29T05:00:00","modified_gmt":"2020-01-29T10:00:00","slug":"france-les-actes-antimusulmans-ont-augmente-de-moitie","status":"publish","type":"post","link":"https:\/\/linitiative.ca\/International\/france-les-actes-antimusulmans-ont-augmente-de-moitie\/","title":{"rendered":"France : les actes antimusulmans ont augment\u00e9 de moiti\u00e9"},"content":{"rendered":"<div id=\"originalText\" readability=\"75\">\n<p>Dans un communiqu\u00e9 publi\u00e9 hier, l\u2019Observatoire national (fran\u00e7ais) de lutte contre l\u2019islamophobie (ONLCI) a d\u00e9plor\u00e9 la hausse des pratiques islamophobes en France. L\u2019organisation pr\u00e9sid\u00e9e par Abdellah Zekri, membre du Conseil fran\u00e7ais du culte musulman (CFCM) et chef de l\u2019Association des mozabites de France, a fait le bilan des actes recens\u00e9s l\u2019ann\u00e9e derni\u00e8re (154), notant une augmentation de 54% par rapport \u00e0 2018.\u00a0<\/p>\n<p>Les menaces contre les musulmans sont particuli\u00e8rement en hausse (+65%). Les lieux de culte et les cimeti\u00e8res ont \u00e9t\u00e9 \u00e9galement plus cibl\u00e9s avec +40% de profanations.\u00a0Outre l\u2019\u00eele de France, les actes antimusulmans ont eu lieu plus couramment dans le sud de la France o\u00f9 r\u00e9side une forte communaut\u00e9 de pieds-noirs, form\u00e9e par beaucoup de nostalgiques de l\u2019Alg\u00e9rie fran\u00e7aise.<\/p>\n<p>Selon l\u2019ONLCI, les actes d\u2019islamophobie qui ont \u00e9t\u00e9 comptabilis\u00e9s ne refl\u00e8tent pas la r\u00e9alit\u00e9 car les victimes, dont des\u00a0 responsables\u00a0 de lieux\u00a0 de\u00a0 culte,\u00a0 ne portent pas plainte, consid\u00e9rant \u201c\u00e0 tort ou \u00e0 raison que les enqu\u00eates n\u2019aboutissent pas\u201d.<\/p>\n<p>\u00c9voquant les discriminations confessionnelles, l\u2019Observatoire r\u00e9v\u00e8le avoir \u00e9t\u00e9 saisi\u00a0 par\u00a0 des\u00a0 Fran\u00e7ais\u00a0 de\u00a0 confession\u00a0 musulmane,\u00a0 des\u00a0 femmes\u00a0 et\u00a0 \u00a0des hommes\u00a0 \u00a0victimes\u00a0 de\u00a0 discrimination\u00a0 d\u2019origine\u00a0 institutionnelle,\u00a0 dans l\u2019enseignement, la police, les collectivit\u00e9s locales, la SNCF et m\u00eame dans les organes de presse. L\u2019ONLCI s\u2019\u00e9l\u00e8ve aussi contre la multiplication de la cyber-haine avec la diffusion massive de courriels et de publications qui propagent les pr\u00e9jug\u00e9s sur les musulmans.\u00a0<\/p>\n<p>\u201cDans ce climat malsain et indigne que nous vivons actuellement, il appartient \u00e0 chaque responsable\u00a0religieux, quelle\u00a0 que\u00a0 soit\u00a0 sa\u00a0 religion, de\u00a0 d\u00e9noncer\u00a0 le racisme, l\u2019antis\u00e9mitisme et l\u2019islamophobie\u201d, a soulign\u00e9 Abdellah Zekri, pour conclure le communiqu\u00e9.<br \/>\u00a0<\/p>\n<p class=\"c6\"><strong>De Paris : S. L.-K.<\/strong><\/p>\n<\/div>\n<div id=\"text_core\" readability=\"75\">\n<p>Dans un communiqu\u00e9 publi\u00e9 hier, l\u2019Observatoire national (fran\u00e7ais) de lutte contre l\u2019islamophobie (ONLCI) a d\u00e9plor\u00e9 la hausse des pratiques islamophobes en France. L\u2019organisation pr\u00e9sid\u00e9e par Abdellah Zekri, membre du Conseil fran\u00e7ais du culte musulman (CFCM) et chef de l\u2019Association des mozabites de France, a fait le bilan des actes recens\u00e9s l\u2019ann\u00e9e derni\u00e8re (154), notant une augmentation de 54% par rapport \u00e0 2018.\u00a0<\/p>\n<p>Les menaces contre les musulmans sont particuli\u00e8rement en hausse (+65%). Les lieux de culte et les cimeti\u00e8res ont \u00e9t\u00e9 \u00e9galement plus cibl\u00e9s avec +40% de profanations.\u00a0Outre l\u2019\u00eele de France, les actes antimusulmans ont eu lieu plus couramment dans le sud de la France o\u00f9 r\u00e9side une forte communaut\u00e9 de pieds-noirs, form\u00e9e par beaucoup de nostalgiques de l\u2019Alg\u00e9rie fran\u00e7aise.<\/p>\n<p>Selon l\u2019ONLCI, les actes d\u2019islamophobie qui ont \u00e9t\u00e9 comptabilis\u00e9s ne refl\u00e8tent pas la r\u00e9alit\u00e9 car les victimes, dont des\u00a0 responsables\u00a0 de lieux\u00a0 de\u00a0 culte,\u00a0 ne portent pas plainte, consid\u00e9rant \u201c\u00e0 tort ou \u00e0 raison que les enqu\u00eates n\u2019aboutissent pas\u201d.<\/p>\n<p>\u00c9voquant les discriminations confessionnelles, l\u2019Observatoire r\u00e9v\u00e8le avoir \u00e9t\u00e9 saisi\u00a0 par\u00a0 des\u00a0 Fran\u00e7ais\u00a0 de\u00a0 confession\u00a0 musulmane,\u00a0 des\u00a0 femmes\u00a0 et\u00a0 \u00a0des hommes\u00a0 \u00a0victimes\u00a0 de\u00a0 discrimination\u00a0 d\u2019origine\u00a0 institutionnelle,\u00a0 dans l\u2019enseignement, la police, les collectivit\u00e9s locales, la SNCF et m\u00eame dans les organes de presse. L\u2019ONLCI s\u2019\u00e9l\u00e8ve aussi contre la multiplication de la cyber-haine avec la diffusion massive de courriels et de publications qui propagent les pr\u00e9jug\u00e9s sur les musulmans.\u00a0<\/p>\n<p>\u201cDans ce climat malsain et indigne que nous vivons actuellement, il appartient \u00e0 chaque responsable\u00a0religieux, quelle\u00a0 que\u00a0 soit\u00a0 sa\u00a0 religion, de\u00a0 d\u00e9noncer\u00a0 le racisme, l\u2019antis\u00e9mitisme et l\u2019islamophobie\u201d, a soulign\u00e9 Abdellah Zekri, pour conclure le communiqu\u00e9.<br \/>\u00a0<\/p>\n<p class=\"c6\"><strong>De Paris : S. L.-K.<\/strong><\/p>\n<\/div>\n<p>Auteur:<br \/>\n<a href=\"https:\/\/www.liberte-algerie.com\/actualite\/france-les-actes-antimusulmans-ont-augmente-de-moitie-332823\">Cliquez ici pour lire l&rsquo;article depuis sa source.<\/a><\/p>\n","protected":false},"excerpt":{"rendered":"<p>Dans un communiqu\u00e9 publi\u00e9 hier, l\u2019Observatoire national (fran\u00e7ais) de lutte contre l\u2019islamophobie (ONLCI) a d\u00e9plor\u00e9 la hausse des pratiques islamophobes en France. L\u2019organisation pr\u00e9sid\u00e9e par Abdellah Zekri, membre du Conseil fran\u00e7ais du culte musulman (CFCM) et chef de l\u2019Association des mozabites de France, a fait le bilan des actes recens\u00e9s l\u2019ann\u00e9e derni\u00e8re (154), notant une [&hellip;]<\/p>\n","protected":false},"author":1742,"featured_media":0,"comment_status":"closed","ping_status":"closed","sticky":false,"template":"","format":"standard","meta":{"fifu_image_url":"","fifu_image_alt":"","footnotes":""},"categories":[73,53],"tags":[],"class_list":["post-74512","post","type-post","status-publish","format-standard","hentry","category-actualite","category-algerie"],"_links":{"self":[{"href":"https:\/\/linitiative.ca\/International\/wp-json\/wp\/v2\/posts\/74512","targetHints":{"allow":["GET"]}}],"collection":[{"href":"https:\/\/linitiative.ca\/International\/wp-json\/wp\/v2\/posts"}],"about":[{"href":"https:\/\/linitiative.ca\/International\/wp-json\/wp\/v2\/types\/post"}],"author":[{"embeddable":true,"href":"https:\/\/linitiative.ca\/International\/wp-json\/wp\/v2\/users\/1742"}],"replies":[{"embeddable":true,"href":"https:\/\/linitiative.ca\/International\/wp-json\/wp\/v2\/comments?post=74512"}],"version-history":[{"count":0,"href":"https:\/\/linitiative.ca\/International\/wp-json\/wp\/v2\/posts\/74512\/revisions"}],"wp:attachment":[{"href":"https:\/\/linitiative.ca\/International\/wp-json\/wp\/v2\/media?parent=74512"}],"wp:term":[{"taxonomy":"category","embeddable":true,"href":"https:\/\/linitiative.ca\/International\/wp-json\/wp\/v2\/categories?post=74512"},{"taxonomy":"post_tag","embeddable":true,"href":"https:\/\/linitiative.ca\/International\/wp-json\/wp\/v2\/tags?post=74512"}],"curies":[{"name":"wp","href":"https:\/\/api.w.org\/{rel}","templated":true}]}}