{"id":74532,"date":"2020-01-29T04:20:00","date_gmt":"2020-01-29T09:20:00","guid":{"rendered":"https:\/\/linitiative.ca\/International\/programme-de-financement-des-entreprises-coup-denvoi-royal\/"},"modified":"2020-01-29T04:20:00","modified_gmt":"2020-01-29T09:20:00","slug":"programme-de-financement-des-entreprises-coup-denvoi-royal","status":"publish","type":"post","link":"https:\/\/linitiative.ca\/International\/programme-de-financement-des-entreprises-coup-denvoi-royal\/","title":{"rendered":"Programme de financement des entreprises: Coup d\u2019envoi royal"},"content":{"rendered":"<p class=\"rtejustify\">Le Roi a pr\u00e9sid\u00e9,\u00a0 lundi 27 janvier, la c\u00e9r\u00e9monie de pr\u00e9sentation du Programme int\u00e9gr\u00e9 d\u2019appui et de financement des entreprises, en pr\u00e9sence du ministre des Finances, Mohamed Bencha\u00e2boun, du wali de Bank Al-Maghrib, Abdellatif Jouahri et du pr\u00e9sident du GPBM, Othman Benjelloun. Dans son expos\u00e9, le ministre des Finances a assur\u00e9 que son d\u00e9partement adoptera, en collaboration avec BAM et le secteur bancaire,\u00a0 \u00abune approche davantage volontariste\u00bb, notamment en termes de simplification des proc\u00e9dures, de r\u00e9duction des co\u00fbts des cr\u00e9dits et de facilitation des conditions de garanties en \u00e9liminant les garanties personnelles. Il a aussi indiqu\u00e9 que le programme \u00abcontribuera chaque ann\u00e9e \u00e0 la cr\u00e9ation d\u2019environ 27.000 nouveaux postes d\u2019emplois et \u00e0 l\u2019accompagnement de 13.500 entreprises suppl\u00e9mentaires\u00bb.<\/p>\n<p class=\"rtejustify\"><em>E.M.G.<\/em><\/p>\n<p>Auteur: hlafriqi<br \/>\n<a href=\"https:\/\/www.leconomiste.com\/article\/1056463-programme-de-financement-des-entreprises-coup-d-envoi-royal\">Cliquez ici pour lire l&rsquo;article depuis sa source.<\/a><\/p>\n","protected":false},"excerpt":{"rendered":"<p>Le Roi a pr\u00e9sid\u00e9,\u00a0 lundi 27 janvier, la c\u00e9r\u00e9monie de pr\u00e9sentation du Programme int\u00e9gr\u00e9 d\u2019appui et de financement des entreprises, en pr\u00e9sence du ministre des Finances, Mohamed Bencha\u00e2boun, du wali de Bank Al-Maghrib, Abdellatif Jouahri et du pr\u00e9sident du GPBM, Othman Benjelloun. Dans son expos\u00e9, le ministre des Finances a assur\u00e9 que son d\u00e9partement adoptera, [&hellip;]<\/p>\n","protected":false},"author":1763,"featured_media":0,"comment_status":"closed","ping_status":"closed","sticky":false,"template":"","format":"standard","meta":{"fifu_image_url":"","fifu_image_alt":"","footnotes":""},"categories":[78,54],"tags":[],"class_list":["post-74532","post","type-post","status-publish","format-standard","hentry","category-economie","category-maroc"],"_links":{"self":[{"href":"https:\/\/linitiative.ca\/International\/wp-json\/wp\/v2\/posts\/74532","targetHints":{"allow":["GET"]}}],"collection":[{"href":"https:\/\/linitiative.ca\/International\/wp-json\/wp\/v2\/posts"}],"about":[{"href":"https:\/\/linitiative.ca\/International\/wp-json\/wp\/v2\/types\/post"}],"author":[{"embeddable":true,"href":"https:\/\/linitiative.ca\/International\/wp-json\/wp\/v2\/users\/1763"}],"replies":[{"embeddable":true,"href":"https:\/\/linitiative.ca\/International\/wp-json\/wp\/v2\/comments?post=74532"}],"version-history":[{"count":0,"href":"https:\/\/linitiative.ca\/International\/wp-json\/wp\/v2\/posts\/74532\/revisions"}],"wp:attachment":[{"href":"https:\/\/linitiative.ca\/International\/wp-json\/wp\/v2\/media?parent=74532"}],"wp:term":[{"taxonomy":"category","embeddable":true,"href":"https:\/\/linitiative.ca\/International\/wp-json\/wp\/v2\/categories?post=74532"},{"taxonomy":"post_tag","embeddable":true,"href":"https:\/\/linitiative.ca\/International\/wp-json\/wp\/v2\/tags?post=74532"}],"curies":[{"name":"wp","href":"https:\/\/api.w.org\/{rel}","templated":true}]}}