{"id":74563,"date":"2020-01-28T16:00:00","date_gmt":"2020-01-28T21:00:00","guid":{"rendered":"https:\/\/linitiative.ca\/International\/tebboune-lanp-a-epargne-au-pays-un-effondrement-de-letat\/"},"modified":"2020-01-28T16:00:00","modified_gmt":"2020-01-28T21:00:00","slug":"tebboune-lanp-a-epargne-au-pays-un-effondrement-de-letat","status":"publish","type":"post","link":"https:\/\/linitiative.ca\/International\/tebboune-lanp-a-epargne-au-pays-un-effondrement-de-letat\/","title":{"rendered":"Tebboune : L&rsquo;ANP a \u00e9pargn\u00e9 au pays un effondrement de l&rsquo;Etat"},"content":{"rendered":"<p><br class=\"autobr\"\/><br \/>\nLe Pr\u00e9sident de la R\u00e9publique, M.\u00a0Abdelmadjid Tebboune affirm\u00e9 mardi que l\u2019arm\u00e9e a pr\u00e9muni le pays contre \u00ab\u00a0un effondrement de l\u2019Etat national\u00a0\u00bb en r\u00e9f\u00e9rence \u00e0 la crise politique dans le paus qui a conduit \u00e0 la chute du r\u00e9gime du pr\u00e9sident d\u00e9chu Abdelaziz Bouteflika en avril 2019.<\/p>\n<p><br class=\"autobr\"\/><br \/>\n\u00ab\u00a0Vous avez \u00e9pargn\u00e9 au pays les affres de l\u2019effondrement de l\u2019Etat national et d\u2019un retour \u00e0 la trag\u00e9die des ann\u00e9es 1990, comme l\u2019avaient planifi\u00e9 les forces du mal et du chaos\u00a0\u00bb, a lanc\u00e9 le pr\u00e9sident Tebboune au cours d\u2019une visite au si\u00e8ge du minist\u00e8re de la D\u00e9fense nationale (MDN), aux Tagarins, sur les hauteurs d\u2019Alger.<br \/>Saluant le commandement, \u00e0 chaque soldat, sous-officier et officier de la glorieuse Arm\u00e9e nationale populaire (ANP), digne h\u00e9riti\u00e8re de l\u2019Arm\u00e9e de lib\u00e9ration nationale (ALN), il a ajout\u00e9 \u00e0 l\u2019endroit des militaires\u00a0: \u00ab\u00a0Vous avez prot\u00e9g\u00e9 le peuple alg\u00e9rien lors de ses marches \u00e9minemment civilis\u00e9es dans son Hirak b\u00e9ni, qui a provoqu\u00e9 la chute de la bande qui a fait sombrer le pays dans la d\u00e9liquescence et la m\u00e9diocrit\u00e9 et confisqu\u00e9 la volont\u00e9 du peuple et les richesses dont Dieu l\u2019a gratifi\u00e9\u00a0\u00bb.<\/p>\n<p><br class=\"autobr\"\/><br \/>\nSe f\u00e9licitant de \u00ab\u00a0la communion totale avec le peuple\u00a0\u00bb, il a affirm\u00e9 que \u00ab\u00a0ceci a permis de mener notre ch\u00e8re patrie \u00e0 bon port, \u00e0 travers une \u00e9lection libre et r\u00e9guli\u00e8re sous le slogan populaire +Djeich, cha\u00e2b khaoua khaoua+ (Arm\u00e9e et peuple sont fr\u00e8res)\u00a0\u00bb.<\/p>\n<p><br class=\"autobr\"\/><br \/>\n\u00ab\u00a0Vous \u00eates les d\u00e9fenseurs de la patrie\u00a0\u00bb, a encore dit le Pr\u00e9sident de la R\u00e9publique aux \u00e9l\u00e9ments de l\u2019ANP apr\u00e8s leur avoir adress\u00e9 ses remerciements pour \u00ab\u00a0cette r\u00e9alisation nationale constitutionnelle d\u00e9mocratique novembriste\u00a0\u00bb.<\/p>\n<p><br class=\"autobr\"\/><br \/>\nLe Pr\u00e9sident Tebboune a tenu \u00e0 cette occasion \u00e0 saluer \u00ab\u00a0les soldats, sous-officiers et officiers stationn\u00e9s aux fronti\u00e8res\u00a0\u00bb, soulignant qu\u2019\u00a0\u00bbils font face \u00e0 des p\u00e9rils que seuls des hommes braves et intr\u00e9pides peuvent endurer, afin de pr\u00e9server notre ch\u00e8re patrie et de prot\u00e9ger son int\u00e9grit\u00e9 territoriale, en fid\u00e9lit\u00e9 au serment fait aux valeureux martyrs et vaillants moudjahidine\u00a0\u00bb.<br \/>Le pr\u00e9sident Tebboune s\u2019est exprim\u00e9 devant le haut commandement de l\u2019arm\u00e9e dans une allocution qui a \u00e9t\u00e9 suivie via vis\u00e9oconf\u00e9rence par les \u00e9l\u00e8ments de l\u2019ANP.<\/p>\n<p>Auteur: Boudjedri<br \/>\n<a href=\"http:\/\/www.jeune-independant.net\/Tebboune-L-ANP-a-epargne-au-pays.html\">Cliquez ici pour lire l&rsquo;article depuis sa source.<\/a><\/p>\n","protected":false},"excerpt":{"rendered":"<p>Le Pr\u00e9sident de la R\u00e9publique, M.\u00a0Abdelmadjid Tebboune affirm\u00e9 mardi que l\u2019arm\u00e9e a pr\u00e9muni le pays contre \u00ab\u00a0un effondrement de l\u2019Etat national\u00a0\u00bb en r\u00e9f\u00e9rence \u00e0 la crise politique dans le paus qui a conduit \u00e0 la chute du r\u00e9gime du pr\u00e9sident d\u00e9chu Abdelaziz Bouteflika en avril 2019. \u00ab\u00a0Vous avez \u00e9pargn\u00e9 au pays les affres de l\u2019effondrement [&hellip;]<\/p>\n","protected":false},"author":1737,"featured_media":0,"comment_status":"closed","ping_status":"closed","sticky":false,"template":"","format":"standard","meta":{"fifu_image_url":"","fifu_image_alt":"","footnotes":""},"categories":[73,53],"tags":[],"class_list":["post-74563","post","type-post","status-publish","format-standard","hentry","category-actualite","category-algerie"],"_links":{"self":[{"href":"https:\/\/linitiative.ca\/International\/wp-json\/wp\/v2\/posts\/74563","targetHints":{"allow":["GET"]}}],"collection":[{"href":"https:\/\/linitiative.ca\/International\/wp-json\/wp\/v2\/posts"}],"about":[{"href":"https:\/\/linitiative.ca\/International\/wp-json\/wp\/v2\/types\/post"}],"author":[{"embeddable":true,"href":"https:\/\/linitiative.ca\/International\/wp-json\/wp\/v2\/users\/1737"}],"replies":[{"embeddable":true,"href":"https:\/\/linitiative.ca\/International\/wp-json\/wp\/v2\/comments?post=74563"}],"version-history":[{"count":0,"href":"https:\/\/linitiative.ca\/International\/wp-json\/wp\/v2\/posts\/74563\/revisions"}],"wp:attachment":[{"href":"https:\/\/linitiative.ca\/International\/wp-json\/wp\/v2\/media?parent=74563"}],"wp:term":[{"taxonomy":"category","embeddable":true,"href":"https:\/\/linitiative.ca\/International\/wp-json\/wp\/v2\/categories?post=74563"},{"taxonomy":"post_tag","embeddable":true,"href":"https:\/\/linitiative.ca\/International\/wp-json\/wp\/v2\/tags?post=74563"}],"curies":[{"name":"wp","href":"https:\/\/api.w.org\/{rel}","templated":true}]}}