{"id":74564,"date":"2020-01-28T16:30:00","date_gmt":"2020-01-28T21:30:00","guid":{"rendered":"https:\/\/linitiative.ca\/International\/tebboune-decide-a-promouvoir-les-industries-militaires\/"},"modified":"2020-01-28T16:30:00","modified_gmt":"2020-01-28T21:30:00","slug":"tebboune-decide-a-promouvoir-les-industries-militaires","status":"publish","type":"post","link":"https:\/\/linitiative.ca\/International\/tebboune-decide-a-promouvoir-les-industries-militaires\/","title":{"rendered":"Tebboune d\u00e9cid\u00e9 \u00e0 promouvoir les industries militaires"},"content":{"rendered":"<p><br class=\"autobr\"\/><em>Le Pr\u00e9sident de la R\u00e9publique, M.\u00a0Abdelmadjid Tebboune, est d\u00e9cid\u00e9 de promouvoir les industries militaires afin de d\u00e9velopper les capacit\u00e9s de l\u2019Arm\u00e9e \u00ab\u00a0\u00e0 la lumi\u00e8re des nouveaux d\u00e9fis s\u00e9curitaires dans les pays voisins\u00a0\u00bb.<\/em><\/p>\n<p><br class=\"autobr\"\/><br \/>\nAu cours d\u2019une visite au si\u00e8ge du minist\u00e8re de la D\u00e9fense nationale (MDN), aux Tagarins, sur les hauteurs d\u2019Alger ce mardi, le Pr\u00e9sident de la R\u00e9publique a mis l\u2019accent sur l\u2019imp\u00e9ratif de \u00ab\u00a0d\u00e9velopper les capacit\u00e9s de l\u2019Arm\u00e9e nationale populaire au regard de l\u2019immensit\u00e9 de notre pays \u00e0 la lumi\u00e8re des nouveaux d\u00e9fis s\u00e9curitaires dans les pays voisins et qui impliquent le renforcement des capacit\u00e9s de d\u00e9fense face \u00e0 l\u2019afflux d\u2019armes dans les zones de tensions autour de nos fronti\u00e8res\u00a0\u00bb.<\/p>\n<p><br class=\"autobr\"\/><br \/>\n\u00ab\u00a0Nous poursuivrons la mise en \u0153uvre des programmes de d\u00e9veloppement des forces pour hisser le niveau des capacit\u00e9s de combat avec les diff\u00e9rents partenaires, de m\u00eame que nous poursuivrons les efforts de maintien de la disponibilit\u00e9, de renouvellement et de modernisation des \u00e9quipements militaires\u00a0\u00bb, a assur\u00e9\u00a0le chef de l\u2019Etat dans une allocution en pr\u00e9sence du G\u00e9n\u00e9ral-Major Sa\u00efd Chanegriha, chef d\u2019Etat-Major de l\u2019Arm\u00e9e nationale populaire par int\u00e9rim et de cadres du MDN et suivie par les \u00e9l\u00e9ments de l\u2019ANP par vid\u00e9oconf\u00e9rence.<\/p>\n<p><br class=\"autobr\"\/><br \/>\nSelon Tebboune, le d\u00e9veloppement des capacit\u00e9s de l\u2019ANP \u00ab\u00a0garantit, la s\u00e9curisation des zones abritant des installations industrielles, \u00e9conomiques et \u00e9nerg\u00e9tiques n\u00e9vralgiques, notamment dans le Grand Sud\u00a0\u00bb.<\/p>\n<p><br class=\"autobr\"\/><br \/>\nLe Pr\u00e9sident Tebboune a fait savoir qu\u2019il s\u2019attelera \u00ab\u00a0au renforcement des contingents de pr\u00e9servation et de s\u00e9curisation des fronti\u00e8res nationales avec les sept pays voisins en mat\u00e9riels et \u00e9quipements modernes, notamment dans les domaines de la reconnaissance et de la guerre \u00e9lectronique, en vue de garantir la d\u00e9tection pr\u00e9coce de toute menace, quelles qu\u2019en soient la nature et la provenance.<\/p>\n<p><br class=\"autobr\"\/><br \/>\nPour ce faire, Tebboune a soulign\u00e9 qu\u2019il accordera \u00ab\u00a0une importance majeure\u00a0\u00bb \u00e0 la promotion des industries militaires \u00ab\u00a0en vue d\u2019intensifier davantage le tissu industriel national, de satisfaire les besoins des diff\u00e9rentes composantes des forces arm\u00e9es et du march\u00e9 national et de contribuer au d\u00e9veloppement de l\u2019\u00e9conomie nationale et \u00e0 la cr\u00e9ation de postes d\u2019emploi\u00a0\u00bb, et ce, \u00e0 travers \u00ab\u00a0des contrats de partenariat industriel s\u00e9rieux entre les secteurs civil et militaire en y associant les universit\u00e9s et les centres de recherche et de d\u00e9veloppement\u00a0\u00bb.<\/p>\n<p><br class=\"autobr\"\/><br \/>\nAffirmant que de tels objectifs \u00ab\u00a0ne sauraient \u00eatre atteints qu\u2019\u00e0 travers la formation de la ressource humaine militaire\u00a0\u00bb, le Pr\u00e9sident Tebboune s\u2019est engag\u00e9 \u00e0 poursuivre \u00ab\u00a0le perfectionnement de la formation et des programmes d\u2019enseignement dans les diff\u00e9rentes \u00e9coles de l\u2019Arm\u00e9e \u00e0 travers l\u2019adoption de m\u00e9thodes p\u00e9dagogiques scientifiques modernes au diapason des d\u00e9veloppements technologiques dans les arm\u00e9es du monde\u00a0\u00bb.<\/p>\n<p><br class=\"autobr\"\/><br \/>\nDans le m\u00eame contexte, il a estim\u00e9 que \u00ab\u00a0le niveau des programmes de d\u00e9veloppement et de modernisation des capacit\u00e9s de combat ne peut \u00eatre \u00e9valu\u00e9 qu\u2019\u00e0 travers des exercices de terrain\u00a0\u00bb, faisant part de sa volont\u00e9 de \u00ab\u00a0dynamiser la coop\u00e9ration militaire avec nos diff\u00e9rents partenaires \u00e9trangers\u00a0\u00bb.<\/p>\n<p><br class=\"autobr\"\/><br \/>\nIl a, \u00e0 ce propos, qualifi\u00e9 \u00ab\u00a0d\u2019importance majeure, la poursuite de la sensibilisation et de la formation morale des effectifs afin de consolider leur sens du patriotisme, leur fiert\u00e9 des valeurs et principes novembristes et leur fid\u00e9lit\u00e9 au serment fait \u00e0 nos valeureux Chouhada de pr\u00e9server l\u2019ind\u00e9pendance, la souverainet\u00e9 nationale et l\u2019int\u00e9grit\u00e9 territoriale et populaire de l\u2019Alg\u00e9rie, outre leur protection contre les diff\u00e9rents fl\u00e9aux et leurs impacts\u00a0\u00bb.<\/p>\n<p><br class=\"autobr\"\/><strong>Prise en charge des revendications des retrait\u00e9s<\/strong><br \/>Le Pr\u00e9sident de la R\u00e9publique s\u2019est aussi engag\u00e9 en faveur de \u00ab\u00a0la prise en charge des revendications des retrait\u00e9s de l\u2019ANP et des invalides de la trag\u00e9die nationale pour clore ce dossier d\u00e9finitivement\u00a0\u00bb.<\/p>\n<p><br class=\"autobr\"\/><br \/>\n\u00a0<\/p>\n<p>Auteur: Boudjedri<br \/>\n<a href=\"http:\/\/www.jeune-independant.net\/Tebboune-decide-a-promouvoir-les.html\">Cliquez ici pour lire l&rsquo;article depuis sa source.<\/a><\/p>\n","protected":false},"excerpt":{"rendered":"<p>Le Pr\u00e9sident de la R\u00e9publique, M.\u00a0Abdelmadjid Tebboune, est d\u00e9cid\u00e9 de promouvoir les industries militaires afin de d\u00e9velopper les capacit\u00e9s de l\u2019Arm\u00e9e \u00ab\u00a0\u00e0 la lumi\u00e8re des nouveaux d\u00e9fis s\u00e9curitaires dans les pays voisins\u00a0\u00bb. Au cours d\u2019une visite au si\u00e8ge du minist\u00e8re de la D\u00e9fense nationale (MDN), aux Tagarins, sur les hauteurs d\u2019Alger ce mardi, le Pr\u00e9sident [&hellip;]<\/p>\n","protected":false},"author":1737,"featured_media":0,"comment_status":"closed","ping_status":"closed","sticky":false,"template":"","format":"standard","meta":{"fifu_image_url":"","fifu_image_alt":"","footnotes":""},"categories":[73,53],"tags":[],"class_list":["post-74564","post","type-post","status-publish","format-standard","hentry","category-actualite","category-algerie"],"_links":{"self":[{"href":"https:\/\/linitiative.ca\/International\/wp-json\/wp\/v2\/posts\/74564","targetHints":{"allow":["GET"]}}],"collection":[{"href":"https:\/\/linitiative.ca\/International\/wp-json\/wp\/v2\/posts"}],"about":[{"href":"https:\/\/linitiative.ca\/International\/wp-json\/wp\/v2\/types\/post"}],"author":[{"embeddable":true,"href":"https:\/\/linitiative.ca\/International\/wp-json\/wp\/v2\/users\/1737"}],"replies":[{"embeddable":true,"href":"https:\/\/linitiative.ca\/International\/wp-json\/wp\/v2\/comments?post=74564"}],"version-history":[{"count":0,"href":"https:\/\/linitiative.ca\/International\/wp-json\/wp\/v2\/posts\/74564\/revisions"}],"wp:attachment":[{"href":"https:\/\/linitiative.ca\/International\/wp-json\/wp\/v2\/media?parent=74564"}],"wp:term":[{"taxonomy":"category","embeddable":true,"href":"https:\/\/linitiative.ca\/International\/wp-json\/wp\/v2\/categories?post=74564"},{"taxonomy":"post_tag","embeddable":true,"href":"https:\/\/linitiative.ca\/International\/wp-json\/wp\/v2\/tags?post=74564"}],"curies":[{"name":"wp","href":"https:\/\/api.w.org\/{rel}","templated":true}]}}