{"id":74566,"date":"2020-01-28T22:39:38","date_gmt":"2020-01-29T03:39:38","guid":{"rendered":"https:\/\/linitiative.ca\/International\/les-couleurs-du-destin-entre-douceur-et-douleur\/"},"modified":"2020-01-28T22:39:38","modified_gmt":"2020-01-29T03:39:38","slug":"les-couleurs-du-destin-entre-douceur-et-douleur","status":"publish","type":"post","link":"https:\/\/linitiative.ca\/International\/les-couleurs-du-destin-entre-douceur-et-douleur\/","title":{"rendered":"\u00ab Les couleurs du destin \u00bb, entre douceur et douleur"},"content":{"rendered":"<p><em>Il ne jaillit ni de la mer, ni m\u00eame de la terre, plut\u00f4t de la cendre des m\u00e9moires damn\u00e9es par les ann\u00e9es de plomb o\u00f9 la parole \u00e9tait musel\u00e9e et le geste ankylos\u00e9, la peur au quotidien et l\u2019autre soi-m\u00eame comme ombre redoutable.<\/em><\/p>\n<p>Le terrorisme de la d\u00e9cennie noire associ\u00e9 au mal-vivre jalonn\u00e9 par le pouvoir en place et durant sont merveilleusement relat\u00e9s dans ce splendide roman portant douloureusement \u00ab\u00a0Les couleurs du destin\u00a0\u00bb comme titre.<br \/>Publi\u00e9 en janvier 2020 aux \u00e9ditions Sefraber (Editions Franco-Berb\u00e8res) sous l\u2019empreinte de \u00ab\u00a0Tumast Tazrigt Amazigh\u00a0\u00bb dirig\u00e9es par Monsieur Julien Pescheur et \u00e9crit par le duo Guerchouche Leulmia et Benkherief Kamel, \u00ab\u00a0Les couleurs du destin\u00a0\u00bb parle des douleurs du destin et du r\u00e9el dans un surr\u00e9el intimement consomm\u00e9.<br \/>D\u2019une \u00e9criture ouverte ayant rouvert les d\u00e9chirures pans\u00e9es, le lecteur retrouve et revit par des mots crus le v\u00e9cu d\u2019une jeune innocence fr\u00f4lant la fleur de l\u2019\u00e2ge.<br \/>Les sc\u00e8nes se d\u00e9roulent, en grande partie, \u00e0 Zouggara (Boumerd\u00e8s) dans le village natal de Sa\u00efda, et aussi \u00e0 Alger, \u00e0 l\u2019universit\u00e9 o\u00f9 celle-ci poursuivait ses \u00e9tudes. Sa\u00efda est au c\u0153ur de ce verbe sensible et passionn\u00e9ment li\u00e9 \u00e0 son sort. En demeurant subs\u00e9quemment concentr\u00e9 sur son personnage principal et dans les m\u00e9taphores architecturales du texte, ledit verbe dou\u00e9 de libert\u00e9 agit dans la r\u00e9ciprocit\u00e9 et dans l\u2019obligation de son initiatrice \u00e0 s\u2019affirmer, et ce, malgr\u00e9 les bleus et les entraves que la vie lui infligeait, et elle \u00e0 continuer \u00e0 construire et \u00e0 fa\u00e7onner difficilement son anticipation et \u00e9mancipation. Le seul baume au c\u0153ur auquel elle s\u2019inclinait reste son oreille qui s\u2019accoutumait \u00e0 entendre vanter sa beaut\u00e9 et sa puret\u00e9, le reste n\u2019\u00e9tait que langage laconique aux reflets qui l\u2019interpellaient.<br \/>Au fil de la lecture de ce r\u00e9cit sobre, puissant et lucide, on se laisse, de bon gr\u00e9, envahir l\u2019esprit par l\u2019arrogance et la moisissure de ce r\u00e9gime d\u00e9cisionnaire et totalitaire allant de pair avec les sanguinaires et les broyeurs des corps et des consciences.<br \/>Cette permissivit\u00e9 en soi n\u2019est nullement une tol\u00e9rance, plut\u00f4t une ext\u00e9riorisation inconsciemment voulue d\u2019une \u00e2me cherchant \u00e0 peser le tort et le bienfait sur une balance des \u00e8res modernes.<br \/>Dire que tout ce qui est contraire aux convenances sociales est \u00e0 bannir voire \u00e0 vomir\u2026 Le mariage forc\u00e9 auquel elle avait \u00e9chapp\u00e9 de justesse en allant se blottir dans les bras d\u2019un inconnu et sous l\u2019\u00e9gide d\u2019un toit choisi pour elle, restera hibern\u00e9 dans sa m\u00e9moire tant que les courants d\u2019air de souvenirs \u00e9taient endormis, mais qui se r\u00e9veilleraient au moindre chagrin.<br \/>La bont\u00e9 et la volont\u00e9 ont fait de Sa\u00efda une battante sachant r\u00e9sister aux attaques du temps. Bien que ses penchants ob\u00e9issaient parfois aux pr\u00e9jug\u00e9s sociaux mais son \u0153il demeurait toutefois sec face \u00e0 tout ce qui lui froissait le c\u0153ur. C\u2019est ainsi qu\u2019elle se ressaisissait en prenant le dessus sur tout. R\u00e9ceptive, elle \u00e9coute comme elle d\u00e9note le silence\u00a0; elle d\u00e9masque comme elle met au pied du mur les questions taboues. Rien n\u2019\u00e9chappe, en somme, ni \u00e0 elle, ni aux auteurs du roman accompagnant sa voix et l\u2019accompagnant sur sa voie. Les non-dits et la parole des minorit\u00e9s, celle des sans-voix et celle des sans-dents, l\u2019espoir renouvel\u00e9 et les projections redimensionn\u00e9es, tout ceci se lit d\u2019une traite en nous invitant au voyage reliant son village natal \u00e0 Boumerd\u00e8s o\u00f9 elle s\u2019est d\u00e9compos\u00e9e \u00e0 Paris o\u00f9 elle cherche \u00e0 se recomposer.<\/p>\n<p>Auteur: Boudjedri<br \/>\n<a href=\"http:\/\/www.jeune-independant.net\/Les-couleurs-du-destin-entre.html\">Cliquez ici pour lire l&rsquo;article depuis sa source.<\/a><\/p>\n","protected":false},"excerpt":{"rendered":"<p>Il ne jaillit ni de la mer, ni m\u00eame de la terre, plut\u00f4t de la cendre des m\u00e9moires damn\u00e9es par les ann\u00e9es de plomb o\u00f9 la parole \u00e9tait musel\u00e9e et le geste ankylos\u00e9, la peur au quotidien et l\u2019autre soi-m\u00eame comme ombre redoutable. Le terrorisme de la d\u00e9cennie noire associ\u00e9 au mal-vivre jalonn\u00e9 par le [&hellip;]<\/p>\n","protected":false},"author":1737,"featured_media":0,"comment_status":"closed","ping_status":"closed","sticky":false,"template":"","format":"standard","meta":{"fifu_image_url":"","fifu_image_alt":"","footnotes":""},"categories":[73,53],"tags":[],"class_list":["post-74566","post","type-post","status-publish","format-standard","hentry","category-actualite","category-algerie"],"_links":{"self":[{"href":"https:\/\/linitiative.ca\/International\/wp-json\/wp\/v2\/posts\/74566","targetHints":{"allow":["GET"]}}],"collection":[{"href":"https:\/\/linitiative.ca\/International\/wp-json\/wp\/v2\/posts"}],"about":[{"href":"https:\/\/linitiative.ca\/International\/wp-json\/wp\/v2\/types\/post"}],"author":[{"embeddable":true,"href":"https:\/\/linitiative.ca\/International\/wp-json\/wp\/v2\/users\/1737"}],"replies":[{"embeddable":true,"href":"https:\/\/linitiative.ca\/International\/wp-json\/wp\/v2\/comments?post=74566"}],"version-history":[{"count":0,"href":"https:\/\/linitiative.ca\/International\/wp-json\/wp\/v2\/posts\/74566\/revisions"}],"wp:attachment":[{"href":"https:\/\/linitiative.ca\/International\/wp-json\/wp\/v2\/media?parent=74566"}],"wp:term":[{"taxonomy":"category","embeddable":true,"href":"https:\/\/linitiative.ca\/International\/wp-json\/wp\/v2\/categories?post=74566"},{"taxonomy":"post_tag","embeddable":true,"href":"https:\/\/linitiative.ca\/International\/wp-json\/wp\/v2\/tags?post=74566"}],"curies":[{"name":"wp","href":"https:\/\/api.w.org\/{rel}","templated":true}]}}