{"id":74571,"date":"2020-01-29T04:25:47","date_gmt":"2020-01-29T09:25:47","guid":{"rendered":"https:\/\/linitiative.ca\/International\/la-loi-et-la-demagogie\/"},"modified":"2020-01-29T04:25:47","modified_gmt":"2020-01-29T09:25:47","slug":"la-loi-et-la-demagogie","status":"publish","type":"post","link":"https:\/\/linitiative.ca\/International\/la-loi-et-la-demagogie\/","title":{"rendered":"La loi et la d\u00e9magogie"},"content":{"rendered":"<h4 class=\"title-14\">Rep\u00e8re<\/h4>\n<p>Sur un ton et un regard courrouc\u00e9s, sans prendre de gants, un ministre s\u2019est violemment emport\u00e9 \u00e0 la t\u00e9l\u00e9vision. Ce qui n\u2019est pas dans les usages protocolaires de la R\u00e9publique.<\/p>\n<p>Ce ministre a promis de couper les t\u00eates \u00e0 ceux qu\u2019il a d\u00e9nomm\u00e9s la mafia du lait !<\/p>\n<p>Au-del\u00e0 de son caract\u00e8re d\u00e9magogique, cette posture est aux antipodes du nouveau paysage que les Alg\u00e9riens veulent instaurer, loin des envol\u00e9es violentes et populistes qui suscitent l\u2019\u00e9motion, en jetant le voile sur ce qui est attendu : un Etat de droit o\u00f9 force est \u00e0 la loi, rien qu\u2019\u00e0 la loi.<\/p>\n<p>On comprend pourquoi les masses r\u00e9clament de l\u2019Etat, derri\u00e8re ses lourds remparts, qu\u2019il ouvre les portes aux grands vents du changement qui tarde \u00e0 s\u2019annoncer.<\/p>\n<p>Et de nos jours, ce qui n\u2019est pas entrepris, ou ce qui l\u2019est d\u2019une mani\u00e8re peu engageante par un pouvoir qui appelle \u00e0 construire la d\u00e9mocratie dans les premiers mois de son av\u00e8nement, ne l\u2019est peut-\u00eatre, ensuite jamais plus !<\/p>\n<p>Pourtant, ce pouvoir a toute la latitude pour bien faire !<\/p>\n<p>Ne b\u00e9n\u00e9ficie-t-il pas d\u2019un Etat de gr\u00e2ce d\u2019une conjoncture favorable, suite \u00e0 l\u2019effondrement (salutaire) d\u2019un r\u00e9gime honni par le peuple, ce m\u00eame peuple qui continue encore de d\u00e9noncer son ignominie et ses travers gravissimes, et dont le d\u00e9voiement a gangren\u00e9 non seulement l\u2019\u00e9conomie et la politique, mais aussi les m\u0153urs et la morale ?<\/p>\n<p>Certes, le nouveau pouvoir a entrepris de d\u00e9miner les voies pour une gouvernance qui contente la majorit\u00e9 et dont les effets sensibles ne seront pas visibles dans l\u2019imm\u00e9diat.<\/p>\n<p>Cette \u00e9quation est cependant parasit\u00e9e par certains comportements hostiles qui ruinent la confiance mutuelle et font se lever les risques d\u2019une instabilit\u00e9. `<\/p>\n<p>L\u2019arrachement au pass\u00e9 exige du pouvoir actuel de rompre d\u00e9finitivement et irr\u00e9versiblement avec les pratiques ant\u00e9rieures et les milieux impliqu\u00e9s dans le d\u00e9sastre national.<\/p>\n<p>Les masses d\u00e9sillusionn\u00e9es revendiquent leurs droits l\u00e9gitimes de libert\u00e9, de d\u00e9mocratie, d\u2019\u00e9galit\u00e9 en esp\u00e9rant un sursaut pour corriger les effarantes r\u00e9gressions en contestant fermement leurs repr\u00e9sentativit\u00e9s dans les enceintes idoines.<\/p>\n<p>La longue d\u00e9liquescence de l\u2019Etat a sans doute laiss\u00e9 prolif\u00e9rer les illusions d\u2019un Etat nourricier, figure tut\u00e9laire et protectrice, non sans arri\u00e8re-pens\u00e9es politiciennes. Sortir du postulat de la paix sociale \u00e0 tout prix est aussi, sans conteste, le meilleur moyen d\u2019avancer. Le constat est que les partis se sont av\u00e9r\u00e9s des machines \u00e0 client\u00e8le politique, sans ancrage populaire, qui se sont \u00e9rig\u00e9s en viviers pour des places privil\u00e9gi\u00e9es, sans plus.<\/p>\n<p>Quant au Parlement, on sait ce qu\u2019il vaut, empli d\u2019\u00ab\u00e9lus\u00bb qui avaient, lors des r\u00e9centes \u00e9lections, d\u00e9savou\u00e9 le programme du candidat, futur Pr\u00e9sident. La logique impose une r\u00e9novation institutionnelle, qui passe par la dissolution des deux Chambres du Parlement.<\/p>\n<p>Ce Parlement qui n\u2019a jamais donn\u00e9 au peuple, ne serait-ce qu\u2019une fois, une id\u00e9e de son avenir. Mais comme dirait le po\u00e8te : \u00abL\u2019avenir, pour les hommes \u2018\u2018politiques\u2019\u2019, reste la grande cause des infortun\u00e9s.\u00bb<br \/>Le mot \u00abmaghboun\u00bb qualifiant le peuple, utilis\u00e9 par le pr\u00e9sident Tebboune lors de sa campagne \u00e9lectorale, n\u2019est ici nullement fortuit ni d\u00e9plac\u00e9 !<\/p>\n<p>Mais \u00e7a c\u2019est le pass\u00e9. Et le rituel de la plainte comme exutoire \u00e0 ses renoncements, le peuple l\u2019a d\u00e9pass\u00e9 depuis qu\u2019il a renou\u00e9 avec le souffle de la libert\u00e9 qui s\u2019est manifest\u00e9 un certain 22 f\u00e9vrier 2019.<\/p>\n<p><span class=\"post-views-label\">Post Views:<\/span> <span class=\"post-views-count\">871<\/span><\/p>\n<p><br class=\"c2\"\/><\/p>\n<p>Auteur: Hicham Chouadria<br \/>\n<a href=\"https:\/\/www.elwatan.com\/edition\/actualite\/la-loi-et-la-demagogie-29-01-2020\">Cliquez ici pour lire l&rsquo;article depuis sa source.<\/a><\/p>\n","protected":false},"excerpt":{"rendered":"<p>Rep\u00e8re Sur un ton et un regard courrouc\u00e9s, sans prendre de gants, un ministre s\u2019est violemment emport\u00e9 \u00e0 la t\u00e9l\u00e9vision. Ce qui n\u2019est pas dans les usages protocolaires de la R\u00e9publique. Ce ministre a promis de couper les t\u00eates \u00e0 ceux qu\u2019il a d\u00e9nomm\u00e9s la mafia du lait ! Au-del\u00e0 de son caract\u00e8re d\u00e9magogique, cette [&hellip;]<\/p>\n","protected":false},"author":1743,"featured_media":0,"comment_status":"closed","ping_status":"closed","sticky":false,"template":"","format":"standard","meta":{"fifu_image_url":"","fifu_image_alt":"","footnotes":""},"categories":[73,53],"tags":[],"class_list":["post-74571","post","type-post","status-publish","format-standard","hentry","category-actualite","category-algerie"],"_links":{"self":[{"href":"https:\/\/linitiative.ca\/International\/wp-json\/wp\/v2\/posts\/74571","targetHints":{"allow":["GET"]}}],"collection":[{"href":"https:\/\/linitiative.ca\/International\/wp-json\/wp\/v2\/posts"}],"about":[{"href":"https:\/\/linitiative.ca\/International\/wp-json\/wp\/v2\/types\/post"}],"author":[{"embeddable":true,"href":"https:\/\/linitiative.ca\/International\/wp-json\/wp\/v2\/users\/1743"}],"replies":[{"embeddable":true,"href":"https:\/\/linitiative.ca\/International\/wp-json\/wp\/v2\/comments?post=74571"}],"version-history":[{"count":0,"href":"https:\/\/linitiative.ca\/International\/wp-json\/wp\/v2\/posts\/74571\/revisions"}],"wp:attachment":[{"href":"https:\/\/linitiative.ca\/International\/wp-json\/wp\/v2\/media?parent=74571"}],"wp:term":[{"taxonomy":"category","embeddable":true,"href":"https:\/\/linitiative.ca\/International\/wp-json\/wp\/v2\/categories?post=74571"},{"taxonomy":"post_tag","embeddable":true,"href":"https:\/\/linitiative.ca\/International\/wp-json\/wp\/v2\/tags?post=74571"}],"curies":[{"name":"wp","href":"https:\/\/api.w.org\/{rel}","templated":true}]}}