{"id":74572,"date":"2020-01-29T04:28:25","date_gmt":"2020-01-29T09:28:25","guid":{"rendered":"https:\/\/linitiative.ca\/International\/dereglement-des-circuits-de-distribution-de-produits-alimentaires-lanca-pointe-une-serie-de-contraintes\/"},"modified":"2020-01-29T04:28:25","modified_gmt":"2020-01-29T09:28:25","slug":"dereglement-des-circuits-de-distribution-de-produits-alimentaires-lanca-pointe-une-serie-de-contraintes","status":"publish","type":"post","link":"https:\/\/linitiative.ca\/International\/dereglement-des-circuits-de-distribution-de-produits-alimentaires-lanca-pointe-une-serie-de-contraintes\/","title":{"rendered":"D\u00e9r\u00e8glement des circuits de distribution de produits alimentaires : L\u2019ANCA pointe une s\u00e9rie de contraintes"},"content":{"rendered":"<h4 class=\"title-14\"\/>\n<div class=\"featured_image\"><img loading=\"lazy\" decoding=\"async\" width=\"768\" height=\"508\" src=\"https:\/\/www.elwatan.com\/wp-content\/uploads\/2020\/01\/benouar-col-768x508.jpg\" class=\"attachment-post-thumbnail size-post-thumbnail wp-post-image\" alt=\"Boulenouar El Hadj Tahar\" srcset=\"https:\/\/www.elwatan.com\/wp-content\/uploads\/2020\/01\/benouar-col-768x508.jpg 768w, https:\/\/www.elwatan.com\/wp-content\/uploads\/2020\/01\/benouar-col-768x508-300x198.jpg 300w\" sizes=\"auto, (max-width: 768px) 100vw, 768px\"\/><span class=\"featured-image-caption\">El Hadj Tahar Boulenouar. Pr\u00e9sident de l\u2019Association nationale des commer\u00e7ants et artisans (ANCA)<\/span><\/div>\n<p>D\u00e9ficit en march\u00e9s de proximit\u00e9, instabilit\u00e9 de la production\u00a0agricole, informel\u2026 Le secteur du commerce est confront\u00e9 \u00e0 une multitude de contraintes, qui sont \u00e0 l\u2019origine du d\u00e9r\u00e8glement des circuits de distribution de produits alimentaires et agricoles, lequel, \u00e0 son tour, entra\u00eene des p\u00e9nuries fr\u00e9quentes. \u00abIl y a un important d\u00e9ficit en nombre de march\u00e9s en Alg\u00e9rie.<\/p>\n<p>Nous disposons de moins de 2000 march\u00e9s (gros, d\u00e9tail et proximit\u00e9) au niveau national, alors que la majorit\u00e9 des 1541 communes ne disposent pas de march\u00e9 de proximit\u00e9.<\/p>\n<p>Ce n\u2019est pas normal. Le manque d\u2019un nombre suffisant de march\u00e9s provoque des perturbations dans les circuits de distribution et favorise l\u2019expansion de l\u2019informel\u00bb, a estim\u00e9 Boulenouar El Hadj Tahar, pr\u00e9sident de l\u2019Association nationale des commer\u00e7ants et artisans (ANCA), joint hier par t\u00e9l\u00e9phone. Le secteur a besoin d\u2019au moins 500 nouveaux march\u00e9s, notamment de proximit\u00e9, selon lui.<\/p>\n<p>Il a d\u00e9plor\u00e9 la fermeture de plus de 30\u00a0000 locaux \u00e0 travers de nombreuses r\u00e9gions du pays. \u00abDans de nouvelles cit\u00e9s, certains locaux sont ferm\u00e9s depuis 5, voire 10 ans. Ils sont soit mal attribu\u00e9s \u00e0 des personnes non professionnelles, soit mis en location \u00e0 des prix prohibitifs que personne ne peut louer. C\u2019est une perte pour l\u2019\u00e9conomie et elle encourage aussi l\u2019informel. Il faut revoir la distribution de ces locaux et les c\u00e9der en location-vente aux commer\u00e7ants\u00bb, a-t-il soulign\u00e9.<\/p>\n<p>Autre probl\u00e8me\u00a0: l\u2019instabilit\u00e9 de la production agricole et de l\u2019approvisionnement provoque, elle aussi, des p\u00e9nuries de produits agricoles ou laitiers. \u00abOn n\u2019a pas aussi une production agricole stable. Donc, on ne peut pas garantir la stabilit\u00e9 de la distribution. Lorsque l\u2019on n\u2019a pas une production stable, on ne peut pas aussi garantir la stabilit\u00e9 des prix\u00bb, a-t-il ajout\u00e9, insistant sur la n\u00e9cessit\u00e9 de stabiliser la production agricole et de l\u2019approvisionnement des commer\u00e7ants.<\/p>\n<p>L\u2019autre contrainte soulev\u00e9e est li\u00e9e \u00e0 l\u2019\u00e9conomie informelle, qui\u00a0repr\u00e9sente officiellement \u00a040% du PIB de l\u2019Alg\u00e9rie. \u00abLe march\u00e9 noir non seulement nuit \u00e0 l\u2019\u00e9conomie nationale, mais nuit aussi aux commer\u00e7ants qui travaillent dans la l\u00e9galit\u00e9. La majorit\u00e9 des commer\u00e7ants n\u2019en peuvent plus de la concurrence d\u00e9loyale exerc\u00e9e par les marchands informels\u00bb, a not\u00e9 le pr\u00e9sident de l\u2019ANCA, recommandant \u00e0 l\u2019Etat d\u2019\u00e9radiquer les \u00absources\u00bb du march\u00e9 informel, \u00e0 savoir les importateurs ou producteurs ind\u00e9licats.<\/p>\n<p>En outre, les commer\u00e7ants se plaignent de la fiscalit\u00e9 et du syst\u00e8me d\u2019imposition appliqu\u00e9s, qui sanctionnent ceux qui activent dans la l\u00e9galit\u00e9, avec un registre du commerce. \u00abTrop d\u2019imp\u00f4ts tue l\u2019imp\u00f4t. Il faut r\u00e9viser la fiscalit\u00e9\u00bb, a r\u00e9clam\u00e9 Boulenouar, assurant que \u00abla pression\u00bb fiscale n\u2019incite gu\u00e8re les marchands activant dans la sph\u00e8re informelle \u00e0 int\u00e9grer l\u2019\u00e9conomie l\u00e9gale. Interrog\u00e9 au sujet du caract\u00e8re \u00abpopuliste\u00bb de la r\u00e9cente d\u00e9claration du ministre du Commerce, le pr\u00e9sident de l\u2019ANCA a apport\u00e9 son soutien \u00e0 la d\u00e9marche du ministre, qui a affich\u00e9 sa volont\u00e9 de lutter contre \u00abla mafia du lait\u00bb qui s\u2019est incrust\u00e9e dans le circuit de distribution. \u00abPopuliste ou pas, nous soutenons sa d\u00e9marche. D\u2019un c\u00f4t\u00e9, l\u2019Etat subventionne la poudre de lait import\u00e9e et, de l\u2019autre, les commer\u00e7ants se plaignent des quantit\u00e9s insuffisantes.<\/p>\n<p>Ceci d\u00e9montre qu\u2019il y a une mafia qui d\u00e9tourne le lait, tout comme celle de la farine. Nous pensons qu\u2019une partie de la poudre de lait import\u00e9e essentiellement pour la fabrication de lait en sachet est d\u00e9tourn\u00e9e pour la fabrication de produits laitiers et fromagers\u00bb, a-t-il conclu.<\/p>\n<p><span class=\"post-views-label\">Post Views:<\/span> <span class=\"post-views-count\">685<\/span><\/p>\n<p><br class=\"c2\"\/><\/p>\n<p>Auteur: Hicham Chouadria<br \/>\n<a href=\"https:\/\/www.elwatan.com\/edition\/actualite\/dereglement-des-circuits-de-distribution-de-produits-alimentaires-lanca-pointe-une-serie-de-contraintes-29-01-2020\">Cliquez ici pour lire l&rsquo;article depuis sa source.<\/a><\/p>\n","protected":false},"excerpt":{"rendered":"<p>El Hadj Tahar Boulenouar. Pr\u00e9sident de l\u2019Association nationale des commer\u00e7ants et artisans (ANCA) D\u00e9ficit en march\u00e9s de proximit\u00e9, instabilit\u00e9 de la production\u00a0agricole, informel\u2026 Le secteur du commerce est confront\u00e9 \u00e0 une multitude de contraintes, qui sont \u00e0 l\u2019origine du d\u00e9r\u00e8glement des circuits de distribution de produits alimentaires et agricoles, lequel, \u00e0 son tour, entra\u00eene des [&hellip;]<\/p>\n","protected":false},"author":1743,"featured_media":74573,"comment_status":"closed","ping_status":"closed","sticky":false,"template":"","format":"standard","meta":{"fifu_image_url":"","fifu_image_alt":"","footnotes":""},"categories":[73,53],"tags":[],"class_list":["post-74572","post","type-post","status-publish","format-standard","has-post-thumbnail","hentry","category-actualite","category-algerie"],"_links":{"self":[{"href":"https:\/\/linitiative.ca\/International\/wp-json\/wp\/v2\/posts\/74572","targetHints":{"allow":["GET"]}}],"collection":[{"href":"https:\/\/linitiative.ca\/International\/wp-json\/wp\/v2\/posts"}],"about":[{"href":"https:\/\/linitiative.ca\/International\/wp-json\/wp\/v2\/types\/post"}],"author":[{"embeddable":true,"href":"https:\/\/linitiative.ca\/International\/wp-json\/wp\/v2\/users\/1743"}],"replies":[{"embeddable":true,"href":"https:\/\/linitiative.ca\/International\/wp-json\/wp\/v2\/comments?post=74572"}],"version-history":[{"count":0,"href":"https:\/\/linitiative.ca\/International\/wp-json\/wp\/v2\/posts\/74572\/revisions"}],"wp:featuredmedia":[{"embeddable":true,"href":"https:\/\/linitiative.ca\/International\/wp-json\/"}],"wp:attachment":[{"href":"https:\/\/linitiative.ca\/International\/wp-json\/wp\/v2\/media?parent=74572"}],"wp:term":[{"taxonomy":"category","embeddable":true,"href":"https:\/\/linitiative.ca\/International\/wp-json\/wp\/v2\/categories?post=74572"},{"taxonomy":"post_tag","embeddable":true,"href":"https:\/\/linitiative.ca\/International\/wp-json\/wp\/v2\/tags?post=74572"}],"curies":[{"name":"wp","href":"https:\/\/api.w.org\/{rel}","templated":true}]}}