{"id":74574,"date":"2020-01-29T04:30:32","date_gmt":"2020-01-29T09:30:32","guid":{"rendered":"https:\/\/linitiative.ca\/International\/le-ministre-kamel-rezig-face-a-sa-premiere-problematique-la-crise-du-lait-et-la-mafia\/"},"modified":"2020-01-29T04:30:32","modified_gmt":"2020-01-29T09:30:32","slug":"le-ministre-kamel-rezig-face-a-sa-premiere-problematique-la-crise-du-lait-et-la-mafia","status":"publish","type":"post","link":"https:\/\/linitiative.ca\/International\/le-ministre-kamel-rezig-face-a-sa-premiere-problematique-la-crise-du-lait-et-la-mafia\/","title":{"rendered":"Le ministre Kamel Rezig face \u00e0 sa premi\u00e8re probl\u00e9matique :  La crise du lait et la \u00abmafia\u00bb"},"content":{"rendered":"<h4 class=\"title-14\"\/>\n<div class=\"featured_image\"><img loading=\"lazy\" decoding=\"async\" width=\"800\" height=\"600\" src=\"https:\/\/www.elwatan.com\/wp-content\/uploads\/2020\/01\/Lait-1-e1580256442415.jpg\" class=\"attachment-post-thumbnail size-post-thumbnail wp-post-image\" alt=\"\"\/><span class=\"featured-image-caption\">( Photo : elwatan\/archives )<\/span><\/div>\n<p>Le ministre du Commerce, Kamel Rezig, est pratiquement le seul membre de l\u2019Ex\u00e9cutif Djerad qui fait parler de lui, depuis sa prise de fonction le 4 janvier.<\/p>\n<p>Dans une d\u00e9claration tonitruante, et face \u00e0 la crise du lait qui risque de s\u2019aggraver dans les jours \u00e0 venir \u00e0 cause de la gr\u00e8ve des distributeurs, celui-ci a point\u00e9 du doigt, samedi dernier, \u00abla mafia du lait s\u2019est incrust\u00e9e dans le march\u00e9 de la distribution\u00bb, reprenant ainsi le vocable de \u00ab\u00eessaba\u00bb en vogue ces derniers temps.<\/p>\n<p>Pour le ministre, il n\u2019y a ni probl\u00e8me de production, encore moins d\u2019importation de poudre de lait ou tout autre probl\u00e8me li\u00e9 \u00e0 l\u2019approvisionnement. Il est question d\u2019une \u00abmafia\u00bb qui s\u2019est \u00abincrust\u00e9e dans le march\u00e9 de la distribution\u00bb.<\/p>\n<p>Une d\u00e9claration qui n\u2019a pas laiss\u00e9 indiff\u00e9rents les distributeurs qui ont commenc\u00e9 \u00e0 protester au niveau de certaines wilayas du pays. Ceux-l\u00e0 menacent m\u00eame de \u00abdurcir\u00bb le ton, si leurs dol\u00e9ances, li\u00e9es surtout \u00e0 la marge b\u00e9n\u00e9ficiaire, ne sont pas prises en compte.<\/p>\n<p>La crise du lait surgit cycliquement depuis plusieurs ann\u00e9es et aucun gouvernement n\u2019a r\u00e9ussi jusque-l\u00e0 \u00e0 asseoir une v\u00e9ritable organisation de la fili\u00e8re, c\u2019est l\u2019approche de ce ministre, qui, faut-il le pr\u00e9ciser, avait fait parler de lui bien avant sa nomination au sein de l\u2019Ex\u00e9cutif en raison de ses publications sur les r\u00e9seaux sociaux, qui sont sujettes \u00e0 pol\u00e9mique.<\/p>\n<p>Y a-t-il r\u00e9ellement une \u00abmafia du lait\u00bb, alors que les probl\u00e8mes, relatifs \u00e0 la marge b\u00e9n\u00e9ficiaire des diff\u00e9rents intervenants (de plus en plus d\u2019\u00e9piceries ne le distribuent plus, par exemple) et aux circuits de distribution, sont mis sur la table depuis des ann\u00e9es.<\/p>\n<p>La poudre de lait est-elle concr\u00e8tement d\u00e9tourn\u00e9e et en quelle proportion ? Ceci alors que l\u2019Etat d\u00e9tient le monopole de son importation \u2013 celle destin\u00e9e \u00e0 la production du lait en sachet \u2013 et par cons\u00e9quent sa distribution en direction des diff\u00e9rentes laiteries, sachant que les plus importants quotas reviennent au groupe public Giplait\u00a0?<\/p>\n<p>Autant de questions qui sont pos\u00e9es depuis des ann\u00e9es et auxquelles les diff\u00e9rents ministres qui se sont succ\u00e9d\u00e9 \u00e0 la t\u00eate de ce d\u00e9partement n\u2019ont pas encore trouv\u00e9 de r\u00e9ponse. Kamel Rezig s\u2019est-il pr\u00e9cipit\u00e9 en \u00e9voquant une \u00abmafia du lait\u00bb, en omettant de s\u2019exprimer sur les diff\u00e9rents aspects li\u00e9s \u00e0 la probl\u00e9matique ou a-t-il seulement voulu \u00eatre dans l\u2019air du temps\u00a0?<\/p>\n<p>En tout cas, beaucoup d\u2019Alg\u00e9riens se sont mis \u00e0 parodier cette suppos\u00e9e \u00abmafia\u00bb sur les r\u00e9seaux sociaux. Certains se sont photographi\u00e9s face au mur, les mains derri\u00e8re le dos, comme le font les services de s\u00e9curit\u00e9 lors des arrestations, avec des sachets de lait pr\u00e9sent\u00e9s sur une table, en objets saisis.<\/p>\n<p>D\u2019autres ont trafiqu\u00e9 la photo d\u2019un film, avec des maffieux tenant dans leurs mains, d\u2019un c\u00f4t\u00e9 une arme et de l\u2019autre un sachet de lait. Ceci pour dire que beaucoup d\u2019Alg\u00e9riens ne sont plus pr\u00eats \u00e0 reprendre un quelconque \u00abslogan\u00bb, m\u00eame s\u2019il concerne une probl\u00e9matique concr\u00e8te qui les touche directement.<\/p>\n<p>Face \u00e0 une telle situation, il aurait \u00e9t\u00e9 peut-\u00eatre pr\u00e9f\u00e9rable d\u2019\u00e9couter tous les intervenants afin de faire un diagnostic pr\u00e9cis, avant d\u2019\u00e9voquer l\u2019existence d\u2019une \u00abmafia du lait\u00bb, rendant encore plus illisible une situation qui perdure depuis des ann\u00e9es et jetant l\u2019opprobre sur des intervenants dont la culpabilit\u00e9 n\u2019est pas, pour l\u2019instant, av\u00e9r\u00e9e.<\/p>\n<p>Une analyse approfondie de la situation d\u00e9finirait justement le degr\u00e9 de responsabilit\u00e9 de chacun.<\/p>\n<p><span class=\"post-views-label\">Post Views:<\/span> <span class=\"post-views-count\">5\u00a0603<\/span><\/p>\n<p><br class=\"c2\"\/><\/p>\n<p>Auteur: Hicham Chouadria<br \/>\n<a href=\"https:\/\/www.elwatan.com\/a-la-une\/le-ministre-kamel-rezig-face-a-sa-premiere-problematique-la-crise-du-lait-et-la-mafia-29-01-2020\">Cliquez ici pour lire l&rsquo;article depuis sa source.<\/a><\/p>\n","protected":false},"excerpt":{"rendered":"<p>( Photo : elwatan\/archives ) Le ministre du Commerce, Kamel Rezig, est pratiquement le seul membre de l\u2019Ex\u00e9cutif Djerad qui fait parler de lui, depuis sa prise de fonction le 4 janvier. Dans une d\u00e9claration tonitruante, et face \u00e0 la crise du lait qui risque de s\u2019aggraver dans les jours \u00e0 venir \u00e0 cause de [&hellip;]<\/p>\n","protected":false},"author":1743,"featured_media":74575,"comment_status":"closed","ping_status":"closed","sticky":false,"template":"","format":"standard","meta":{"fifu_image_url":"","fifu_image_alt":"","footnotes":""},"categories":[73,53],"tags":[],"class_list":["post-74574","post","type-post","status-publish","format-standard","has-post-thumbnail","hentry","category-actualite","category-algerie"],"_links":{"self":[{"href":"https:\/\/linitiative.ca\/International\/wp-json\/wp\/v2\/posts\/74574","targetHints":{"allow":["GET"]}}],"collection":[{"href":"https:\/\/linitiative.ca\/International\/wp-json\/wp\/v2\/posts"}],"about":[{"href":"https:\/\/linitiative.ca\/International\/wp-json\/wp\/v2\/types\/post"}],"author":[{"embeddable":true,"href":"https:\/\/linitiative.ca\/International\/wp-json\/wp\/v2\/users\/1743"}],"replies":[{"embeddable":true,"href":"https:\/\/linitiative.ca\/International\/wp-json\/wp\/v2\/comments?post=74574"}],"version-history":[{"count":0,"href":"https:\/\/linitiative.ca\/International\/wp-json\/wp\/v2\/posts\/74574\/revisions"}],"wp:featuredmedia":[{"embeddable":true,"href":"https:\/\/linitiative.ca\/International\/wp-json\/"}],"wp:attachment":[{"href":"https:\/\/linitiative.ca\/International\/wp-json\/wp\/v2\/media?parent=74574"}],"wp:term":[{"taxonomy":"category","embeddable":true,"href":"https:\/\/linitiative.ca\/International\/wp-json\/wp\/v2\/categories?post=74574"},{"taxonomy":"post_tag","embeddable":true,"href":"https:\/\/linitiative.ca\/International\/wp-json\/wp\/v2\/tags?post=74574"}],"curies":[{"name":"wp","href":"https:\/\/api.w.org\/{rel}","templated":true}]}}